{"id":67771,"date":"2025-11-04T00:02:06","date_gmt":"2025-11-04T06:02:06","guid":{"rendered":"https:\/\/noticiasveracruz.com\/?p=67771"},"modified":"2025-11-03T19:14:31","modified_gmt":"2025-11-04T01:14:31","slug":"proponen-reforma-en-materia-de-catastro","status":"publish","type":"post","link":"https:\/\/noticiasveracruz.com\/index.php\/2025\/11\/04\/proponen-reforma-en-materia-de-catastro\/","title":{"rendered":"Proponen reforma en materia de catastro"},"content":{"rendered":"<p>Que al presentar ante el Congreso del Estado las propuestas de Tablas de Valores para su aprobaci\u00f3n, los ayuntamientos adjunten la opini\u00f3n t\u00e9cnica de la Direcci\u00f3n General de Catastro, es la propuesta que el diputado Paul Mart\u00ednez Marie dio a conocer ante el Pleno durante la Octava Sesi\u00f3n Ordinaria del segundo a\u00f1o de la LXVII Legislatura.<\/p>\n<p>Para tal efecto, el presidente de la Comisi\u00f3n Permanente de Hacienda Municipal y secretario de la Comisi\u00f3n Permanente de Desarrollo y Fortalecimiento Municipal plante\u00f3 actualizar las leyes estatales de Catastro y Org\u00e1nica del Municipio Libre, lo cual, -considera- permitir\u00e1 a las nuevas administraciones un trabajo guiado con la mencionada Direcci\u00f3n y evitar\u00e1 errores involuntarios en los trabajos.<\/p>\n<p>En la Iniciativa, su proponente se\u00f1ala que cuando el Congreso recibe las solicitudes, las verifica y remite a dicha dependencia estatal para que emita la opini\u00f3n t\u00e9cnica correspondiente y que, si dicha opini\u00f3n requiere alguna modificaci\u00f3n de alg\u00fan ayuntamiento, en este esquema, \u00e9ste queda en estado de indefensi\u00f3n.<\/p>\n<p>La Iniciativa de Decreto por el que se reforman los art\u00edculos 51 y 52 de la Ley de Catastro y el art\u00edculo 35 fracci\u00f3n IX de la Ley Org\u00e1nica del Municipio Libre, ambas del estado de Veracruz, fue turnada a las Comisiones Permanentes Unidas de Gobernaci\u00f3n y de Hacienda Municipal. Se adhirieron los grupos legislativos de Morena y del Partido Verde Ecologista de M\u00e9xico (PVEM) y el diputado Ram\u00f3n D\u00edaz \u00c1vila.<\/p>\n<p>As\u00ed, al cumplir la responsabilidad de presentar al Congreso las propuestas de Tablas de Valores, los ayuntamientos deber\u00e1n adjuntar la opini\u00f3n t\u00e9cnica de la Direcci\u00f3n General de Catastro del Gobierno del Estado, previamente solicitada.<\/p>\n","protected":false},"excerpt":{"rendered":"<p>Que al presentar ante el Congreso del Estado las propuestas de Tablas de Valores para su aprobaci\u00f3n, los ayuntamientos adjunten<\/p>\n","protected":false},"author":4,"featured_media":67772,"comment_status":"closed","ping_status":"closed","sticky":false,"template":"","format":"standard","meta":{"colormag_page_container_layout":"default_layout","colormag_page_sidebar_layout":"default_layout","_jetpack_memberships_contains_paid_content":false,"footnotes":"","jetpack_publicize_message":"","jetpack_publicize_feature_enabled":true,"jetpack_social_post_already_shared":true,"jetpack_social_options":{"image_generator_settings":{"template":"highway","default_image_id":0,"font":"","enabled":false},"version":2}},"categories":[356],"tags":[],"class_list":["post-67771","post","type-post","status-publish","format-standard","has-post-thumbnail","hentry","category-veracruz"],"jetpack_publicize_connections":[],"jetpack_featured_media_url":"https:\/\/noticiasveracruz.com\/wp-content\/uploads\/2025\/11\/CATY.jpg","jetpack_sharing_enabled":true,"publishpress_future_action":{"enabled":false,"date":"2026-05-01 22:41:31","action":"change-status","newStatus":"draft","terms":[],"taxonomy":"category","extraData":[]},"publishpress_future_workflow_manual_trigger":{"enabledWorkflows":[]},"_links":{"self":[{"href":"https:\/\/noticiasveracruz.com\/index.php\/wp-json\/wp\/v2\/posts\/67771","targetHints":{"allow":["GET"]}}],"collection":[{"href":"https:\/\/noticiasveracruz.com\/index.php\/wp-json\/wp\/v2\/posts"}],"about":[{"href":"https:\/\/noticiasveracruz.com\/index.php\/wp-json\/wp\/v2\/types\/post"}],"author":[{"embeddable":true,"href":"https:\/\/noticiasveracruz.com\/index.php\/wp-json\/wp\/v2\/users\/4"}],"replies":[{"embeddable":true,"href":"https:\/\/noticiasveracruz.com\/index.php\/wp-json\/wp\/v2\/comments?post=67771"}],"version-history":[{"count":0,"href":"https:\/\/noticiasveracruz.com\/index.php\/wp-json\/wp\/v2\/posts\/67771\/revisions"}],"wp:featuredmedia":[{"embeddable":true,"href":"https:\/\/noticiasveracruz.com\/index.php\/wp-json\/wp\/v2\/media\/67772"}],"wp:attachment":[{"href":"https:\/\/noticiasveracruz.com\/index.php\/wp-json\/wp\/v2\/media?parent=67771"}],"wp:term":[{"taxonomy":"category","embeddable":true,"href":"https:\/\/noticiasveracruz.com\/index.php\/wp-json\/wp\/v2\/categories?post=67771"},{"taxonomy":"post_tag","embeddable":true,"href":"https:\/\/noticiasveracruz.com\/index.php\/wp-json\/wp\/v2\/tags?post=67771"}],"curies":[{"name":"wp","href":"https:\/\/api.w.org\/{rel}","templated":true}]}}