{"id":67768,"date":"2025-11-04T00:01:23","date_gmt":"2025-11-04T06:01:23","guid":{"rendered":"https:\/\/noticiasveracruz.com\/?p=67768"},"modified":"2025-11-03T19:13:49","modified_gmt":"2025-11-04T01:13:49","slug":"coordina-sev-regreso-paulatino-a-clases-en-zonas-afectadas-por-lluvias","status":"publish","type":"post","link":"https:\/\/noticiasveracruz.com\/index.php\/2025\/11\/04\/coordina-sev-regreso-paulatino-a-clases-en-zonas-afectadas-por-lluvias\/","title":{"rendered":"Coordina SEV regreso paulatino a clases en zonas afectadas por lluvias"},"content":{"rendered":"<p>Tras la contingencia por inundaciones en municipios de la zona norte, la Secretar\u00eda de Educaci\u00f3n de Veracruz (SEV) informa que el regreso a clases se realizar\u00e1 de manera paulatina y coordinada a partir del lunes 03 del mes, para continuar el ciclo escolar y salvaguardar la integridad de la comunidad educativa.<\/p>\n<p>En las demarcaciones donde los planteles resultaron afectados, por lo que se ha instruido a los directivos de todos los niveles educativos a trabajar junto con las autoridades municipales para identificar y habilitar espacios alternos que permitan continuar las actividades acad\u00e9micas en condiciones seguras.<\/p>\n<p>De manera paralela, se prev\u00e9 la programaci\u00f3n de los trabajos de restauraci\u00f3n y rehabilitaci\u00f3n de los planteles con da\u00f1os estructurales, bajo la estrategia de la Secretar\u00eda de Educaci\u00f3n P\u00fablica.<\/p>\n<p>Asimismo, las escuelas en zonas ind\u00edgenas retornar\u00e1n a clases el martes 04, conforme a lo establecido en la Gaceta Oficial del 09 de noviembre de 2016, que concede los d\u00edas 31 de octubre, 1, 2 y 3 de noviembre para los pueblos originarios.<\/p>\n<p>La Secretar\u00eda exhorta a madres, padres y tutores, as\u00ed como al personal docente y directivo, a mantenerse atentos a las indicaciones oficiales que emitan las autoridades escolares respecto al proceso de reincorporaci\u00f3n.<\/p>\n","protected":false},"excerpt":{"rendered":"<p>Tras la contingencia por inundaciones en municipios de la zona norte, la Secretar\u00eda de Educaci\u00f3n de Veracruz (SEV) informa que<\/p>\n","protected":false},"author":4,"featured_media":67769,"comment_status":"closed","ping_status":"closed","sticky":false,"template":"","format":"standard","meta":{"colormag_page_container_layout":"default_layout","colormag_page_sidebar_layout":"default_layout","_jetpack_memberships_contains_paid_content":false,"footnotes":"","jetpack_publicize_message":"","jetpack_publicize_feature_enabled":true,"jetpack_social_post_already_shared":true,"jetpack_social_options":{"image_generator_settings":{"template":"highway","default_image_id":0,"font":"","enabled":false},"version":2}},"categories":[356],"tags":[],"class_list":["post-67768","post","type-post","status-publish","format-standard","has-post-thumbnail","hentry","category-veracruz"],"jetpack_publicize_connections":[],"jetpack_featured_media_url":"https:\/\/noticiasveracruz.com\/wp-content\/uploads\/2025\/11\/ESCU.jpg","jetpack_sharing_enabled":true,"publishpress_future_action":{"enabled":false,"date":"2026-05-02 00:18:06","action":"change-status","newStatus":"draft","terms":[],"taxonomy":"category","extraData":[]},"publishpress_future_workflow_manual_trigger":{"enabledWorkflows":[]},"_links":{"self":[{"href":"https:\/\/noticiasveracruz.com\/index.php\/wp-json\/wp\/v2\/posts\/67768","targetHints":{"allow":["GET"]}}],"collection":[{"href":"https:\/\/noticiasveracruz.com\/index.php\/wp-json\/wp\/v2\/posts"}],"about":[{"href":"https:\/\/noticiasveracruz.com\/index.php\/wp-json\/wp\/v2\/types\/post"}],"author":[{"embeddable":true,"href":"https:\/\/noticiasveracruz.com\/index.php\/wp-json\/wp\/v2\/users\/4"}],"replies":[{"embeddable":true,"href":"https:\/\/noticiasveracruz.com\/index.php\/wp-json\/wp\/v2\/comments?post=67768"}],"version-history":[{"count":0,"href":"https:\/\/noticiasveracruz.com\/index.php\/wp-json\/wp\/v2\/posts\/67768\/revisions"}],"wp:featuredmedia":[{"embeddable":true,"href":"https:\/\/noticiasveracruz.com\/index.php\/wp-json\/wp\/v2\/media\/67769"}],"wp:attachment":[{"href":"https:\/\/noticiasveracruz.com\/index.php\/wp-json\/wp\/v2\/media?parent=67768"}],"wp:term":[{"taxonomy":"category","embeddable":true,"href":"https:\/\/noticiasveracruz.com\/index.php\/wp-json\/wp\/v2\/categories?post=67768"},{"taxonomy":"post_tag","embeddable":true,"href":"https:\/\/noticiasveracruz.com\/index.php\/wp-json\/wp\/v2\/tags?post=67768"}],"curies":[{"name":"wp","href":"https:\/\/api.w.org\/{rel}","templated":true}]}}