{"id":6757,"date":"2022-08-03T07:51:58","date_gmt":"2022-08-03T12:51:58","guid":{"rendered":"https:\/\/noticiasveracruz.com\/?p=6757"},"modified":"2022-08-03T07:53:04","modified_gmt":"2022-08-03T12:53:04","slug":"inicia-el-curso-mis-vacaciones-en-la-biblioteca","status":"publish","type":"post","link":"https:\/\/noticiasveracruz.com\/index.php\/2022\/08\/03\/inicia-el-curso-mis-vacaciones-en-la-biblioteca\/","title":{"rendered":"Inicia en Tuxpan el curso \u201cMis vacaciones en la biblioteca\u201d"},"content":{"rendered":"<p>&nbsp;<\/p>\n<p class=\"p1\"><span style=\"font-size: 18pt;\"><strong>&lt;&lt; Se fomenta la lectura en ni\u00f1as y ni\u00f1os<span class=\"Apple-converted-space\"> &gt;&gt;<\/span><\/strong><\/span><\/p>\n<p>&nbsp;<\/p>\n<p class=\"p1\"><span style=\"font-size: 14pt;\"><em><strong>TUXPAN, Ver.<\/strong> <\/em><strong>Con el prop\u00f3sito de fomentar el h\u00e1bito de la lectura en las ni\u00f1as y ni\u00f1os tuxpe\u00f1os<\/strong>, de una forma recreativa y formativa, impuls\u00e1ndolos a acercarse a las bibliotecas p\u00fablicas en este periodo vacacional, <strong>inicia el curso \u201cMis Vacaciones en la Biblioteca\u201d.<\/strong><\/span><\/p>\n<p class=\"p1\"><span style=\"font-size: 14pt;\">En este programa que coordina el gobierno municipal, a trav\u00e9s de la Direcci\u00f3n de Museos y Bibliotecas, se llevar\u00e1n a cabo talleres para los diversos sectores de la poblaci\u00f3n. <\/span><\/p>\n<p class=\"p1\"><span style=\"font-size: 18pt;\"><strong>La inauguraci\u00f3n de este curso estuvo encabezada por el Prof. Jorge Arturo Garc\u00eda Robles, director de Educaci\u00f3n, en representaci\u00f3n del alcalde Jos\u00e9 Manuel Pozos Castro; los regidores Luis Demetrio L\u00f3pez Mar\u00edn, comisionado en Educaci\u00f3n, y Juan G\u00f3mez Garc\u00eda; as\u00ed como la Lic. Mar\u00eda de la Soledad Miquelajauregui Guzm\u00e1n, directora de Museos y Bibliotecas.<\/strong><\/span><\/p>\n<p><img loading=\"lazy\" decoding=\"async\" class=\"aligncenter wp-image-8558 size-large\" src=\"https:\/\/politicosaldesnudo.com.mx\/wp-content\/uploads\/2022\/08\/P-TUXPAN-VACACIONES-BIBLIOTECA1-1024x573.png\" alt=\"\" width=\"800\" height=\"448\" \/><\/p>\n<p>&nbsp;<\/p>\n<p class=\"p1\"><span style=\"font-size: 14pt;\">El Prof. Jorge Arturo Garc\u00eda Robles agradeci\u00f3 a los padres y madres de familia por preocuparse de que sus hijos en estas vacaciones tengan un sano esparcimiento, se cultiven, crezcan de manera intelectual y se diviertan en un entorno seguro y sano.<\/span><\/p>\n<p class=\"p1\"><span style=\"font-size: 18pt;\"><strong>Puntualiz\u00f3 que el taller \u201cMis Vacaciones en la Biblioteca\u201d ser\u00e1 de mucha relevancia y una gran aportaci\u00f3n para los peque\u00f1os, quienes son los protagonistas de esta actividad.<\/strong><\/span><\/p>\n<blockquote>\n<p class=\"p1\"><span style=\"font-size: 14pt;\">Nos sentimos contentos de contar con su presencia, nos llena de orgullo ver que ustedes se interesan por las actividades que se realizar\u00e1n, como el fomento a la lectura recreativa; esperamos que durante estas tres semanas aprendan mucho\u201d<\/span><\/p>\n<\/blockquote>\n<p class=\"p1\"><span style=\"font-size: 18pt;\"><strong>Destac\u00f3 la labor del personal de Museos y Bibliotecas, quienes est\u00e1n comprometidos con la educaci\u00f3n y el bienestar de la infancia de Tuxpan.<\/strong><\/span><\/p>\n<p><img loading=\"lazy\" decoding=\"async\" class=\"aligncenter wp-image-8561 size-large\" src=\"https:\/\/politicosaldesnudo.com.mx\/wp-content\/uploads\/2022\/08\/P-TUXPAN-VACACIONES-BIBLIOTECA4-1024x573.png\" alt=\"\" width=\"800\" height=\"448\" \/><\/p>\n<p>&nbsp;<\/p>\n<p class=\"p1\"><span style=\"font-size: 14pt;\">Por su parte, la Lic. Mar\u00eda de la Soledad Miquelajauregui invit\u00f3 a las ni\u00f1as y ni\u00f1os a disfrutar cada una de las actividades que se tienen programadas.<\/span><\/p>\n<p class=\"p1\"><span style=\"font-size: 18pt;\"><strong>Este curso se realizar\u00e1 durante las primeras 3 semanas de agosto, los d\u00edas martes, mi\u00e9rcoles y jueves en las bibliotecas Prof. \u00c1ngel Saqu\u00ed del \u00c1ngel y en Santiago de la Pe\u00f1a, para ni\u00f1os de 4 a 11 a\u00f1os de edad.<\/strong><\/span><\/p>\n<p class=\"p1\"><span style=\"font-size: 14pt;\">Tambi\u00e9n habr\u00e1 un espacio dedicado a los adultos mayores, en el que podr\u00e1n participar en diversos talleres.\u00a0<\/span><\/p>\n<p class=\"p1\"><span style=\"font-size: 14pt;\">En la inauguraci\u00f3n tambi\u00e9n estuvieron presentes el Lic. Jorge Armando Huesca Ovando, secretario del Ayuntamiento; Ing. Roberto Avida Moreno, Oficial Mayor y el Lic. Mart\u00edn Guevara, Contralor Municipal.<\/span><\/p>\n<p><img loading=\"lazy\" decoding=\"async\" class=\"aligncenter wp-image-8560 size-large\" src=\"https:\/\/politicosaldesnudo.com.mx\/wp-content\/uploads\/2022\/08\/P-TUXPAN-VACACIONES-BIBLIOTECA3-1024x573.png\" alt=\"\" width=\"800\" height=\"448\" \/><\/p>\n<p>&nbsp;<\/p>\n<p>&nbsp;<\/p>\n<p>&nbsp;<\/p>\n<p>&nbsp;<\/p>\n<p>&nbsp;<\/p>\n","protected":false},"excerpt":{"rendered":"<p>&nbsp; &lt;&lt; Se fomenta la lectura en ni\u00f1as y ni\u00f1os &gt;&gt; &nbsp; TUXPAN, Ver. Con el prop\u00f3sito de fomentar el<\/p>\n","protected":false},"author":4,"featured_media":6758,"comment_status":"closed","ping_status":"closed","sticky":false,"template":"","format":"standard","meta":{"colormag_page_container_layout":"default_layout","colormag_page_sidebar_layout":"default_layout","_jetpack_memberships_contains_paid_content":false,"footnotes":"","jetpack_publicize_message":"","jetpack_publicize_feature_enabled":true,"jetpack_social_post_already_shared":false,"jetpack_social_options":{"image_generator_settings":{"template":"highway","default_image_id":0,"font":"","enabled":false},"version":2}},"categories":[356],"tags":[1190,72,386,73],"class_list":["post-6757","post","type-post","status-publish","format-standard","has-post-thumbnail","hentry","category-veracruz","tag-biblioteca","tag-tuxpan","tag-vacaciones","tag-veracruz"],"jetpack_publicize_connections":[],"jetpack_featured_media_url":"https:\/\/noticiasveracruz.com\/wp-content\/uploads\/2022\/08\/P-TUXPAN-VACACIONES-BIBLIOTECA2.png","jetpack_sharing_enabled":true,"publishpress_future_action":{"enabled":false,"date":"2026-05-08 18:15:37","action":"change-status","newStatus":"draft","terms":[],"taxonomy":"category","extraData":[]},"publishpress_future_workflow_manual_trigger":{"enabledWorkflows":[]},"_links":{"self":[{"href":"https:\/\/noticiasveracruz.com\/index.php\/wp-json\/wp\/v2\/posts\/6757","targetHints":{"allow":["GET"]}}],"collection":[{"href":"https:\/\/noticiasveracruz.com\/index.php\/wp-json\/wp\/v2\/posts"}],"about":[{"href":"https:\/\/noticiasveracruz.com\/index.php\/wp-json\/wp\/v2\/types\/post"}],"author":[{"embeddable":true,"href":"https:\/\/noticiasveracruz.com\/index.php\/wp-json\/wp\/v2\/users\/4"}],"replies":[{"embeddable":true,"href":"https:\/\/noticiasveracruz.com\/index.php\/wp-json\/wp\/v2\/comments?post=6757"}],"version-history":[{"count":0,"href":"https:\/\/noticiasveracruz.com\/index.php\/wp-json\/wp\/v2\/posts\/6757\/revisions"}],"wp:featuredmedia":[{"embeddable":true,"href":"https:\/\/noticiasveracruz.com\/index.php\/wp-json\/wp\/v2\/media\/6758"}],"wp:attachment":[{"href":"https:\/\/noticiasveracruz.com\/index.php\/wp-json\/wp\/v2\/media?parent=6757"}],"wp:term":[{"taxonomy":"category","embeddable":true,"href":"https:\/\/noticiasveracruz.com\/index.php\/wp-json\/wp\/v2\/categories?post=6757"},{"taxonomy":"post_tag","embeddable":true,"href":"https:\/\/noticiasveracruz.com\/index.php\/wp-json\/wp\/v2\/tags?post=6757"}],"curies":[{"name":"wp","href":"https:\/\/api.w.org\/{rel}","templated":true}]}}