{"id":6743,"date":"2022-08-02T08:00:50","date_gmt":"2022-08-02T13:00:50","guid":{"rendered":"https:\/\/noticiasveracruz.com\/?p=6743"},"modified":"2022-08-02T09:01:08","modified_gmt":"2022-08-02T14:01:08","slug":"asesina-eu-a-ayman-al-zawahri-biden-su-muerte-dara-cierre-a-victimas-del-11-09","status":"publish","type":"post","link":"https:\/\/noticiasveracruz.com\/index.php\/2022\/08\/02\/asesina-eu-a-ayman-al-zawahri-biden-su-muerte-dara-cierre-a-victimas-del-11-09\/","title":{"rendered":"Asesina EU a Ayman al-Zawahri, Biden: su muerte dar\u00e1 cierre a v\u00edctimas del 11\/09"},"content":{"rendered":"<p>&nbsp;<\/p>\n<p class=\"p1\"><span style=\"font-size: 14pt;\"><em><strong>WASHINGTON, EU.<\/strong> <\/em>El presidente <strong>Joe Biden<\/strong> anunci\u00f3 que el l\u00edder de<strong> Al Qaeda, Ayman al-Zawahri<\/strong>, <strong>muri\u00f3 en un ataque con aviones no tripulados estadounidenses en Kabul<\/strong>, una operaci\u00f3n que, seg\u00fan dijo, brind\u00f3 justicia y, con suerte, \u201cuna medida m\u00e1s de cierre\u201d para las familias de las v\u00edctimas de los ataques del 11 de septiembre de 2001 contra los Estados Unidos.<\/span><\/p>\n<p class=\"p1\"><span style=\"font-size: 18pt;\"><strong>El presidente dijo en un discurso vespertino desde la Casa Blanca que funcionarios de inteligencia estadounidenses rastrearon a al-Zawahri hasta una casa en el centro de Kabul donde se escond\u00eda con su familia.\u00a0El presidente aprob\u00f3 la operaci\u00f3n la semana pasada y se llev\u00f3 a cabo el domingo.<\/strong><\/span><\/p>\n<p><img loading=\"lazy\" decoding=\"async\" class=\"aligncenter wp-image-8539 size-large\" src=\"https:\/\/politicosaldesnudo.com.mx\/wp-content\/uploads\/2022\/08\/P-TALIBA\u0301N1-1024x573.png\" alt=\"\" width=\"800\" height=\"448\" \/><\/p>\n<p>&nbsp;<\/p>\n<p class=\"p1\"><span style=\"font-size: 18pt;\"><strong>Al-Zawahri y el m\u00e1s conocido Osama bin Laden planearon los ataques del 11 de septiembre que dieron a muchos estadounidenses comunes su primer conocimiento de al-Qaeda. Bin Laden fue asesinado en Pakist\u00e1n el 2 de mayo de 2011, en una operaci\u00f3n llevada a cabo por los SEAL de la Marina de los EU despu\u00e9s de una cacer\u00eda de casi una d\u00e9cada.<\/strong><\/span><\/p>\n<p>&nbsp;<\/p>\n<p><img loading=\"lazy\" decoding=\"async\" class=\"aligncenter wp-image-8541 size-large\" src=\"https:\/\/politicosaldesnudo.com.mx\/wp-content\/uploads\/2022\/08\/P-TALIBA\u0301N3-1024x573.png\" alt=\"\" width=\"800\" height=\"448\" \/><\/p>\n<p>&nbsp;<\/p>\n<p class=\"p1\"><span style=\"font-size: 18pt;\"><strong>En cuanto a Al-Zawahri, Biden dijo:<span style=\"color: #d42d33;\"> \u201cNunca m\u00e1s, nunca m\u00e1s, permitir\u00e1 que Afganist\u00e1n se convierta en un refugio seguro para terroristas porque se ha ido y nos aseguraremos de que no suceda nada m\u00e1s\u201d. \u201cEste l\u00edder terrorista ya no existe\u201d.<\/span><\/strong><\/span><\/p>\n<p class=\"p1\"><span style=\"font-size: 18pt;\"><strong>La operaci\u00f3n es una importante victoria antiterrorista para la administraci\u00f3n Biden solo 11 meses despu\u00e9s de que las tropas estadounidenses abandonaran el pa\u00eds despu\u00e9s de una guerra de dos d\u00e9cadas.<\/strong><\/span><\/p>\n<p class=\"p1\"><span style=\"font-size: 14pt;\">El ataque fue realizado por la CIA, seg\u00fan cinco personas familiarizadas con el asunto que hablaron bajo condici\u00f3n de anonimato.\u00a0Ni Biden ni la Casa Blanca detallaron la participaci\u00f3n de la CIA en el ataque.<\/span><\/p>\n<p class=\"p1\"><span style=\"font-size: 14pt;\">Biden, sin embargo, rindi\u00f3 homenaje a la comunidad de inteligencia de EU en sus comentarios y se\u00f1al\u00f3 que \u201cgracias a su extraordinaria persistencia y habilidad\u201d la operaci\u00f3n fue un \u00e9xito.<\/span><\/p>\n<p class=\"p1\"><span style=\"font-size: 14pt;\">La muerte de Al-Zawahri elimina a la figura que m\u00e1s que nadie dio forma a Al Qaeda, primero como lugarteniente de bin Laden desde 1998, luego como su sucesor.\u00a0Juntos, \u00e9l y bin Laden dirigieron las armas del movimiento yihadista hacia los Estados Unidos, llevando a cabo el ataque m\u00e1s mort\u00edfero en suelo estadounidense: los secuestros suicidas del 11 de septiembre.<\/span><\/p>\n<p class=\"p1\"><span style=\"font-size: 18pt;\"><strong>La casa en la que se encontraba Al-Zawahri cuando fue asesinado era propiedad de un alto asesor del alto l\u00edder talib\u00e1n Sirajuddin Haqqani, seg\u00fan un alto funcionario de inteligencia.\u00a0El funcionario tambi\u00e9n agreg\u00f3 que un equipo terrestre de la CIA y un reconocimiento a\u00e9reo realizado despu\u00e9s del ataque con drones confirmaron la muerte de al-Zawahri.<\/strong><\/span><\/p>\n<p>&nbsp;<\/p>\n<p>&nbsp;<\/p>\n<p>&nbsp;<\/p>\n","protected":false},"excerpt":{"rendered":"<p>&nbsp; WASHINGTON, EU. El presidente Joe Biden anunci\u00f3 que el l\u00edder de Al Qaeda, Ayman al-Zawahri, muri\u00f3 en un ataque<\/p>\n","protected":false},"author":4,"featured_media":6744,"comment_status":"closed","ping_status":"closed","sticky":false,"template":"","format":"standard","meta":{"colormag_page_container_layout":"default_layout","colormag_page_sidebar_layout":"default_layout","_jetpack_memberships_contains_paid_content":false,"footnotes":"","jetpack_publicize_message":"","jetpack_publicize_feature_enabled":true,"jetpack_social_post_already_shared":false,"jetpack_social_options":{"image_generator_settings":{"template":"highway","default_image_id":0,"font":"","enabled":false},"version":2}},"categories":[355],"tags":[938,1188,92,19,1189],"class_list":["post-6743","post","type-post","status-publish","format-standard","has-post-thumbnail","hentry","category-internacional","tag-afganistan","tag-ayman-al-zawahri","tag-estados-unidos","tag-joe-biden","tag-taliban"],"jetpack_publicize_connections":[],"jetpack_featured_media_url":"https:\/\/noticiasveracruz.com\/wp-content\/uploads\/2022\/08\/P-TALIBA\u0301N2.png","jetpack_sharing_enabled":true,"publishpress_future_action":{"enabled":false,"date":"2026-05-08 12:57:12","action":"change-status","newStatus":"draft","terms":[],"taxonomy":"category","extraData":[]},"publishpress_future_workflow_manual_trigger":{"enabledWorkflows":[]},"_links":{"self":[{"href":"https:\/\/noticiasveracruz.com\/index.php\/wp-json\/wp\/v2\/posts\/6743","targetHints":{"allow":["GET"]}}],"collection":[{"href":"https:\/\/noticiasveracruz.com\/index.php\/wp-json\/wp\/v2\/posts"}],"about":[{"href":"https:\/\/noticiasveracruz.com\/index.php\/wp-json\/wp\/v2\/types\/post"}],"author":[{"embeddable":true,"href":"https:\/\/noticiasveracruz.com\/index.php\/wp-json\/wp\/v2\/users\/4"}],"replies":[{"embeddable":true,"href":"https:\/\/noticiasveracruz.com\/index.php\/wp-json\/wp\/v2\/comments?post=6743"}],"version-history":[{"count":0,"href":"https:\/\/noticiasveracruz.com\/index.php\/wp-json\/wp\/v2\/posts\/6743\/revisions"}],"wp:featuredmedia":[{"embeddable":true,"href":"https:\/\/noticiasveracruz.com\/index.php\/wp-json\/wp\/v2\/media\/6744"}],"wp:attachment":[{"href":"https:\/\/noticiasveracruz.com\/index.php\/wp-json\/wp\/v2\/media?parent=6743"}],"wp:term":[{"taxonomy":"category","embeddable":true,"href":"https:\/\/noticiasveracruz.com\/index.php\/wp-json\/wp\/v2\/categories?post=6743"},{"taxonomy":"post_tag","embeddable":true,"href":"https:\/\/noticiasveracruz.com\/index.php\/wp-json\/wp\/v2\/tags?post=6743"}],"curies":[{"name":"wp","href":"https:\/\/api.w.org\/{rel}","templated":true}]}}