{"id":6740,"date":"2022-08-02T08:24:14","date_gmt":"2022-08-02T13:24:14","guid":{"rendered":"https:\/\/noticiasveracruz.com\/?p=6740"},"modified":"2022-08-02T08:24:14","modified_gmt":"2022-08-02T13:24:14","slug":"onu-humanidad-esta-un-solo-error-de-la-aniquilacion-nuclear","status":"publish","type":"post","link":"https:\/\/noticiasveracruz.com\/index.php\/2022\/08\/02\/onu-humanidad-esta-un-solo-error-de-la-aniquilacion-nuclear\/","title":{"rendered":"ONU: Humanidad est\u00e1 un solo error de la aniquilaci\u00f3n nuclear"},"content":{"rendered":"<p>&nbsp;<\/p>\n<p class=\"p1\"><span style=\"font-size: 14pt;\"><em><strong>NUEVA YORK, EU.<\/strong> <\/em>El secretario general de la Organizaci\u00f3n de Naciones Unidas (ONU), <strong>Antonio Guterres<\/strong>, advirti\u00f3 que <strong>la humanidad est\u00e1 al borde de una cat\u00e1strofe nuclear<\/strong> y se enfrenta actualmente a un nivel de peligrosidad que no se ve\u00eda desde los momentos m\u00e1s cr\u00edticos de la\u00a0guerra fr\u00eda.<\/span><\/p>\n<p class=\"p1\"><span style=\"font-size: 18pt;\"><strong><span style=\"color: #d42d33;\">\u201dHoy, la humanidad est\u00e1 a un malentendido, a un solo error de c\u00e1lculo de la aniquilaci\u00f3n nuclear\u201d<\/span>, alert\u00f3 en la d\u00e9cima Conferencia de Revisi\u00f3n del Tratado de No Proliferaci\u00f3n de Armas Nucleares (TNP), de los 191 pa\u00edses firmantes.<\/strong><\/span><\/p>\n<blockquote>\n<p class=\"p1\">Hemos tenido una suerte extraordinaria hasta ahora. Pero la suerte no es una estrategia ni un escudo para impedir que las tensiones geopol\u00edticas degeneren en conflicto nuclear\u201d, a\u00f1adi\u00f3.<\/p>\n<\/blockquote>\n<p class=\"p1\"><span style=\"font-size: 18pt;\"><strong>Tras destacar los conflictos desde Medio Oriente a la pen\u00ednsula de Corea y la invasi\u00f3n rusa a Ucrania, llam\u00f3 a que el mundo<span style=\"color: #d42d33;\"> \u201cse deshaga de sus armas nucleares\u201d<\/span>, ya que es la <span style=\"color: #d42d33;\">\u201c\u00fanica garant\u00eda de que nunca se utilizar\u00e1n\u201d<\/span>.<\/strong><\/span><\/p>\n<p class=\"p1\"><span style=\"font-size: 14pt;\">En v\u00edsperas del aniversario del lanzamiento de Estados Unidos de las bombas nucleares en las ciudades japonesas de Hiroshima y Nagasaki, Guterres asever\u00f3 que la humanidad est\u00e1 \u201colvidando las lecciones de aquellos terror\u00edficos fuegos\u201d.<\/span><\/p>\n<p><img loading=\"lazy\" decoding=\"async\" class=\"aligncenter wp-image-8536 size-large\" src=\"https:\/\/politicosaldesnudo.com.mx\/wp-content\/uploads\/2022\/08\/P-ARMANUCLEAR-ONU2-1024x573.png\" alt=\"\" width=\"800\" height=\"448\" \/><\/p>\n<p>&nbsp;<\/p>\n<p class=\"p1\"><span style=\"font-size: 18pt;\"><strong>Con <span style=\"color: #d42d33;\">\u201c13 mil armas nucleares\u201d<\/span> en los arsenales, hasta ahora el mundo ha evitado<span style=\"color: #d42d33;\"> \u201cel error suicida de un conflicto nuclear\u201d<\/span> gracias a una \u201ccombinaci\u00f3n de compromiso, juicio y suerte\u201d, pero eso puede cambiar, advirti\u00f3 Antonio Guterres.<\/strong><\/span><\/p>\n<p class=\"p1\"><span style=\"font-size: 14pt;\">En una carta enviada al encuentro, el presidente ruso, Vladimir Putin, asegur\u00f3 que en una guerra nuclear no \u201cpuede haber ganadores\u201d y \u201cnunca debe desencadenarse\u201d, antes de asegurar que Rusia se mantiene fiel a la \u201cletra y el esp\u00edritu\u201d del TNP y sigue comprometida a cumplir con todas sus obligaciones.<\/span><\/p>\n<p class=\"p1\"><span style=\"font-size: 18pt;\"><strong>En enero, los pa\u00edses l\u00edderes del TNP \u2013Estados Unidos, China, Francia, Rusia y Gran Breta\u00f1a\u2013 recordaron esta misma advertencia, pero ayer s\u00f3lo Estados Unidos, Gran Breta\u00f1a y Francia reiteraron su compromiso en una declaraci\u00f3n conjunta. Las tres potencias nucleares tambi\u00e9n se\u00f1alaron a Rusia, pa\u00eds al que pidieron respetar sus compromisos nucleares.<\/strong><\/span><\/p>\n<blockquote>\n<p class=\"p1\"><span style=\"font-size: 14pt;\">Tras la agresi\u00f3n no provocada e ilegal contra Ucrania, instamos a Rusia a cesar su ret\u00f3rica nuclear y su actitud irresponsable y peligrosa\u201d, agregaron.<\/span><\/p>\n<\/blockquote>\n<p class=\"p1\"><span style=\"font-size: 14pt;\">\u201cVolver al acuerdo es el mejor resultado para Estados Unidos, Ir\u00e1n y el mundo\u201d, asever\u00f3 el presidente Joe Biden, quien tambi\u00e9n inst\u00f3 a Rusia y China a entablar conversaciones sobre el control de armas nucleares afirmando que especialmente Mosc\u00fa tiene esa responsabilidad desde su invasi\u00f3n a Ucrania.<\/span><\/p>\n<p class=\"p1\"><span style=\"font-size: 18pt;\"><strong>Adem\u00e1s, <span style=\"font-size: 14pt;\">Antonio Guterres <\/span>reiter\u00f3 que su administraci\u00f3n est\u00e1 lista para <span style=\"color: #d42d33;\">\u201cnegociar r\u00e1pidamente\u201d <\/span>un sustituto del Nuevo Start, el tratado que pone l\u00edmite a las fuerzas nucleares intercontinentales en Estados Unidos y Rusia, que expira en 2026.<\/strong><\/span><\/p>\n<p class=\"p1\"><span style=\"font-size: 14pt;\">El jefe de la diplomacia estadounidense, Antony Blinken, adem\u00e1s de Rusia, se mostr\u00f3 preocupado por la carrera armamentista de Corea del Norte, que est\u00e1 preparando \u201csu s\u00e9ptimo ensayo nuclear\u201d, as\u00ed como Ir\u00e1n, que sigue escalando en el tema.<\/span><\/p>\n<p class=\"p1\"><strong><span style=\"font-size: 18pt;\">El Papa, en su cuenta de Twitter, volvi\u00f3 a calificar de \u201cinmoral\u201d el uso y posesi\u00f3n de armas nucleares.<\/span><\/strong><\/p>\n<p>&nbsp;<\/p>\n<p>&nbsp;<\/p>\n<p>&nbsp;<\/p>\n","protected":false},"excerpt":{"rendered":"<p>&nbsp; NUEVA YORK, EU. El secretario general de la Organizaci\u00f3n de Naciones Unidas (ONU), Antonio Guterres, advirti\u00f3 que la humanidad<\/p>\n","protected":false},"author":4,"featured_media":6741,"comment_status":"closed","ping_status":"closed","sticky":false,"template":"","format":"standard","meta":{"colormag_page_container_layout":"default_layout","colormag_page_sidebar_layout":"default_layout","_jetpack_memberships_contains_paid_content":false,"footnotes":"","jetpack_publicize_message":"","jetpack_publicize_feature_enabled":true,"jetpack_social_post_already_shared":false,"jetpack_social_options":{"image_generator_settings":{"template":"highway","default_image_id":0,"font":"","enabled":false},"version":2}},"categories":[355],"tags":[1187,1173,614],"class_list":["post-6740","post","type-post","status-publish","format-standard","has-post-thumbnail","hentry","category-internacional","tag-antonio-guterres","tag-arma-nuclear","tag-onu"],"jetpack_publicize_connections":[],"jetpack_featured_media_url":"https:\/\/noticiasveracruz.com\/wp-content\/uploads\/2022\/08\/P-ARMANUCLEAR-ONU1.png","jetpack_sharing_enabled":true,"publishpress_future_action":{"enabled":false,"date":"2026-05-08 12:57:18","action":"change-status","newStatus":"draft","terms":[],"taxonomy":"category","extraData":[]},"publishpress_future_workflow_manual_trigger":{"enabledWorkflows":[]},"_links":{"self":[{"href":"https:\/\/noticiasveracruz.com\/index.php\/wp-json\/wp\/v2\/posts\/6740","targetHints":{"allow":["GET"]}}],"collection":[{"href":"https:\/\/noticiasveracruz.com\/index.php\/wp-json\/wp\/v2\/posts"}],"about":[{"href":"https:\/\/noticiasveracruz.com\/index.php\/wp-json\/wp\/v2\/types\/post"}],"author":[{"embeddable":true,"href":"https:\/\/noticiasveracruz.com\/index.php\/wp-json\/wp\/v2\/users\/4"}],"replies":[{"embeddable":true,"href":"https:\/\/noticiasveracruz.com\/index.php\/wp-json\/wp\/v2\/comments?post=6740"}],"version-history":[{"count":0,"href":"https:\/\/noticiasveracruz.com\/index.php\/wp-json\/wp\/v2\/posts\/6740\/revisions"}],"wp:featuredmedia":[{"embeddable":true,"href":"https:\/\/noticiasveracruz.com\/index.php\/wp-json\/wp\/v2\/media\/6741"}],"wp:attachment":[{"href":"https:\/\/noticiasveracruz.com\/index.php\/wp-json\/wp\/v2\/media?parent=6740"}],"wp:term":[{"taxonomy":"category","embeddable":true,"href":"https:\/\/noticiasveracruz.com\/index.php\/wp-json\/wp\/v2\/categories?post=6740"},{"taxonomy":"post_tag","embeddable":true,"href":"https:\/\/noticiasveracruz.com\/index.php\/wp-json\/wp\/v2\/tags?post=6740"}],"curies":[{"name":"wp","href":"https:\/\/api.w.org\/{rel}","templated":true}]}}