{"id":6737,"date":"2022-08-02T08:14:54","date_gmt":"2022-08-02T13:14:54","guid":{"rendered":"https:\/\/noticiasveracruz.com\/?p=6737"},"modified":"2022-08-02T08:14:54","modified_gmt":"2022-08-02T13:14:54","slug":"tribunal-revoca-suspension-de-alito-layda-sansores-podra-difundir-mas-audios","status":"publish","type":"post","link":"https:\/\/noticiasveracruz.com\/index.php\/2022\/08\/02\/tribunal-revoca-suspension-de-alito-layda-sansores-podra-difundir-mas-audios\/","title":{"rendered":"Tribunal revoca suspensi\u00f3n de Alito, Layda Sansores podr\u00e1 difundir m\u00e1s audios"},"content":{"rendered":"<p class=\"p1\">\n<p class=\"p1\"><span style=\"font-size: 14pt;\"><em><strong>MONTERREY, N.L.<\/strong> <\/em>La gobernadora de Campeche,\u00a0<strong>Layda Sansores San Rom\u00e1n<\/strong>,\u00a0<strong>podr\u00e1 continuar con la difusi\u00f3n de audios que exhiben a Alejandro Moreno<\/strong>, presidente del PRI, luego de que se revocaran la suspensi\u00f3n que evitaba realizar esta actividad.<\/span><\/p>\n<p class=\"p1\"><span style=\"font-size: 18pt;\"><strong><span style=\"color: #d42d33;\">Los magistrados resolvieron<\/span> que el <span style=\"color: #d42d33;\">Juzgado Primero de Distrito con residencia en Nuevo Le\u00f3n, actu\u00f3 de manera incorrecta<\/span> al conceder la medida cautelar al priista cuando ya se hab\u00eda declarado incompetente para conocer el asunto.<\/strong><\/span><\/p>\n<p class=\"p1\"><span style=\"font-size: 18pt;\"><strong>Argumentaron que el juez de distrito carec\u00eda de competencia legal para emitir el auto impugnado, en los t\u00e9rminos del numeral 42 de la Ley de Amparo, debido a que ya hab\u00eda declinado competencia legal para conocer del asunto y no pod\u00eda pronunciarse sobre ese t\u00f3pico hasta en tanto el juzgado residente en Campeche le informara si aceptaba o no la competencia.<\/strong><\/span><\/p>\n<blockquote>\n<p class=\"p1\"><span style=\"font-size: 14pt;\">El Juez Primero de Distrito en Materia Penal en el estado de Nuevo Le\u00f3n carec\u00eda de competencia legal para emitir el auto impugnado, en los t\u00e9rminos del numeral 42 de la Ley de Amparo, pues ya se hab\u00eda declinado competencia legal para conocer del asunto, y si bien en la ampliaci\u00f3n de demanda estaban se\u00f1alados actos de los prohibidos por el art\u00edculo 22 Constitucional, lo cierto es que el Secretario encargado del despacho ya se hab\u00eda ocupado de la suspensi\u00f3n de plano, as\u00ed como de los actos futuros de naturaleza inminente acorde con lo peticionado en el escrito inicial de demanda\u201d<\/span><\/p>\n<\/blockquote>\n<p>&nbsp;<\/p>\n<blockquote>\n<p class=\"p1\"><span style=\"font-size: 14pt;\">Lo anterior, agregaron los magistrados del colegiado, jur\u00eddicamente no fue correcto que el Juez de Amparo admitiera la ampliaci\u00f3n de la demanda, puesto que ya se hab\u00eda declinado a la competencia y, por ello, no pod\u00eda pronunciarse sobre ese t\u00f3pico hasta en tanto el Juzgado residente en Campeche le informara si la acepta o no, quien en todo caso estar\u00eda obligada a proveer sobre la ampliaci\u00f3n de la demanda y la suspensi\u00f3n del acto\u201d se\u00f1ala el expediente<\/span><\/p>\n<\/blockquote>\n<p>&nbsp;<\/p>\n<p class=\"p1\"><span style=\"font-size: 18pt;\"><strong>Por ello, el colegiado declar\u00f3 fundado el recurso de queja que interpuso Layda Sansores y anul\u00f3 la suspensi\u00f3n de plano decretada por el Juez Primero de Distrito en Materia Penal del estado de Nuevo Le\u00f3n.<\/strong><\/span><\/p>\n<p class=\"p1\"><span style=\"font-size: 18pt;\"><strong>Al respecto,<span style=\"color: #d42d33;\"> el Juzgado Segundo de Distrito en el Estado de Campeche se declar\u00f3 incompetente para conocer la demanda de amparo <\/span>que promovi\u00f3 el dirigente nacional del PRI,<span style=\"color: #d42d33;\"> Alejandro Moreno contra de una posible orden de aprehensi\u00f3n en su contra<\/span>, as\u00ed como para impedir que la gobernadora Layda Sansores realice declaraciones, manifestaciones y comentarios en su contra \u201cpublicados y difundidos en redes sociales\u201d.<\/strong><\/span><\/p>\n<p>&nbsp;<\/p>\n<p>&nbsp;<\/p>\n","protected":false},"excerpt":{"rendered":"<p>MONTERREY, N.L. La gobernadora de Campeche,\u00a0Layda Sansores San Rom\u00e1n,\u00a0podr\u00e1 continuar con la difusi\u00f3n de audios que exhiben a Alejandro Moreno,<\/p>\n","protected":false},"author":4,"featured_media":6738,"comment_status":"closed","ping_status":"closed","sticky":false,"template":"","format":"standard","meta":{"colormag_page_container_layout":"default_layout","colormag_page_sidebar_layout":"default_layout","_jetpack_memberships_contains_paid_content":false,"footnotes":"","jetpack_publicize_message":"","jetpack_publicize_feature_enabled":true,"jetpack_social_post_already_shared":false,"jetpack_social_options":{"image_generator_settings":{"template":"highway","default_image_id":0,"font":"","enabled":false},"version":2}},"categories":[145],"tags":[380,684,194],"class_list":["post-6737","post","type-post","status-publish","format-standard","has-post-thumbnail","hentry","category-estados","tag-alejandro-moreno","tag-layda-sansores","tag-pri"],"jetpack_publicize_connections":[],"jetpack_featured_media_url":"https:\/\/noticiasveracruz.com\/wp-content\/uploads\/2022\/08\/P-LAYDA-ALITO.png","jetpack_sharing_enabled":true,"publishpress_future_action":{"enabled":false,"date":"2026-05-08 12:03:14","action":"change-status","newStatus":"draft","terms":[],"taxonomy":"category","extraData":[]},"publishpress_future_workflow_manual_trigger":{"enabledWorkflows":[]},"_links":{"self":[{"href":"https:\/\/noticiasveracruz.com\/index.php\/wp-json\/wp\/v2\/posts\/6737","targetHints":{"allow":["GET"]}}],"collection":[{"href":"https:\/\/noticiasveracruz.com\/index.php\/wp-json\/wp\/v2\/posts"}],"about":[{"href":"https:\/\/noticiasveracruz.com\/index.php\/wp-json\/wp\/v2\/types\/post"}],"author":[{"embeddable":true,"href":"https:\/\/noticiasveracruz.com\/index.php\/wp-json\/wp\/v2\/users\/4"}],"replies":[{"embeddable":true,"href":"https:\/\/noticiasveracruz.com\/index.php\/wp-json\/wp\/v2\/comments?post=6737"}],"version-history":[{"count":0,"href":"https:\/\/noticiasveracruz.com\/index.php\/wp-json\/wp\/v2\/posts\/6737\/revisions"}],"wp:featuredmedia":[{"embeddable":true,"href":"https:\/\/noticiasveracruz.com\/index.php\/wp-json\/wp\/v2\/media\/6738"}],"wp:attachment":[{"href":"https:\/\/noticiasveracruz.com\/index.php\/wp-json\/wp\/v2\/media?parent=6737"}],"wp:term":[{"taxonomy":"category","embeddable":true,"href":"https:\/\/noticiasveracruz.com\/index.php\/wp-json\/wp\/v2\/categories?post=6737"},{"taxonomy":"post_tag","embeddable":true,"href":"https:\/\/noticiasveracruz.com\/index.php\/wp-json\/wp\/v2\/tags?post=6737"}],"curies":[{"name":"wp","href":"https:\/\/api.w.org\/{rel}","templated":true}]}}