{"id":6734,"date":"2022-08-02T07:52:28","date_gmt":"2022-08-02T12:52:28","guid":{"rendered":"https:\/\/noticiasveracruz.com\/?p=6734"},"modified":"2022-08-02T07:52:28","modified_gmt":"2022-08-02T12:52:28","slug":"anuncia-segob-acueducto-el-cuchillo-2-en-nl-comienza-construccion-en-septiembre","status":"publish","type":"post","link":"https:\/\/noticiasveracruz.com\/index.php\/2022\/08\/02\/anuncia-segob-acueducto-el-cuchillo-2-en-nl-comienza-construccion-en-septiembre\/","title":{"rendered":"Anuncia Segob: Acueducto El Cuchillo 2 en NL comienza construcci\u00f3n en septiembre"},"content":{"rendered":"<p>&nbsp;<\/p>\n<p class=\"p1\"><span style=\"font-size: 14pt;\"><em><strong>MONTERREY, N.L.<\/strong> <\/em>El secretario de Gobernaci\u00f3n, <strong>Ad\u00e1n Augusto L\u00f3pez<\/strong>, dio a conocer que la construcci\u00f3n del <strong>acueducto El Cuchillo 2 comenzar\u00e1 el pr\u00f3ximo 2 de septiembre<\/strong> con la finalidad de que sea <strong>terminado a m\u00e1s tardar en nueve meses<\/strong> y se pueda <strong>contar con 5 mil litros adicionales de agua<\/strong> para abastecer la capital de Nuevo Le\u00f3n y su zona metropolitana.<\/span><\/p>\n<p class=\"p1\"><span style=\"font-size: 18pt;\"><strong>Despu\u00e9s del <span style=\"color: #d42d33;\">decreto que firm\u00f3 el viernes pasado el presidente Andr\u00e9s Manuel L\u00f3pez Obrador<\/span>, que autoriza a la Comisi\u00f3n Nacional del Agua (Conagua) a disponer del l\u00edquido concesionado de la entidad, el funcionario pidi\u00f3 a los industriales y agricultores apoyo para que en un plazo de 10 d\u00edas est\u00e9n listas las conexiones t\u00e9cnicas a fin de que el recurso pueda ser aprovechado para consumo humano.<\/strong><\/span><\/p>\n<blockquote>\n<p class=\"p1\"><span style=\"font-size: 14pt;\">\u00bfC\u00f3mo vamos a hacerle? Hay que buscar un equilibrio, de tal manera que no se vea afectada la industria. B\u00e1sicamente se trata de llevar agua a varias o a la totalidad de las colonias marginadas de Monterrey, de la zona metropolitana\u201d, Ad\u00e1n Augusto L\u00f3pez. <\/span><\/p>\n<\/blockquote>\n<p><img loading=\"lazy\" decoding=\"async\" class=\"aligncenter wp-image-8528 size-large\" src=\"https:\/\/politicosaldesnudo.com.mx\/wp-content\/uploads\/2022\/08\/P-AGUA-NL2-1024x573.png\" alt=\"\" width=\"800\" height=\"448\" \/><\/p>\n<p>&nbsp;<\/p>\n<p class=\"p1\"><span style=\"font-size: 18pt;\"><strong>Durante el acto denominado Comprometidos por el agua de Nuevo Le\u00f3n, el secretario se\u00f1al\u00f3 que el Ejecutivo convoc\u00f3 al Consejo Nacional de Seguridad para que <span style=\"color: #d42d33;\">se catalogue El Cuchillo 2 \u201ccomo obra de seguridad nacional<\/span> y sean la Secretar\u00eda de la Defensa Nacional (Sedena) y la Conagua quienes se encarguen de la ejecuci\u00f3n y del proyecto general y el organismo operador de agua de Nuevo Le\u00f3n sea el que dirija\u201d los trabajos.<\/strong><\/span><\/p>\n<p class=\"p1\"><span style=\"font-size: 18pt;\"><strong>Indic\u00f3 que la construcci\u00f3n de <span style=\"color: #d42d33;\">El Cuchillo 2 se dividir\u00e1 en 10 tramos<\/span>, para lo que se convocar\u00e1 sobre todo a empresas neoleonesas; asimismo, los ductos de acero que se requieran se comprar\u00e1n directamente a alguna compa\u00f1\u00eda del estado.<\/strong><\/span><\/p>\n<p><img loading=\"lazy\" decoding=\"async\" class=\"aligncenter wp-image-8529 size-large\" src=\"https:\/\/politicosaldesnudo.com.mx\/wp-content\/uploads\/2022\/08\/P-AGUA-NL3-1024x573.png\" alt=\"\" width=\"800\" height=\"448\" \/><\/p>\n<p>&nbsp;<\/p>\n<p class=\"p1\"><span style=\"font-size: 14pt;\">Agreg\u00f3 que el director general de Banobras, Jorge Mendoza, dise\u00f1ar\u00e1 el financiamiento de este proyecto, para el cual, \u201cde entrada\u201d, la Federaci\u00f3n aportar\u00e1 3 mil 581 millones de pesos, \u201clos cuales forman parte de un mecanismo que se llama cup\u00f3n cero, que el gobernador del estado originalmente hab\u00eda solicitado para la ampliaci\u00f3n del Metro de Monterrey\u201d.<\/span><\/p>\n<p class=\"p1\"><span style=\"font-size: 18pt;\"><strong>Adicionalmente, dijo, Servicios de Agua y Drenaje de Monterrey solicitar\u00e1 \u201cpor una l\u00ednea de cr\u00e9dito de mil 500 millones de pesos, que es parte de la capacidad financiera que ellos tienen, para que la obra pueda realizarse en tiempo y forma\u201d.<\/strong><\/span><\/p>\n<p>&nbsp;<\/p>\n<p>&nbsp;<\/p>\n<p>&nbsp;<\/p>\n","protected":false},"excerpt":{"rendered":"<p>&nbsp; MONTERREY, N.L. El secretario de Gobernaci\u00f3n, Ad\u00e1n Augusto L\u00f3pez, dio a conocer que la construcci\u00f3n del acueducto El Cuchillo<\/p>\n","protected":false},"author":4,"featured_media":6735,"comment_status":"closed","ping_status":"closed","sticky":false,"template":"","format":"standard","meta":{"colormag_page_container_layout":"default_layout","colormag_page_sidebar_layout":"default_layout","_jetpack_memberships_contains_paid_content":false,"footnotes":"","jetpack_publicize_message":"","jetpack_publicize_feature_enabled":true,"jetpack_social_post_already_shared":false,"jetpack_social_options":{"image_generator_settings":{"template":"highway","default_image_id":0,"font":"","enabled":false},"version":2}},"categories":[145],"tags":[968,206,1186,218],"class_list":["post-6734","post","type-post","status-publish","format-standard","has-post-thumbnail","hentry","category-estados","tag-adan-augusto-lopez","tag-agua","tag-el-cuchillo-2","tag-nuevo-leon"],"jetpack_publicize_connections":[],"jetpack_featured_media_url":"https:\/\/noticiasveracruz.com\/wp-content\/uploads\/2022\/08\/P-AGUA-NL1.png","jetpack_sharing_enabled":true,"publishpress_future_action":{"enabled":false,"date":"2026-05-10 06:42:47","action":"change-status","newStatus":"draft","terms":[],"taxonomy":"category","extraData":[]},"publishpress_future_workflow_manual_trigger":{"enabledWorkflows":[]},"_links":{"self":[{"href":"https:\/\/noticiasveracruz.com\/index.php\/wp-json\/wp\/v2\/posts\/6734","targetHints":{"allow":["GET"]}}],"collection":[{"href":"https:\/\/noticiasveracruz.com\/index.php\/wp-json\/wp\/v2\/posts"}],"about":[{"href":"https:\/\/noticiasveracruz.com\/index.php\/wp-json\/wp\/v2\/types\/post"}],"author":[{"embeddable":true,"href":"https:\/\/noticiasveracruz.com\/index.php\/wp-json\/wp\/v2\/users\/4"}],"replies":[{"embeddable":true,"href":"https:\/\/noticiasveracruz.com\/index.php\/wp-json\/wp\/v2\/comments?post=6734"}],"version-history":[{"count":0,"href":"https:\/\/noticiasveracruz.com\/index.php\/wp-json\/wp\/v2\/posts\/6734\/revisions"}],"wp:featuredmedia":[{"embeddable":true,"href":"https:\/\/noticiasveracruz.com\/index.php\/wp-json\/wp\/v2\/media\/6735"}],"wp:attachment":[{"href":"https:\/\/noticiasveracruz.com\/index.php\/wp-json\/wp\/v2\/media?parent=6734"}],"wp:term":[{"taxonomy":"category","embeddable":true,"href":"https:\/\/noticiasveracruz.com\/index.php\/wp-json\/wp\/v2\/categories?post=6734"},{"taxonomy":"post_tag","embeddable":true,"href":"https:\/\/noticiasveracruz.com\/index.php\/wp-json\/wp\/v2\/tags?post=6734"}],"curies":[{"name":"wp","href":"https:\/\/api.w.org\/{rel}","templated":true}]}}