{"id":6728,"date":"2022-08-02T07:30:36","date_gmt":"2022-08-02T12:30:36","guid":{"rendered":"https:\/\/noticiasveracruz.com\/?p=6728"},"modified":"2022-08-03T07:06:35","modified_gmt":"2022-08-03T12:06:35","slug":"inician-cursos-de-verano-en-el-dif-y-en-la-unidad-deportiva","status":"publish","type":"post","link":"https:\/\/noticiasveracruz.com\/index.php\/2022\/08\/02\/inician-cursos-de-verano-en-el-dif-y-en-la-unidad-deportiva\/","title":{"rendered":"Inician cursos de verano en el DIF y en la Unidad Deportiva"},"content":{"rendered":"<p>&nbsp;<\/p>\n<p class=\"p1\"><span style=\"font-size: 14pt;\"><em><strong>TUXPAN, Ver.<\/strong><\/em> Con la <strong>participaci\u00f3n<\/strong> de un gran n\u00famero de <strong>ni\u00f1as y ni\u00f1os<\/strong>, <strong>iniciaron los cursos de verano 2022<\/strong> en el DIF Tuxpan y en la Unidad Deportiva.<\/span><\/p>\n<p class=\"p1\"><span style=\"font-size: 18pt;\"><strong>Fueron m\u00e1s de 30 peque\u00f1os los que asistieron al primer d\u00eda del curso en el DIF Tuxpan, donde llevaron a cabo activaci\u00f3n f\u00edsica con clases de zumba kids; as\u00ed como un taller de bisuter\u00eda y diversas actividades did\u00e1cticas.<\/strong><\/span><\/p>\n<p><img loading=\"lazy\" decoding=\"async\" class=\"aligncenter wp-image-8516 size-large\" src=\"https:\/\/politicosaldesnudo.com.mx\/wp-content\/uploads\/2022\/08\/P-TUXPAN-VACACIONES2-1024x573.png\" alt=\"\" width=\"800\" height=\"448\" \/><\/p>\n<p>&nbsp;<\/p>\n<p class=\"p1\"><span style=\"font-size: 18pt;\"><strong>El psic\u00f3logo Eliseo Reyes fue el encargado de dar la bienvenida a los ni\u00f1os, a nombre de la presidenta del DIF Municipal, Lic. Pamela Morales de Pozos.<\/strong><\/span><\/p>\n<p><img loading=\"lazy\" decoding=\"async\" class=\"aligncenter wp-image-8515 size-large\" src=\"https:\/\/politicosaldesnudo.com.mx\/wp-content\/uploads\/2022\/08\/P-TUXPAN-VACACIONES1-1024x573.png\" alt=\"\" width=\"800\" height=\"448\" \/><\/p>\n<p>&nbsp;<\/p>\n<p class=\"p1\"><span style=\"font-size: 18pt;\"><strong>De la misma manera inici\u00f3 el curso \u201cMis Vacaciones en la Unidad Deportiva\u201d, con una importante asistencia de j\u00f3venes y ni\u00f1os, quienes durante este periodo vacacional tendr\u00e1n un lugar de esparcimiento, recreaci\u00f3n, lectura y deporte.<\/strong><\/span><\/p>\n<p class=\"p1\"><span style=\"font-size: 14pt;\">Este curso es organizado por el Ayuntamiento de Tuxpan, a trav\u00e9s de la Comisi\u00f3n Municipal de Deporte (Comude) y la Direcci\u00f3n de Juventud y Recreaci\u00f3n.<\/span><\/p>\n<p><img loading=\"lazy\" decoding=\"async\" class=\"aligncenter wp-image-8517 size-large\" src=\"https:\/\/politicosaldesnudo.com.mx\/wp-content\/uploads\/2022\/08\/P-TUXPAN-VACACIONES3-1024x573.png\" alt=\"\" width=\"800\" height=\"448\" \/><\/p>\n<p>&nbsp;<\/p>\n<p class=\"p1\"><span style=\"font-size: 14pt;\">En el arranque de este programa estuvieron presentes el regidor Luis Demetrio L\u00f3pez Mar\u00edn, comisionado en Deporte, Educaci\u00f3n y Recreaci\u00f3n; las regidoras Maryanela Monroy Flores y Anah\u00ed Aguilar; el director de Comude Tuxpan, Manuel Cortina Mart\u00ednez; la directora de Juventud y Recreaci\u00f3n, Ing. Karla Ivette Mart\u00ednez Hern\u00e1ndez; y la Lic. Mar\u00eda de la Soledad Miquelajauregui Guzm\u00e1n, directora de Museos y Bibliotecas.<\/span><\/p>\n<p class=\"p1\"><span style=\"font-size: 18pt;\"><strong>El menor Andr\u00e9 Patricio dio la bienvenida a los ni\u00f1os a este curso de verano, y agradeci\u00f3 al alcalde Jos\u00e9 Manuel Pozos Castro por trabajar en beneficio de la ni\u00f1ez de Tuxpan, impulsando la educaci\u00f3n, el deporte y la cultura.<\/strong><\/span><\/p>\n<p><img loading=\"lazy\" decoding=\"async\" class=\"aligncenter wp-image-8521 size-large\" src=\"https:\/\/politicosaldesnudo.com.mx\/wp-content\/uploads\/2022\/08\/P-TUXPAN-VACACIONES7-1024x573.png\" alt=\"\" width=\"800\" height=\"448\" \/><\/p>\n<p>&nbsp;<\/p>\n<p class=\"p1\"><span style=\"font-size: 18pt;\"><strong>A nombre del Gobierno Municipal, el regidor Luis Demetrio L\u00f3pez Mar\u00edn indic\u00f3 que el programa de actividades de este curso est\u00e1 a cargo de personas capacitadas que tienen como prop\u00f3sito principal trabajar el \u00e1rea afectiva y el \u00e1rea psicomotriz de los menores.<\/strong><\/span><\/p>\n<p class=\"p1\"><span style=\"font-size: 14pt;\">El edil destac\u00f3 que este curso, adem\u00e1s de generar conocimiento, ayudar\u00e1 a que los ni\u00f1os se mantengan ocupados en su tiempo libre.<\/span><\/p>\n<p class=\"p1\"><span style=\"font-size: 14pt;\">Tambi\u00e9n asistieron el director de Tr\u00e1nsito Municipal, Lic. Aldo Hern\u00e1ndez Betancourt; el coordinador de Medio Ambiente, Ing. Carlos Alberto G\u00f3mez de la Luz; y el C. Gabriel Cruz Reyes, comisionado del \u00e1rea de Recreaci\u00f3n y Deporte para Personas con Discapacidad.<\/span><\/p>\n<p>&nbsp;<\/p>\n<p>&nbsp;<\/p>\n<p>&nbsp;<\/p>\n","protected":false},"excerpt":{"rendered":"<p>&nbsp; TUXPAN, Ver. Con la participaci\u00f3n de un gran n\u00famero de ni\u00f1as y ni\u00f1os, iniciaron los cursos de verano 2022<\/p>\n","protected":false},"author":4,"featured_media":6750,"comment_status":"closed","ping_status":"closed","sticky":false,"template":"","format":"standard","meta":{"colormag_page_container_layout":"default_layout","colormag_page_sidebar_layout":"default_layout","_jetpack_memberships_contains_paid_content":false,"footnotes":"","jetpack_publicize_message":"","jetpack_publicize_feature_enabled":true,"jetpack_social_post_already_shared":false,"jetpack_social_options":{"image_generator_settings":{"template":"highway","default_image_id":0,"font":"","enabled":false},"version":2}},"categories":[356],"tags":[1023,72,386,73],"class_list":["post-6728","post","type-post","status-publish","format-standard","has-post-thumbnail","hentry","category-veracruz","tag-dif","tag-tuxpan","tag-vacaciones","tag-veracruz"],"jetpack_publicize_connections":[],"jetpack_featured_media_url":"https:\/\/noticiasveracruz.com\/wp-content\/uploads\/2022\/08\/P-TUXPAN-VACACIONES6-1.png","jetpack_sharing_enabled":true,"publishpress_future_action":{"enabled":false,"date":"2026-05-08 08:48:43","action":"change-status","newStatus":"draft","terms":[],"taxonomy":"category","extraData":[]},"publishpress_future_workflow_manual_trigger":{"enabledWorkflows":[]},"_links":{"self":[{"href":"https:\/\/noticiasveracruz.com\/index.php\/wp-json\/wp\/v2\/posts\/6728","targetHints":{"allow":["GET"]}}],"collection":[{"href":"https:\/\/noticiasveracruz.com\/index.php\/wp-json\/wp\/v2\/posts"}],"about":[{"href":"https:\/\/noticiasveracruz.com\/index.php\/wp-json\/wp\/v2\/types\/post"}],"author":[{"embeddable":true,"href":"https:\/\/noticiasveracruz.com\/index.php\/wp-json\/wp\/v2\/users\/4"}],"replies":[{"embeddable":true,"href":"https:\/\/noticiasveracruz.com\/index.php\/wp-json\/wp\/v2\/comments?post=6728"}],"version-history":[{"count":0,"href":"https:\/\/noticiasveracruz.com\/index.php\/wp-json\/wp\/v2\/posts\/6728\/revisions"}],"wp:featuredmedia":[{"embeddable":true,"href":"https:\/\/noticiasveracruz.com\/index.php\/wp-json\/wp\/v2\/media\/6750"}],"wp:attachment":[{"href":"https:\/\/noticiasveracruz.com\/index.php\/wp-json\/wp\/v2\/media?parent=6728"}],"wp:term":[{"taxonomy":"category","embeddable":true,"href":"https:\/\/noticiasveracruz.com\/index.php\/wp-json\/wp\/v2\/categories?post=6728"},{"taxonomy":"post_tag","embeddable":true,"href":"https:\/\/noticiasveracruz.com\/index.php\/wp-json\/wp\/v2\/tags?post=6728"}],"curies":[{"name":"wp","href":"https:\/\/api.w.org\/{rel}","templated":true}]}}