{"id":6726,"date":"2022-08-02T07:10:45","date_gmt":"2022-08-02T12:10:45","guid":{"rendered":"https:\/\/noticiasveracruz.com\/?p=6726"},"modified":"2022-08-02T07:10:45","modified_gmt":"2022-08-02T12:10:45","slug":"lo-ejemplar-seria","status":"publish","type":"post","link":"https:\/\/noticiasveracruz.com\/index.php\/2022\/08\/02\/lo-ejemplar-seria\/","title":{"rendered":"\u00a1Lo ejemplar seria!"},"content":{"rendered":"<p class=\"p1\">\n<p>&nbsp;<\/p>\n<p class=\"p1\"><strong><span style=\"font-size: 18pt;\">Por Alberto Woolrich Ort\u00edz<\/span><\/strong><\/p>\n<p class=\"p1\"><span style=\"font-size: 14pt;\">Es sorprendente la constancia con la que Andr\u00e9s Manuel L\u00f3pez Obrador, Alejandro Gertz Manero y muchos mas pretenden destruir a nuestra Constituci\u00f3n Pol\u00edtica, con sus discursos y actuares buscan precisamente las cualidades opuestas a las que M\u00e9xico requiere. La Abogac\u00eda Independiente de la Rep\u00fablica prefiere a un Presidente Constitucional y un Fiscal General de la Federaci\u00f3n<span class=\"Apple-converted-space\">\u00a0 <\/span>discretos y sabios; la Cuarta Transformaci\u00f3n de la Naci\u00f3n quiere y requiere habladores y prepotentes.<\/span><\/p>\n<p class=\"p1\"><span style=\"font-size: 14pt;\">\u00datil es el Primer Magistrado de la Naci\u00f3n que hablara lo estrictamente indispensable, provechoso seria que el Fiscal General de la Rep\u00fablica<span class=\"Apple-converted-space\">\u00a0 <\/span>fuese probo y conocedor de nuestras leyes, que no nos hast\u00eden con su corrupci\u00f3n e ignorancia.<\/span><\/p>\n<p class=\"p1\"><span style=\"font-size: 14pt;\">En el ayer<span class=\"Apple-converted-space\">\u00a0 <\/span>y en el M\u00e9xico de leyes se dec\u00eda con mucha elegancia y sabidur\u00eda que: \u00abpeca un pueblo cuando hace o permite cosas que puedan llevarlo a su ruina\u00bb. <span class=\"Apple-converted-space\">\u00a0 <\/span>Peccat ergo civitas, quando ea agit vei fieri patitur quae causas esse possunt ipsius ruinas.<\/span><\/p>\n<p class=\"p1\"><span style=\"font-size: 14pt;\">En el M\u00e9xico de hoy la realidad de un &#8212;Estado delincuente o narco<span class=\"Apple-converted-space\">\u00a0 <\/span>Estado&#8212; dentro del Estado democr\u00e1tico ha<span class=\"Apple-converted-space\">\u00a0 <\/span>roto<span class=\"Apple-converted-space\">\u00a0 <\/span>el a\u00f1orado Estado constitucionalista.<\/span><\/p>\n<p class=\"p1\"><span style=\"font-size: 14pt;\">Nuestra Constituci\u00f3n Pol\u00edtica de los Estados Unidos Mexicanos no puede seguir siendo ignorada y pisoteada por Andr\u00e9s Manuel L\u00f3pez Obrador y Alejandro<span class=\"Apple-converted-space\">\u00a0 <\/span>Gertz Manero. <span class=\"Apple-converted-space\">\u00a0 <\/span>Es manifiesto el incorrecto actuar e inconstitucionalidad en los actos de ambos que hacen de la justicia una verdadera impureza y deshonestidad.<\/span><\/p>\n<p class=\"p1\"><span style=\"font-size: 14pt;\">Parece que pretenden imponer no una Cuarta Transformaci\u00f3n de la Rep\u00fablica, sino un verdadero &#8212;Estado delincuente&#8212;. No existe un<span class=\"Apple-converted-space\">\u00a0 <\/span>respeto escrupuloso a los principios constitucionales que nos lego Venustiano Carranza.<span class=\"Apple-converted-space\">\u00a0 <\/span>Tratan en realidad de aplicar una justicia sometida casi por completo al poder del narcotr\u00e1fico.<\/span><\/p>\n<p class=\"p1\"><span style=\"font-size: 14pt;\">Especialmente significativo es lo ocurrido<span class=\"Apple-converted-space\">\u00a0 <\/span>con la protecci\u00f3n que le rinden al narco pol\u00edtico que creo alianzas con la delincuencia organizada durante la \u00e9poca del mandato de Carlos Salinas de Gortari ello, aparte de no ser jur\u00eddicamente muy sano, los convierte en c\u00f3mplices de aquel infractor de la ley penal.<\/span><\/p>\n<p class=\"p1\"><span style=\"font-size: 14pt;\">Parece imposible que<span class=\"Apple-converted-space\">\u00a0 <\/span>el Presidente Constitucional de los Estados Unidos Mexicanos<span class=\"Apple-converted-space\">\u00a0 <\/span>y su Fiscal General de la Federaci\u00f3n entiendan o comprendan que lo ejemplar seria la aplicaci\u00f3n de la Carta Magna y del C\u00f3digo Penal Federal, ello seria una prueba de buena salud democr\u00e1tica, de sensibilidad pol\u00edtica y orgullo \u00e9tico.<span class=\"Apple-converted-space\">\u00a0 <\/span>Al parecer es imposible que comprendan que los verdaderamente peligrosos no somos los abogados, ni los objetores de su actuar, sino lo es el narco pol\u00edtico al cual se le sigue protegiendo. Es cuanto.<\/span><\/p>\n<p>&nbsp;<\/p>\n<p>&nbsp;<\/p>\n<p class=\"p1\"><strong><span style=\"font-size: 18pt;\">Lic. Alberto Woolrich Ort\u00edz<\/span><\/strong><\/p>\n<p class=\"p1\"><strong><span style=\"font-size: 18pt;\">Presidente de la Academia de Derecho Penal<\/span><\/strong><\/p>\n<p class=\"p1\"><strong><span style=\"font-size: 18pt;\">del Colegio de Abogados de M\u00e9xico, A.C.<\/span><\/strong><\/p>\n<p>&nbsp;<\/p>\n<p><span style=\"font-size: 18pt; color: #d42d33;\"><em><strong>**Las columnas firmadas en este medio son responsabilidad de quienes las firman**<\/strong><\/em><\/span><\/p>\n<p>&nbsp;<\/p>\n<p>&nbsp;<\/p>\n<p>&nbsp;<\/p>\n","protected":false},"excerpt":{"rendered":"<p>&nbsp; Por Alberto Woolrich Ort\u00edz Es sorprendente la constancia con la que Andr\u00e9s Manuel L\u00f3pez Obrador, Alejandro Gertz Manero y<\/p>\n","protected":false},"author":4,"featured_media":3616,"comment_status":"closed","ping_status":"closed","sticky":false,"template":"","format":"standard","meta":{"colormag_page_container_layout":"default_layout","colormag_page_sidebar_layout":"default_layout","_jetpack_memberships_contains_paid_content":false,"footnotes":"","jetpack_publicize_message":"","jetpack_publicize_feature_enabled":true,"jetpack_social_post_already_shared":false,"jetpack_social_options":{"image_generator_settings":{"template":"highway","default_image_id":0,"font":"","enabled":false},"version":2}},"categories":[6],"tags":[],"class_list":["post-6726","post","type-post","status-publish","format-standard","has-post-thumbnail","hentry","category-columnistas"],"jetpack_publicize_connections":[],"jetpack_featured_media_url":"https:\/\/noticiasveracruz.com\/wp-content\/uploads\/2022\/04\/NV-ALBERTO-WOOLRICH-1.png","jetpack_sharing_enabled":true,"publishpress_future_action":{"enabled":false,"date":"2026-05-08 07:56:26","action":"change-status","newStatus":"draft","terms":[],"taxonomy":"category","extraData":[]},"publishpress_future_workflow_manual_trigger":{"enabledWorkflows":[]},"_links":{"self":[{"href":"https:\/\/noticiasveracruz.com\/index.php\/wp-json\/wp\/v2\/posts\/6726","targetHints":{"allow":["GET"]}}],"collection":[{"href":"https:\/\/noticiasveracruz.com\/index.php\/wp-json\/wp\/v2\/posts"}],"about":[{"href":"https:\/\/noticiasveracruz.com\/index.php\/wp-json\/wp\/v2\/types\/post"}],"author":[{"embeddable":true,"href":"https:\/\/noticiasveracruz.com\/index.php\/wp-json\/wp\/v2\/users\/4"}],"replies":[{"embeddable":true,"href":"https:\/\/noticiasveracruz.com\/index.php\/wp-json\/wp\/v2\/comments?post=6726"}],"version-history":[{"count":0,"href":"https:\/\/noticiasveracruz.com\/index.php\/wp-json\/wp\/v2\/posts\/6726\/revisions"}],"wp:featuredmedia":[{"embeddable":true,"href":"https:\/\/noticiasveracruz.com\/index.php\/wp-json\/wp\/v2\/media\/3616"}],"wp:attachment":[{"href":"https:\/\/noticiasveracruz.com\/index.php\/wp-json\/wp\/v2\/media?parent=6726"}],"wp:term":[{"taxonomy":"category","embeddable":true,"href":"https:\/\/noticiasveracruz.com\/index.php\/wp-json\/wp\/v2\/categories?post=6726"},{"taxonomy":"post_tag","embeddable":true,"href":"https:\/\/noticiasveracruz.com\/index.php\/wp-json\/wp\/v2\/tags?post=6726"}],"curies":[{"name":"wp","href":"https:\/\/api.w.org\/{rel}","templated":true}]}}