{"id":6666,"date":"2022-07-31T19:49:39","date_gmt":"2022-08-01T00:49:39","guid":{"rendered":"https:\/\/noticiasveracruz.com\/?p=6666"},"modified":"2022-08-01T01:06:40","modified_gmt":"2022-08-01T06:06:40","slug":"tuxpan-sigue-rompiendo-records","status":"publish","type":"post","link":"https:\/\/noticiasveracruz.com\/index.php\/2022\/07\/31\/tuxpan-sigue-rompiendo-records\/","title":{"rendered":"\u00a1Tuxpan sigue rompiendo r\u00e9cords!"},"content":{"rendered":"<p>&nbsp;<\/p>\n<p><span style=\"font-size: 18pt;\"><strong>\u00a0&lt;&lt; El \u201cConejoFest 2022\u201d registr\u00f3 la asistencia de m\u00e1s de 5,000 motociclistas &gt;&gt;<\/strong><\/span><\/p>\n<p>&nbsp;<\/p>\n<p><span style=\"font-size: 14pt;\"><em><strong>TUXPAN, Ver.<\/strong><\/em> M\u00e1s de <strong>5,000 motociclistas<\/strong> de todo el pa\u00eds llegaron a <strong>Tuxpan para participar en el \u201cConejoFest 2022\u201d,<\/strong> que es el mayor evento de este verano y est\u00e1 dejando una gran derrama econ\u00f3mica y una excelente ocupaci\u00f3n hotelera.<\/span><\/p>\n<p><img loading=\"lazy\" decoding=\"async\" class=\"aligncenter wp-image-8436 size-large\" src=\"https:\/\/politicosaldesnudo.com.mx\/wp-content\/uploads\/2022\/07\/P-MOTOCICLETAS-TUXPAN8-1024x573.png\" alt=\"\" width=\"800\" height=\"448\" \/><\/p>\n<p>&nbsp;<\/p>\n<blockquote><p><span style=\"font-size: 14pt;\">Es un gran orgullo dar la m\u00e1s cordial de las bienvenidas a los verdaderos amantes de las motos, al Puerto de la Esperanza y al Conejo Fest 2022\u201d, expres\u00f3 el alcalde Jos\u00e9 Manuel Pozos Castro, en su mensaje a los motociclistas.<\/span><\/p><\/blockquote>\n<p><span style=\"font-size: 18pt;\"><strong>En nombre del gobernador Ing. Cuitl\u00e1huac Garc\u00eda Jim\u00e9nez les hizo llegar un afectuoso saludo y el deseo de una estancia inolvidable.<\/strong><\/span><\/p>\n<p><img loading=\"lazy\" decoding=\"async\" class=\"aligncenter wp-image-8435 size-large\" src=\"https:\/\/politicosaldesnudo.com.mx\/wp-content\/uploads\/2022\/07\/P-MOTOCICLETAS-TUXPAN7-1024x573.png\" alt=\"\" width=\"800\" height=\"448\" \/><\/p>\n<p>&nbsp;<\/p>\n<p><span style=\"font-size: 18pt;\"><strong>La primera autoridad del municipio destac\u00f3 que hoy todos <span style=\"color: #e42d33;\">los caminos conducen a Tuxpan, porque Tuxpan est\u00e1 de moda.<\/span><\/strong><\/span><\/p>\n<p>&nbsp;<\/p>\n<p><img loading=\"lazy\" decoding=\"async\" class=\"aligncenter wp-image-8434 size-large\" src=\"https:\/\/politicosaldesnudo.com.mx\/wp-content\/uploads\/2022\/07\/P-MOTOCICLETAS-TUXPAN6-1024x573.png\" alt=\"\" width=\"800\" height=\"448\" \/><\/p>\n<p>&nbsp;<\/p>\n<p><span style=\"font-size: 18pt;\"><strong><span style=\"color: #e42d33;\">El \u201cConejoFest\u201d ha puesto todas las miradas de Veracruz y de M\u00e9xico en este puerto<\/span>, por lo que pidi\u00f3 a la Comunidad Biker que sean embajadores de Tuxpan en cada uno de sus estados.<\/strong><\/span><\/p>\n<p>&nbsp;<\/p>\n<p><img loading=\"lazy\" decoding=\"async\" class=\"aligncenter wp-image-6668 size-large\" src=\"http:\/\/noticiasveracruz.com\/wp-content\/uploads\/2022\/07\/P-MOTOCICLETAS-TUXPAN2-1024x573.png\" alt=\"\" width=\"800\" height=\"448\" srcset=\"https:\/\/noticiasveracruz.com\/wp-content\/uploads\/2022\/07\/P-MOTOCICLETAS-TUXPAN2-1024x573.png 1024w, https:\/\/noticiasveracruz.com\/wp-content\/uploads\/2022\/07\/P-MOTOCICLETAS-TUXPAN2-300x168.png 300w, https:\/\/noticiasveracruz.com\/wp-content\/uploads\/2022\/07\/P-MOTOCICLETAS-TUXPAN2-768x430.png 768w, https:\/\/noticiasveracruz.com\/wp-content\/uploads\/2022\/07\/P-MOTOCICLETAS-TUXPAN2-1536x859.png 1536w, https:\/\/noticiasveracruz.com\/wp-content\/uploads\/2022\/07\/P-MOTOCICLETAS-TUXPAN2-600x336.png 600w, https:\/\/noticiasveracruz.com\/wp-content\/uploads\/2022\/07\/P-MOTOCICLETAS-TUXPAN2.png 1816w\" sizes=\"auto, (max-width: 800px) 100vw, 800px\" \/><\/p>\n<p>&nbsp;<\/p>\n<p><span style=\"font-size: 18pt;\"><strong>El presidente municipal agradeci\u00f3 a Roberto Ang, Santiago Carus, Mario Rodr\u00edguez, Pepe Ortega, Mario York y a todos los que participaron en la organizaci\u00f3n, por el reconocimiento que le otorgaron y los felicit\u00f3 por este magn\u00edfico evento.<\/strong><\/span><\/p>\n<p><span style=\"font-size: 14pt;\">Tambi\u00e9n agradeci\u00f3 a la Secretar\u00eda de Marina, Sedena, Fuerza Civil, SSP Estatal, SSP Municipal, personal de salud y de emergencias, por todo el respaldo para brindar seguridad total a este festival.<\/span><\/p>\n<p><img loading=\"lazy\" decoding=\"async\" class=\"aligncenter wp-image-8433 size-large\" src=\"https:\/\/politicosaldesnudo.com.mx\/wp-content\/uploads\/2022\/07\/P-MOTOCICLETAS-TUXPAN5-1024x573.png\" alt=\"\" width=\"800\" height=\"448\" \/><\/p>\n<p>&nbsp;<\/p>\n<blockquote><p><span style=\"font-size: 14pt;\">Este ha sido uno de los eventos m\u00e1s espectaculares del verano. El pr\u00f3ximo a\u00f1o ser\u00e1 algo mucho m\u00e1s grande, al que todos querr\u00e1n venir\u201d, concluy\u00f3.<\/span><\/p><\/blockquote>\n<p>&nbsp;<\/p>\n<p><img loading=\"lazy\" decoding=\"async\" class=\"aligncenter wp-image-8437 size-large\" src=\"https:\/\/politicosaldesnudo.com.mx\/wp-content\/uploads\/2022\/07\/WhatsApp-Image-2022-07-30-at-10.03.02-PM-1014x1024.jpeg\" alt=\"\" width=\"800\" height=\"808\" \/><\/p>\n<p>&nbsp;<\/p>\n<p>&nbsp;<\/p>\n","protected":false},"excerpt":{"rendered":"<p>&nbsp; \u00a0&lt;&lt; El \u201cConejoFest 2022\u201d registr\u00f3 la asistencia de m\u00e1s de 5,000 motociclistas &gt;&gt; &nbsp; TUXPAN, Ver. M\u00e1s de 5,000<\/p>\n","protected":false},"author":4,"featured_media":6667,"comment_status":"closed","ping_status":"closed","sticky":false,"template":"","format":"standard","meta":{"colormag_page_container_layout":"default_layout","colormag_page_sidebar_layout":"default_layout","_jetpack_memberships_contains_paid_content":false,"footnotes":"","jetpack_publicize_message":"","jetpack_publicize_feature_enabled":true,"jetpack_social_post_already_shared":false,"jetpack_social_options":{"image_generator_settings":{"template":"highway","default_image_id":0,"font":"","enabled":false},"version":2}},"categories":[356],"tags":[1182,701,1183,72,73],"class_list":["post-6666","post","type-post","status-publish","format-standard","has-post-thumbnail","hentry","category-veracruz","tag-conejo-fest","tag-jose-manuel-pozos","tag-motociclistas","tag-tuxpan","tag-veracruz"],"jetpack_publicize_connections":[],"jetpack_featured_media_url":"https:\/\/noticiasveracruz.com\/wp-content\/uploads\/2022\/07\/P-MOTOCICLETAS-TUXPAN1.png","jetpack_sharing_enabled":true,"publishpress_future_action":{"enabled":false,"date":"2026-05-07 21:02:23","action":"change-status","newStatus":"draft","terms":[],"taxonomy":"category","extraData":[]},"publishpress_future_workflow_manual_trigger":{"enabledWorkflows":[]},"_links":{"self":[{"href":"https:\/\/noticiasveracruz.com\/index.php\/wp-json\/wp\/v2\/posts\/6666","targetHints":{"allow":["GET"]}}],"collection":[{"href":"https:\/\/noticiasveracruz.com\/index.php\/wp-json\/wp\/v2\/posts"}],"about":[{"href":"https:\/\/noticiasveracruz.com\/index.php\/wp-json\/wp\/v2\/types\/post"}],"author":[{"embeddable":true,"href":"https:\/\/noticiasveracruz.com\/index.php\/wp-json\/wp\/v2\/users\/4"}],"replies":[{"embeddable":true,"href":"https:\/\/noticiasveracruz.com\/index.php\/wp-json\/wp\/v2\/comments?post=6666"}],"version-history":[{"count":0,"href":"https:\/\/noticiasveracruz.com\/index.php\/wp-json\/wp\/v2\/posts\/6666\/revisions"}],"wp:featuredmedia":[{"embeddable":true,"href":"https:\/\/noticiasveracruz.com\/index.php\/wp-json\/wp\/v2\/media\/6667"}],"wp:attachment":[{"href":"https:\/\/noticiasveracruz.com\/index.php\/wp-json\/wp\/v2\/media?parent=6666"}],"wp:term":[{"taxonomy":"category","embeddable":true,"href":"https:\/\/noticiasveracruz.com\/index.php\/wp-json\/wp\/v2\/categories?post=6666"},{"taxonomy":"post_tag","embeddable":true,"href":"https:\/\/noticiasveracruz.com\/index.php\/wp-json\/wp\/v2\/tags?post=6666"}],"curies":[{"name":"wp","href":"https:\/\/api.w.org\/{rel}","templated":true}]}}