{"id":6645,"date":"2022-07-30T07:17:26","date_gmt":"2022-07-30T12:17:26","guid":{"rendered":"https:\/\/noticiasveracruz.com\/?p=6645"},"modified":"2022-07-30T07:19:33","modified_gmt":"2022-07-30T12:19:33","slug":"declaran-estado-de-emergencia-en-ny-acumulan-14000-casos-de-viruela-del-mono","status":"publish","type":"post","link":"https:\/\/noticiasveracruz.com\/index.php\/2022\/07\/30\/declaran-estado-de-emergencia-en-ny-acumulan-14000-casos-de-viruela-del-mono\/","title":{"rendered":"Decretan estado de emergencia en NY, acumulan 1,4000 casos de viruela del mono"},"content":{"rendered":"<p>&nbsp;<\/p>\n<p class=\"p2\"><span style=\"font-size: 14pt;\"><em><strong>NUEVA YORK, EU.<\/strong><\/em> <strong>Nueva York\u00a0declar\u00f3 el\u00a0estado de emergencia por el aumento de casos de\u00a0viruela del mono\u00a0<\/strong>durante los \u00faltimos d\u00edas, concentrado fundamentalmente en la ciudad de Nueva York.<\/span><\/p>\n<p class=\"p2\"><span style=\"font-size: 18pt;\"><strong>Seg\u00fan la declaraci\u00f3n de emergencia firmada por la gobernadora, la dem\u00f3crata Kathy Hochul,\u00a0el estado acumula ya 1,400 casos.<\/strong><\/span><\/p>\n<p class=\"p2\"><span style=\"font-size: 14pt;\">La declaraci\u00f3n de emergencia autoriza a las agencias del estado a\u00a0destinar fondos y recursos\u00a0a ayudar a las localidades a\u00a0luchar contra esta enfermedad.<\/span><\/p>\n<p class=\"p2\"><span style=\"font-size: 14pt;\">A mediados de julio, Nueva York activ\u00f3 un\u00a0sistema de informaci\u00f3n para tel\u00e9fonos m\u00f3viles\u00a0sobre la viruela del mono enviando el\u00a0mensaje de texto &#8216;MONKEYPOX&#8217;\u00a0o\u00a0&#8216;MONKEYPOXESP&#8217;\u00a0a un n\u00famero de tel\u00e9fono local (81336).<\/span><\/p>\n<p class=\"p2\"><span style=\"font-size: 14pt;\">Los mensajes incluyen informaci\u00f3n sobre los\u00a0s\u00edntomas y la transmisi\u00f3n\u00a0de la enfermedad, as\u00ed c\u00f3mo sobre las\u00a0pautas de actuaci\u00f3n\u00a0despu\u00e9s haber estado expuesto.<\/span><\/p>\n<p class=\"p2\"><span style=\"font-size: 18pt;\"><strong>Los Centros para el Control y la Prevenci\u00f3n de Enfermedades (CDC, por sus siglas en ingl\u00e9s) en Estados Unidos han determinado que la\u00a0vacuna JYNNEOS, espec\u00edfica contra esta enfermedad, se ofrezca de manera prioritaria a todos los\u00a0grupos de riesgo.<\/strong><\/span><\/p>\n<p class=\"p2\"><span style=\"font-size: 18pt;\"><strong>Estos incluyen a las personas que han tenido\u00a0contacto f\u00edsico cercano con un infectado, que han tenido una\u00a0pareja sexual infectada\u00a0o que han tenido\u00a0relaciones sexuales en un local donde se ha identificado un brote\u00a0de viruela del mono.<\/strong><\/span><\/p>\n<p>&nbsp;<\/p>\n<p><span style=\"font-size: 18pt; color: #d42d33;\"><strong>ESPA\u00d1A PRIMERA MUERTE<\/strong><\/span><\/p>\n<p class=\"default__StyledText-xb1qmn-0 cgXrXK body-paragraph\"><span style=\"font-size: 14pt;\">El\u00a0Ministerio de Sanidad de Espa\u00f1a confirm\u00f3 este el primer fallecido por\u00a0viruela del mono, que seg\u00fan la Organizaci\u00f3n Mundial de la Salud (OMS)\u00a0es el que registra m\u00e1s casos de la enfermedad en el mundo.<\/span><\/p>\n<p class=\"default__StyledText-xb1qmn-0 cgXrXK body-paragraph\"><span style=\"font-size: 18pt;\"><strong>En Espa\u00f1a est\u00e1n confirmados 4 mil 298 casos, de los que al menos 120 fueron hospitalizados y uno falleci\u00f3, la primera v\u00edctima mortal constatada en el pa\u00eds de esta enfermedad, despu\u00e9s de que la OMS declar\u00f3 el pasado 23 de julio una\u00a0emergencia sanitaria internacional,\u00a0seg\u00fan datos oficiales.<\/strong><\/span><\/p>\n<p class=\"default__StyledText-xb1qmn-0 cgXrXK body-paragraph\"><span style=\"font-size: 18pt;\"><strong>La mayor\u00eda de casos corresponden a varones,\u00a0m\u00e1s de 4 mil,\u00a0la media de edad es de 37 a\u00f1os y el mecanismo de transmisi\u00f3n m\u00e1s probable en la mayor parte es por contacto estrecho durante una relaci\u00f3n sexual.<\/strong><\/span><\/p>\n<p class=\"default__StyledText-xb1qmn-0 cgXrXK body-paragraph\"><span style=\"font-size: 14pt;\">El 70 por ciento de los m\u00e1s de\u00a018 mil casos registrados\u00a0en el mundo se concentran en Europa, con Espa\u00f1a como pa\u00eds con m\u00e1s contagios a nivel mundial, seg\u00fan la OMS.<\/span><\/p>\n<div id=\"arcad-feature-5506\" class=\"default__StyledAdUnit-ijbiyl-0 dmQA-dM arcad-feature margin-md-bottom \">\n<div class=\"arcad-container\">\n<div id=\"lazy_2639\"><\/div>\n<\/div>\n<\/div>\n<p>&nbsp;<\/p>\n<p>&nbsp;<\/p>\n<p>&nbsp;<\/p>\n","protected":false},"excerpt":{"rendered":"<p>&nbsp; NUEVA YORK, EU. Nueva York\u00a0declar\u00f3 el\u00a0estado de emergencia por el aumento de casos de\u00a0viruela del mono\u00a0durante los \u00faltimos d\u00edas,<\/p>\n","protected":false},"author":4,"featured_media":6646,"comment_status":"closed","ping_status":"closed","sticky":false,"template":"","format":"standard","meta":{"colormag_page_container_layout":"default_layout","colormag_page_sidebar_layout":"default_layout","_jetpack_memberships_contains_paid_content":false,"footnotes":"","jetpack_publicize_message":"","jetpack_publicize_feature_enabled":true,"jetpack_social_post_already_shared":false,"jetpack_social_options":{"image_generator_settings":{"template":"highway","default_image_id":0,"font":"","enabled":false},"version":2}},"categories":[355],"tags":[1180],"class_list":["post-6645","post","type-post","status-publish","format-standard","has-post-thumbnail","hentry","category-internacional","tag-viruela-de-mono"],"jetpack_publicize_connections":[],"jetpack_featured_media_url":"https:\/\/noticiasveracruz.com\/wp-content\/uploads\/2022\/07\/p-virueladelmono.png","jetpack_sharing_enabled":true,"publishpress_future_action":{"enabled":false,"date":"2026-05-07 21:54:03","action":"change-status","newStatus":"draft","terms":[],"taxonomy":"category","extraData":[]},"publishpress_future_workflow_manual_trigger":{"enabledWorkflows":[]},"_links":{"self":[{"href":"https:\/\/noticiasveracruz.com\/index.php\/wp-json\/wp\/v2\/posts\/6645","targetHints":{"allow":["GET"]}}],"collection":[{"href":"https:\/\/noticiasveracruz.com\/index.php\/wp-json\/wp\/v2\/posts"}],"about":[{"href":"https:\/\/noticiasveracruz.com\/index.php\/wp-json\/wp\/v2\/types\/post"}],"author":[{"embeddable":true,"href":"https:\/\/noticiasveracruz.com\/index.php\/wp-json\/wp\/v2\/users\/4"}],"replies":[{"embeddable":true,"href":"https:\/\/noticiasveracruz.com\/index.php\/wp-json\/wp\/v2\/comments?post=6645"}],"version-history":[{"count":0,"href":"https:\/\/noticiasveracruz.com\/index.php\/wp-json\/wp\/v2\/posts\/6645\/revisions"}],"wp:featuredmedia":[{"embeddable":true,"href":"https:\/\/noticiasveracruz.com\/index.php\/wp-json\/wp\/v2\/media\/6646"}],"wp:attachment":[{"href":"https:\/\/noticiasveracruz.com\/index.php\/wp-json\/wp\/v2\/media?parent=6645"}],"wp:term":[{"taxonomy":"category","embeddable":true,"href":"https:\/\/noticiasveracruz.com\/index.php\/wp-json\/wp\/v2\/categories?post=6645"},{"taxonomy":"post_tag","embeddable":true,"href":"https:\/\/noticiasveracruz.com\/index.php\/wp-json\/wp\/v2\/tags?post=6645"}],"curies":[{"name":"wp","href":"https:\/\/api.w.org\/{rel}","templated":true}]}}