{"id":6629,"date":"2022-07-29T12:48:49","date_gmt":"2022-07-29T17:48:49","guid":{"rendered":"https:\/\/noticiasveracruz.com\/?p=6629"},"modified":"2022-07-29T12:51:13","modified_gmt":"2022-07-29T17:51:13","slug":"vpmrg-el-ariete-preferido-de-los-conservadores","status":"publish","type":"post","link":"https:\/\/noticiasveracruz.com\/index.php\/2022\/07\/29\/vpmrg-el-ariete-preferido-de-los-conservadores\/","title":{"rendered":"VPMRG: el ariete preferido de los conservadores"},"content":{"rendered":"<p>&nbsp;<\/p>\n<p class=\"p1\"><span style=\"font-size: 18pt;\"><strong>Por Laura Cevallos<\/strong><\/span><\/p>\n<p class=\"p3\"><span style=\"font-size: 14pt;\">\u00bfQu\u00e9 es la <b style=\"font-size: 14pt;\">violencia pol\u00edtica <\/b><span style=\"font-size: 18.6667px;\"><b>contra<\/b><\/span><b style=\"font-size: 14pt;\"> las mujeres en raz\u00f3n de g\u00e9nero<\/b>? Y sobre todo, \u00bfpor qu\u00e9 es importante descifrarla sin caer en la tentaci\u00f3n de llamar VPMRG a todo lo que ocurre en la arena pol\u00edtica?<\/span><\/p>\n<p class=\"p3\"><span style=\"font-size: 14pt;\">Es otro tipo de violencia, es la que se ejerce <span style=\"font-size: 18pt; color: #d42d33;\"><b>contra las mujeres en el terreno pol\u00edtico y por raz\u00f3n de g\u00e9nero, y se manifiesta como amenazas, agresiones, intimidaciones, lesiones e incluso, asesinato<\/b><\/span> de mujeres que, en aras de una igualdad jur\u00eddica y de capacidades en el ejercicio de sus derechos pol\u00edtico-electorales, se lanzaron a ocupar espacios en todos los \u00e1mbitos posibles: los congresos locales y federales, las gubernaturas y alcald\u00edas, secretar\u00edas de estado. Pero que los hombres aceptaran que deb\u00edan compartir el poder, no fue ni f\u00e1cil, ni r\u00e1pido y por ello, fue imperativo que primero se adoptara la idea de que las mujeres deb\u00edamos vivir una vida libre de violencia (Ley de 2007); luego, que se reglamentara la paridad de g\u00e9nero en 2019 y finalmente, en 2020 se realizaran las reformas constitucionales al efecto, en el compendio de leyes en materia electoral, con la finalidad de definir qu\u00e9 es, a quienes corresponde su an\u00e1lisis y prevenci\u00f3n y sobre todo, con qu\u00e9 herramientas jur\u00eddicas se protege a las v\u00edctimas de este delito electoral. <\/span><\/p>\n<p class=\"p3\"><span style=\"font-size: 14pt;\">Se trata de una serie de actos que se dirigieron por muchos a\u00f1os a evitar que las mujeres tomaran lugares en posiciones pol\u00edticas porque la sociedad no reconoc\u00eda habilidades o capacidades en las mujeres, que les permitieran pensar m\u00e1s all\u00e1 de las tareas atinentes a su g\u00e9nero y condici\u00f3n: las de la casa y la crianza de los hijos. <\/span><\/p>\n<p class=\"p3\"><span style=\"font-size: 18pt;\"><strong>Desde la antig\u00fcedad, la mujer era la encargada del fuego, de los hijos, los animales de la granja y la ropa, las enfermedades y el cuidado de todos; sin duda, una misi\u00f3n que realizaron maravillosamente, al punto que cuando terminaban sus \u201cobligaciones\u201d, se interesaron por otras tareas, como la pol\u00edtica y salieron a participar, a exigir respeto a sus opiniones, a ser escuchadas y a demostrar que tambi\u00e9n las \u201cusuarias de faldas\u201d tienen capacidad de hacerse parte de la vida pol\u00edtica de la sociedad. <\/strong><\/span><\/p>\n<p class=\"p3\"><span style=\"font-size: 14pt;\">En esta larga traves\u00eda, las mujeres fueron adquiriendo el reconocimiento de sus derechos humanos (en materia electoral) y dado que hubo simulaci\u00f3n de parte de sus contrapartes hombres, fue necesario culminar la lucha de miles de pol\u00edticas con una ley que enunciara qu\u00e9 conductas se consideran<span style=\"font-size: 18pt; color: #d42d33;\"><strong> violencia pol\u00edtica contra las mujeres en raz\u00f3n de g\u00e9nero<\/strong><\/span>, prohibiendo que nadie se atreva a ningunearnos por ser mujeres, e impidiendo que cualquiera llegue al puesto o encargo al que aspire, por el hecho de ser mujer. <\/span><\/p>\n<p class=\"p3\"><span style=\"font-size: 14pt;\">Lo malo de este punto es que hoy, las f\u00e9minas que componen las bancadas conservadoras en las c\u00e1maras de representantes, han abusado de esta protecci\u00f3n al punto de acusar a otras mujeres de generar violencia de g\u00e9nero contra ellas. \u00a1La locura total! Se han atrevido a confeccionar una armadura con que se enfundan para atacar e insultar a legisladores -hombres y mujeres- del movimiento de la 4T, a quienes acusan de violentos en sus participaciones en calidad de parlamentarios, para que la autoridad electoral los ponga en su listita negra de violentadores y obstaculizar su carrera pol\u00edtica. <\/span><\/p>\n<p class=\"p3\"><span style=\"font-size: 18pt;\"><strong>Esta revictimizaci\u00f3n artificial es exasperante: est\u00e1n desgastando tanto la figura de protecci\u00f3n, que nos dificulta dimensionar la realidad de \u00e9so que acusan. Cuando han atacado a la <span style=\"color: #d42d33;\">Senadora Citlali por su f\u00edsico<\/span>, se amparan con la<span style=\"color: #d42d33;\"> \u201clibertad de expresi\u00f3n\u201d <\/span>que permite hacer mofa de una mujer por su apariencia; cuando se trata del<span style=\"color: #d42d33;\"> Presidente,<\/span> se tiene que aguantar todos los<span style=\"color: #d42d33;\"> insultos y mentiras contra \u00e9l o sus hijos<\/span>, porque los merece y por supuesto, no debe hacer uso del derecho de r\u00e9plica, porque tiene m\u00e1s audiencia en las ma\u00f1aneras que la de sus detractores en las redes sociales. <\/strong><\/span><\/p>\n<p class=\"p3\"><span style=\"font-size: 14pt;\"><span style=\"font-size: 18pt;\"><strong>El colmo de lo incre\u00edble: el caso de la <span style=\"color: #d42d33;\">Senadora Antares V\u00e1zquez<\/span>, a quien se le inici\u00f3 un procedimiento ante el INE porque tuvo a mal usar la expresi\u00f3n \u201cmu\u00f1equitas de sololoy\u201d para referirse a este juego sucio en que se ofenden por cualquier palabra, pero que al parecer y de acuerdo con la confirmaci\u00f3n de la Sala Regional, es una forma de ofender a las compa\u00f1eras legisladoras con expresiones que parten de estereotipos o prejuicios que \u201clas colocan en un estado de codependencia de los hombres\u201d<\/strong> <\/span>y por tanto, se le ha condenado a ofrecer disculpas p\u00fablicas, aceptando que ha cometido los delitos electorales que se le imputan y, como castigo se le incluya en el registro de violentadores de las mujeres, por un periodo de cuatro a\u00f1os; agregando al castigo la lectura de varios libros aleccionadores y atender alguno de los cursos al respecto; la publicaci\u00f3n del extracto de la sentencia en su cuenta de twitter, por treinta d\u00edas y, si, a consideraci\u00f3n de la Sala especializada, no se satisficieron los anteriores castigos, se est\u00e1 ante una inminente p\u00e9rdida de la ciudadan\u00eda, impidiendo, obviamente la participaci\u00f3n en posteriores ejercicios de ciudadan\u00eda activa.<\/span><\/p>\n<blockquote class=\"twitter-tweet\" data-width=\"550\" data-dnt=\"true\">\n<p lang=\"es\" dir=\"ltr\">Desde hoy por ORDEN del TEPJF publicar\u00e9 diariamente el extracto de una sentencia QUE NO EST\u00c1 FIRME y una disculpa p\u00fablica que redactaron por m\u00ed con base en hechos que no comet\u00ed y que a\u00fan estoy en v\u00edas de impugnar. Acomp\u00e1\u00f1ame en estos 30 d\u00edas de lucha <a href=\"https:\/\/twitter.com\/CitlaHM?ref_src=twsrc%5Etfw\">@CitlaHM<\/a> <a href=\"https:\/\/twitter.com\/PartidoMorenaMx?ref_src=twsrc%5Etfw\">@PartidoMorenaMx<\/a> <a href=\"https:\/\/t.co\/KWGSijdxev\">pic.twitter.com\/KWGSijdxev<\/a><\/p>\n<p>&mdash; Antares V\u00e1zquez Alatorre (@AntaresVazAla) <a href=\"https:\/\/twitter.com\/AntaresVazAla\/status\/1551072442248040448?ref_src=twsrc%5Etfw\">July 24, 2022<\/a><\/p><\/blockquote>\n<p><script async src=\"https:\/\/platform.twitter.com\/widgets.js\" charset=\"utf-8\"><\/script><\/p>\n<p class=\"p3\"><span style=\"font-size: 14pt;\"><span style=\"font-size: 18pt; color: #d42d33;\"><strong>La acusaci\u00f3n parti\u00f3 de una expresi\u00f3n colectiva, surgida desde la ciudadan\u00eda, como protesta contra los legisladores de los partidos pol\u00edticos PRI, PAN, PRD y Movimiento Ciudadano<\/strong><\/span>, que en la discusi\u00f3n de la reforma en materia el\u00e9ctrica, a pesar de haber acudido a los foros de parlamento abierto y escuchar las diversas explicaciones en relaci\u00f3n a la soberan\u00eda y seguridad nacional que implica que sea el Estado el garante de la distribuci\u00f3n de la energ\u00eda, decidieron votarla en contra de sus mismos electores: nos sentimos traicionados y desprotegidos por los representantes populares que al tomar protesta juraron guardar y hacer guardar la Constituci\u00f3n, diciendo que si as\u00ed no lo hicieren, se los demandar\u00edamos, como lo hicimos. <\/span><\/p>\n<p class=\"p3\"><span style=\"font-size: 14pt;\">Les dedicamos horas de an\u00e1lisis con especialistas en diferentes materias, tanto energ\u00e9tica como jur\u00eddica, para demostrarles que cabildear a favor de empresarios privados y extranjeros, no era lo que merecemos, como pueblo que se rige por una democracia participativa. <\/span><\/p>\n<p class=\"p3\"><span style=\"font-size: 14pt;\">Aprovechando el exceso de atribuciones que el INE est\u00e1 empe\u00f1ado en usar en contra del movimiento, las exigencias de castigo se dieron como parte del periodo de la consulta popular de revocaci\u00f3n de mandato y por ende, la v\u00eda fue la \u201cid\u00f3nea\u201d para el castigo ratificado por la Sala Especializada y a petici\u00f3n de diputadas panistas que \u201csintieron\u201d que la definici\u00f3n de traidoras las afectaba p\u00fablica, privada y pol\u00edticamente, por se\u00f1alar que su actuar como representantes se alej\u00f3, precisamente de su \u201cencargo por voto popular\u201d, de ser la voz de los miles de personas que cada uno de ellos (y ellas) representan.<span style=\"color: #d42d33; font-size: 18pt;\"> <strong>Hay que llamarle vino al vino y al que roba, llamarlo ladr\u00f3n y al que enga\u00f1a, mentiroso. Al que vende la patria, \u00bfc\u00f3mo debe denomin\u00e1rsele, para que no se ofenda cuando se le dice #TraidorAlaPatria?<\/strong><\/span><\/span><\/p>\n<p>&nbsp;<\/p>\n<p><span style=\"font-size: 18pt;\"><strong>Twitter: <a href=\"http:\/\/www.twitter.com\/cevalloslaura\">@cevalloslaura<\/a><\/strong><\/span><\/p>\n<p>&nbsp;<\/p>\n<p><span style=\"font-size: 18pt; color: #d42d33;\"><em><strong>**Las columnas firmadas en este medio son responsabilidad de quienes las firman**<\/strong><\/em><\/span><\/p>\n<p>&nbsp;<\/p>\n<p>&nbsp;<\/p>\n","protected":false},"excerpt":{"rendered":"<p>&nbsp; Por Laura Cevallos \u00bfQu\u00e9 es la violencia pol\u00edtica contra las mujeres en raz\u00f3n de g\u00e9nero? Y sobre todo, \u00bfpor<\/p>\n","protected":false},"author":4,"featured_media":3193,"comment_status":"closed","ping_status":"closed","sticky":false,"template":"","format":"standard","meta":{"colormag_page_container_layout":"default_layout","colormag_page_sidebar_layout":"default_layout","_jetpack_memberships_contains_paid_content":false,"footnotes":"","jetpack_publicize_message":"","jetpack_publicize_feature_enabled":true,"jetpack_social_post_already_shared":false,"jetpack_social_options":{"image_generator_settings":{"template":"highway","default_image_id":0,"font":"","enabled":false},"version":2}},"categories":[6],"tags":[1174,66,400,141,1177],"class_list":["post-6629","post","type-post","status-publish","format-standard","has-post-thumbnail","hentry","category-columnistas","tag-antares-vazquez","tag-ine","tag-libertad-de-expresion","tag-mujeres","tag-violencia-politica"],"jetpack_publicize_connections":[],"jetpack_featured_media_url":"https:\/\/noticiasveracruz.com\/wp-content\/uploads\/2022\/04\/CABEZAL-OPINIO\u0301N-NV-LAURACEVALLOS.png","jetpack_sharing_enabled":true,"publishpress_future_action":{"enabled":false,"date":"2026-05-07 23:35:48","action":"change-status","newStatus":"draft","terms":[],"taxonomy":"category","extraData":[]},"publishpress_future_workflow_manual_trigger":{"enabledWorkflows":[]},"_links":{"self":[{"href":"https:\/\/noticiasveracruz.com\/index.php\/wp-json\/wp\/v2\/posts\/6629","targetHints":{"allow":["GET"]}}],"collection":[{"href":"https:\/\/noticiasveracruz.com\/index.php\/wp-json\/wp\/v2\/posts"}],"about":[{"href":"https:\/\/noticiasveracruz.com\/index.php\/wp-json\/wp\/v2\/types\/post"}],"author":[{"embeddable":true,"href":"https:\/\/noticiasveracruz.com\/index.php\/wp-json\/wp\/v2\/users\/4"}],"replies":[{"embeddable":true,"href":"https:\/\/noticiasveracruz.com\/index.php\/wp-json\/wp\/v2\/comments?post=6629"}],"version-history":[{"count":0,"href":"https:\/\/noticiasveracruz.com\/index.php\/wp-json\/wp\/v2\/posts\/6629\/revisions"}],"wp:featuredmedia":[{"embeddable":true,"href":"https:\/\/noticiasveracruz.com\/index.php\/wp-json\/wp\/v2\/media\/3193"}],"wp:attachment":[{"href":"https:\/\/noticiasveracruz.com\/index.php\/wp-json\/wp\/v2\/media?parent=6629"}],"wp:term":[{"taxonomy":"category","embeddable":true,"href":"https:\/\/noticiasveracruz.com\/index.php\/wp-json\/wp\/v2\/categories?post=6629"},{"taxonomy":"post_tag","embeddable":true,"href":"https:\/\/noticiasveracruz.com\/index.php\/wp-json\/wp\/v2\/tags?post=6629"}],"curies":[{"name":"wp","href":"https:\/\/api.w.org\/{rel}","templated":true}]}}