{"id":6626,"date":"2022-07-29T05:29:41","date_gmt":"2022-07-29T10:29:41","guid":{"rendered":"https:\/\/noticiasveracruz.com\/?p=6626"},"modified":"2022-07-29T12:30:12","modified_gmt":"2022-07-29T17:30:12","slug":"la-llamada-ley-nahle","status":"publish","type":"post","link":"https:\/\/noticiasveracruz.com\/index.php\/2022\/07\/29\/la-llamada-ley-nahle\/","title":{"rendered":"La llamada Ley Nahle"},"content":{"rendered":"<p>&nbsp;<\/p>\n<p class=\"p1\"><span style=\"font-size: 18pt;\"><strong>&lt;&lt; Cambios en la Constituci\u00f3n permitir\u00e1n ser candidato a un no veracruzano &gt;&gt;<\/strong><\/span><\/p>\n<p class=\"p1\"><span style=\"font-size: 18pt;\"><strong>&lt;&lt; El bueno a la gubernatura ser\u00e1 entre Roc\u00edo Nahle y Sergio Guti\u00e9rrez &gt;&gt;<\/strong><\/span><\/p>\n<p class=\"p1\"><span style=\"font-size: 18pt;\"><strong>&lt;&lt; Todo depender\u00e1 de qui\u00e9n\u00a0sea el sustituto de Andr\u00e9s Manuel &gt;&gt;<\/strong><\/span><\/p>\n<p>&nbsp;<\/p>\n<p class=\"p1\"><span style=\"font-size: 18pt;\"><strong>Por Miguel \u00c1ngel Cristiani Gonz\u00e1lez<\/strong><\/span><\/p>\n<p class=\"p1\"><span style=\"font-size: 14pt;\">Era cuesti\u00f3n de tiempo, para que en el Congreso del Estado de Veracruz, se presentara una iniciativa para modificar la Constituci\u00f3n, supuestamente para permitir que los mexicanos nacidos en otra entidad, con vecindad, pudieran ser candidatos a la gubernatura.<\/span><\/p>\n<p class=\"p1\"><span style=\"font-size: 14pt;\">Este jueves se present\u00f3 y turno a comisi\u00f3n la iniciativa de reforma.<\/span><\/p>\n<p class=\"p1\"><span style=\"font-size: 14pt;\">En realidad, el cambio a la Constituci\u00f3n -no a la ley- es para permitir que la actual secretaria de Energ\u00eda Roc\u00edo Nahle Garc\u00eda pueda participar como aspirante a la gubernatura del estado.<\/span><\/p>\n<p class=\"p1\"><span style=\"font-size: 14pt;\">Pero tambi\u00e9n hay que apuntarlo, que Roc\u00edo Nahle no es la \u00fanica que puede ser beneficiada con ese cambio a la legislaci\u00f3n veracruzana, ya que el actual alcalde de Xalapa Ricardo Ahued Bardahuil tambi\u00e9n se puede ver beneficiado con ese cambio propuesto, aunque de entrada ya ha declarado que lo borren en la lista de posibles aspirantes para la elecci\u00f3n del 2024, ya que est\u00e1 muy contento trabajando en el palacio municipal.<\/span><\/p>\n<p class=\"p1\"><span style=\"font-size: 14pt;\">Con el auto descarte de Ahued, los que quedan encabezando las listas de posibles candidatos a la gubernatura son Norma Roci\u00f3 Nahle -originaria de Zacatecas- y el diputado federal minatitleco Sergio Guti\u00e9rrez Luna. De entre ellos dos saldr\u00e1 el pr\u00f3ximo.<\/span><\/p>\n<p class=\"p1\"><span style=\"font-size: 14pt;\">Aunque hay otros m\u00e1s morenistas, que andan sufriendo de calenturas electorales, pero no habr\u00e1n de ser m\u00e1s que eso, fiebres de poder.<\/span><\/p>\n<p class=\"p1\"><span style=\"font-size: 14pt;\">Como es bien sabido Norma Roc\u00edo Nahle Garc\u00eda es una pol\u00edtica e ingeniera qu\u00edmica, miembro del partido Morena. Es la actual secretaria de Energ\u00eda en el gobierno del presidente Andr\u00e9s Manuel L\u00f3pez Obrador desde 1 de diciembre de 2018.<\/span><\/p>\n<p class=\"p1\"><span style=\"font-size: 14pt;\">Nacimiento: 14 de abril de 1964 (edad 58 a\u00f1os), R\u00edo Grande, Zacatecas.<\/span><\/p>\n<p class=\"p1\"><span style=\"font-size: 14pt;\">Su C\u00f3nyuge es: Jos\u00e9 Luis Pe\u00f1a Pe\u00f1a<\/span><\/p>\n<p class=\"p1\"><span style=\"font-size: 14pt;\">Cargos anteriores: Senadora del Congreso de la Uni\u00f3n (2018\u20132018),<\/span><\/p>\n<p class=\"p1\"><span style=\"font-size: 14pt;\">Educaci\u00f3n: Universidad Aut\u00f3noma de Zacatecas \u00abFrancisco Garc\u00eda Salinas\u00bb (1981\u20131986).<\/span><\/p>\n<p class=\"p1\"><span style=\"font-size: 14pt;\">Hermanos: Arturo Nahle<\/span><\/p>\n<p class=\"p1\"><span style=\"font-size: 14pt;\">Roc\u00edo Nahle tiene el apoyo local de los morenistas, desde el mism\u00edsimo gobernador del Estado Cuitl\u00e1huac Garc\u00eda Jimenez y del presidente de la Junta de Coordinaci\u00f3n Pol\u00edtica en el Congreso, diputado Juan Javier G\u00f3mez Cazar\u00edn quien de hecho est\u00e1 coordinando ya las acciones a favor de la secretaria de Energ\u00eda.<\/span><\/p>\n<p class=\"p1\"><span style=\"font-size: 14pt;\">Por parte de Sergio Guti\u00e9rrez ha declarado en reiteradas ocasiones que forma parte del proyecto del secretario de Gobernaci\u00f3n Ad\u00e1n Augusto L\u00f3pez Hern\u00e1ndez que ser\u00eda la mancuerna para la presidencial y la local.<\/span><\/p>\n<p class=\"p1\"><span style=\"font-size: 14pt;\">Por lo pronto, en tanto se define quien ser\u00e1 el abanderado de Morena y casi seguro ganador de la elecci\u00f3n del 2024, en la Legislatura ya se present\u00f3 al Pleno la Iniciativa con Proyecto de Decreto que prev\u00e9 adicionar la fracci\u00f3n III al Art\u00edculo 11 de la Constituci\u00f3n Pol\u00edtica del Estado para establecer que \u201cson veracruzanos las o los mexicanos nacidos fuera del territorio del estado, con hijos veracruzanos o con una residencia efectiva de cinco a\u00f1os en territorio veracruzano.\u201d<\/span><\/p>\n<p class=\"p1\"><span style=\"font-size: 14pt;\">Pero mucha atenci\u00f3n, el hecho de que se modifique la Constituci\u00f3n Pol\u00edtica de Veracruz, para que Roc\u00edo Nahle pueda participar como candidata a la gubernatura, no significa que ella vaya a ser la nominada.<\/span><\/p>\n<p class=\"p1\"><span style=\"font-size: 14pt;\">Eso, la candidatura al estado de Veracruz, se va a decidir por ya saben qui\u00e9n y el que sea tambi\u00e9n el candidato a suceder al presidente Andr\u00e9s Manuel L\u00f3pez Obrador.<\/span><\/p>\n<p class=\"p1\"><span style=\"font-size: 14pt;\">Por la sencilla raz\u00f3n, de que quien vaya a ser el bueno para la presidencia de la Rep\u00fablica, tendr\u00e1 que tener tambi\u00e9n en Veracruz un aliado pol\u00edtico, que le aporte los votos del estado para alcanzar el triunfo.<\/span><\/p>\n<p class=\"p1\"><span style=\"font-size: 14pt;\">Lo que s\u00ed es un hecho real, es que ya arrancaron por parte de Morena las campa\u00f1as para definir qui\u00e9n ser\u00e1 el abanderado que aparezca en las boletas electorales del ya tambi\u00e9n pr\u00f3ximo 2024.<\/span><\/p>\n<p>&nbsp;<\/p>\n<p>&nbsp;<\/p>\n<p class=\"p1\"><span style=\"font-size: 18pt;\"><strong>Cont\u00e1ctanos en nuestras redes sociales:<\/strong><\/span><\/p>\n<p class=\"p1\"><span style=\"font-size: 18pt;\"><strong><a href=\"https:\/\/www.canva.com\/design\/DAEN5B9DWgs\/ZCHd2Z8KueYjlg_d59Op3A\/view\">https:\/\/www.canva.com\/design\/DAEN5B9DWgs\/ZCHd2Z8KueYjlg_d59Op3A\/view<\/a><\/strong><\/span><\/p>\n<p>&nbsp;<\/p>\n<p><span style=\"font-size: 18pt; color: #319eca;\"><em><strong>**Las columnas firmadas en este medio son responsabilidad de quienes las firman**<\/strong><\/em><\/span><\/p>\n<p>&nbsp;<\/p>\n<p>&nbsp;<\/p>\n<p>&nbsp;<\/p>\n<p>&nbsp;<\/p>\n","protected":false},"excerpt":{"rendered":"<p>&nbsp; &lt;&lt; Cambios en la Constituci\u00f3n permitir\u00e1n ser candidato a un no veracruzano &gt;&gt; &lt;&lt; El bueno a la gubernatura<\/p>\n","protected":false},"author":4,"featured_media":3280,"comment_status":"closed","ping_status":"closed","sticky":false,"template":"","format":"standard","meta":{"colormag_page_container_layout":"default_layout","colormag_page_sidebar_layout":"default_layout","_jetpack_memberships_contains_paid_content":false,"footnotes":"","jetpack_publicize_message":"","jetpack_publicize_feature_enabled":true,"jetpack_social_post_already_shared":false,"jetpack_social_options":{"image_generator_settings":{"template":"highway","default_image_id":0,"font":"","enabled":false},"version":2}},"categories":[6],"tags":[],"class_list":["post-6626","post","type-post","status-publish","format-standard","has-post-thumbnail","hentry","category-columnistas"],"jetpack_publicize_connections":[],"jetpack_featured_media_url":"https:\/\/noticiasveracruz.com\/wp-content\/uploads\/2022\/04\/NV-MIGUEL-A\u0301NGEL-CRISTIANI.png","jetpack_sharing_enabled":true,"publishpress_future_action":{"enabled":false,"date":"2026-05-05 17:49:18","action":"change-status","newStatus":"draft","terms":[],"taxonomy":"category","extraData":[]},"publishpress_future_workflow_manual_trigger":{"enabledWorkflows":[]},"_links":{"self":[{"href":"https:\/\/noticiasveracruz.com\/index.php\/wp-json\/wp\/v2\/posts\/6626","targetHints":{"allow":["GET"]}}],"collection":[{"href":"https:\/\/noticiasveracruz.com\/index.php\/wp-json\/wp\/v2\/posts"}],"about":[{"href":"https:\/\/noticiasveracruz.com\/index.php\/wp-json\/wp\/v2\/types\/post"}],"author":[{"embeddable":true,"href":"https:\/\/noticiasveracruz.com\/index.php\/wp-json\/wp\/v2\/users\/4"}],"replies":[{"embeddable":true,"href":"https:\/\/noticiasveracruz.com\/index.php\/wp-json\/wp\/v2\/comments?post=6626"}],"version-history":[{"count":0,"href":"https:\/\/noticiasveracruz.com\/index.php\/wp-json\/wp\/v2\/posts\/6626\/revisions"}],"wp:featuredmedia":[{"embeddable":true,"href":"https:\/\/noticiasveracruz.com\/index.php\/wp-json\/wp\/v2\/media\/3280"}],"wp:attachment":[{"href":"https:\/\/noticiasveracruz.com\/index.php\/wp-json\/wp\/v2\/media?parent=6626"}],"wp:term":[{"taxonomy":"category","embeddable":true,"href":"https:\/\/noticiasveracruz.com\/index.php\/wp-json\/wp\/v2\/categories?post=6626"},{"taxonomy":"post_tag","embeddable":true,"href":"https:\/\/noticiasveracruz.com\/index.php\/wp-json\/wp\/v2\/tags?post=6626"}],"curies":[{"name":"wp","href":"https:\/\/api.w.org\/{rel}","templated":true}]}}