{"id":66152,"date":"2025-10-09T22:42:49","date_gmt":"2025-10-10T04:42:49","guid":{"rendered":"https:\/\/noticiasveracruz.com\/?p=66152"},"modified":"2025-10-09T22:42:49","modified_gmt":"2025-10-10T04:42:49","slug":"gobierno-de-tuxpan-adopta-medidas-preventivas-ante-la-crecida-del-rio-tuxpan-que-ya-registra-escurrimientos-hacia-el-bulevar-en-sus-partes-mas-bajas","status":"publish","type":"post","link":"https:\/\/noticiasveracruz.com\/index.php\/2025\/10\/09\/gobierno-de-tuxpan-adopta-medidas-preventivas-ante-la-crecida-del-rio-tuxpan-que-ya-registra-escurrimientos-hacia-el-bulevar-en-sus-partes-mas-bajas\/","title":{"rendered":"Gobierno de Tuxpan adopta medidas preventivas ante la crecida del r\u00edo Tuxpan, que ya registra escurrimientos hacia el bulevar, en sus partes m\u00e1s bajas"},"content":{"rendered":"<p>\u2022 El alcalde Jes\u00fas Fomperoza orden\u00f3 a Protecci\u00f3n Civil establecer los protocolos.<\/p>\n<p>Tuxpan, Ver., 9 de octubre de 2025. &#8211; Esta noche el r\u00edo Tuxpan super\u00f3 su nivel cr\u00edtico y empez\u00f3 a registrar escurrimientos hacia el bulevar, en su parte m\u00e1s baja, por lo que el presidente municipal Dr. Jes\u00fas Fomperoza Torres instruy\u00f3 a Protecci\u00f3n Civil y a SSP Municipal a establecer los protocolos preventivos y de seguridad.<\/p>\n<p>El alcalde destac\u00f3 que se mantiene una estrecha coordinaci\u00f3n institucional con las fuerzas armadas, con la Secretar\u00eda de Protecci\u00f3n Civil del Gobierno del Estado y con la Comisi\u00f3n Nacional del Agua.<\/p>\n<p>Durante un recorrido en la ribera del r\u00edo, indic\u00f3 que se est\u00e1n tomando todas las medidas preventivas y de ser necesario se podr\u00edan colocar sacos de arena en la parte m\u00e1s baja.<\/p>\n<p>Por su parte, el director de Protecci\u00f3n Civil Ren\u00e9 T\u00e9llez Medina indic\u00f3 que se pondr\u00e1 especial atenci\u00f3n a las comunidades asentadas en la ribera del r\u00edo Tuxpan, particularmente Juana Moza, Buenos Aires, Higueral y otras.<\/p>\n<p>A su vez, el director del DIF, Nelson Hern\u00e1ndez Cruz, indic\u00f3 que por instrucciones de la presidenta Melba L\u00f3pez Guti\u00e9rrez se mantiene equipado y en operaci\u00f3n continua el albergue temporal instalado en el DIF, por si siguen las lluvias intensas.<\/p>\n","protected":false},"excerpt":{"rendered":"<p>\u2022 El alcalde Jes\u00fas Fomperoza orden\u00f3 a Protecci\u00f3n Civil establecer los protocolos. Tuxpan, Ver., 9 de octubre de 2025. &#8211;<\/p>\n","protected":false},"author":4,"featured_media":66153,"comment_status":"closed","ping_status":"closed","sticky":false,"template":"","format":"standard","meta":{"colormag_page_container_layout":"default_layout","colormag_page_sidebar_layout":"default_layout","_jetpack_memberships_contains_paid_content":false,"footnotes":"","jetpack_publicize_message":"","jetpack_publicize_feature_enabled":true,"jetpack_social_post_already_shared":true,"jetpack_social_options":{"image_generator_settings":{"template":"highway","default_image_id":0,"font":"","enabled":false},"version":2}},"categories":[3372,356],"tags":[],"class_list":["post-66152","post","type-post","status-publish","format-standard","has-post-thumbnail","hentry","category-gobierno-tuxpan","category-veracruz"],"jetpack_publicize_connections":[],"jetpack_featured_media_url":"https:\/\/noticiasveracruz.com\/wp-content\/uploads\/2025\/10\/WhatsApp-Image-2025-10-09-at-21.00.37-scaled.jpeg","jetpack_sharing_enabled":true,"publishpress_future_action":{"enabled":false,"date":"2026-05-05 20:41:32","action":"change-status","newStatus":"draft","terms":[],"taxonomy":"category","extraData":[]},"publishpress_future_workflow_manual_trigger":{"enabledWorkflows":[]},"_links":{"self":[{"href":"https:\/\/noticiasveracruz.com\/index.php\/wp-json\/wp\/v2\/posts\/66152","targetHints":{"allow":["GET"]}}],"collection":[{"href":"https:\/\/noticiasveracruz.com\/index.php\/wp-json\/wp\/v2\/posts"}],"about":[{"href":"https:\/\/noticiasveracruz.com\/index.php\/wp-json\/wp\/v2\/types\/post"}],"author":[{"embeddable":true,"href":"https:\/\/noticiasveracruz.com\/index.php\/wp-json\/wp\/v2\/users\/4"}],"replies":[{"embeddable":true,"href":"https:\/\/noticiasveracruz.com\/index.php\/wp-json\/wp\/v2\/comments?post=66152"}],"version-history":[{"count":0,"href":"https:\/\/noticiasveracruz.com\/index.php\/wp-json\/wp\/v2\/posts\/66152\/revisions"}],"wp:featuredmedia":[{"embeddable":true,"href":"https:\/\/noticiasveracruz.com\/index.php\/wp-json\/wp\/v2\/media\/66153"}],"wp:attachment":[{"href":"https:\/\/noticiasveracruz.com\/index.php\/wp-json\/wp\/v2\/media?parent=66152"}],"wp:term":[{"taxonomy":"category","embeddable":true,"href":"https:\/\/noticiasveracruz.com\/index.php\/wp-json\/wp\/v2\/categories?post=66152"},{"taxonomy":"post_tag","embeddable":true,"href":"https:\/\/noticiasveracruz.com\/index.php\/wp-json\/wp\/v2\/tags?post=66152"}],"curies":[{"name":"wp","href":"https:\/\/api.w.org\/{rel}","templated":true}]}}