{"id":66148,"date":"2025-10-09T22:41:13","date_gmt":"2025-10-10T04:41:13","guid":{"rendered":"https:\/\/noticiasveracruz.com\/?p=66148"},"modified":"2025-10-09T22:41:13","modified_gmt":"2025-10-10T04:41:13","slug":"hoy-se-inaugura-la-1a-feria-regional-del-libro-itinerante-en-tuxpan","status":"publish","type":"post","link":"https:\/\/noticiasveracruz.com\/index.php\/2025\/10\/09\/hoy-se-inaugura-la-1a-feria-regional-del-libro-itinerante-en-tuxpan\/","title":{"rendered":"Hoy se inaugura la 1\u00aa Feria Regional del Libro-Itinerante en Tuxpan"},"content":{"rendered":"<p>\u2022 La sede ser\u00e1 la Primaria Miguel Lerdo, en calle Genaro Rodr\u00edguez, del 9 al 11 de octubre.<\/p>\n<p>Tuxpan, Ver. \u2013 Este jueves 9 de octubre a las 6:00 de la tarde se llevar\u00e1 a cabo la inauguraci\u00f3n de la 1\u00aa Feria Regional del Libro-Itinerante, en la primaria Miguel Lerdo de Tejada, ubicada en la calle Genaro Rodr\u00edguez N\u00fam. 8 de la Zona Centro.<\/p>\n<p><img loading=\"lazy\" decoding=\"async\" class=\"alignnone size-medium wp-image-66150\" src=\"http:\/\/noticiasveracruz.com\/wp-content\/uploads\/2025\/10\/WhatsApp-Image-2025-10-09-at-12.53.54-230x300.jpeg\" alt=\"\" width=\"230\" height=\"300\" srcset=\"https:\/\/noticiasveracruz.com\/wp-content\/uploads\/2025\/10\/WhatsApp-Image-2025-10-09-at-12.53.54-230x300.jpeg 230w, https:\/\/noticiasveracruz.com\/wp-content\/uploads\/2025\/10\/WhatsApp-Image-2025-10-09-at-12.53.54-784x1024.jpeg 784w, https:\/\/noticiasveracruz.com\/wp-content\/uploads\/2025\/10\/WhatsApp-Image-2025-10-09-at-12.53.54-768x1003.jpeg 768w, https:\/\/noticiasveracruz.com\/wp-content\/uploads\/2025\/10\/WhatsApp-Image-2025-10-09-at-12.53.54.jpeg 859w\" sizes=\"auto, (max-width: 230px) 100vw, 230px\" \/><\/p>\n<p>Esta feria, organizada por el Gobierno del Estado de Veracruz a trav\u00e9s de la Secretar\u00eda de Cultura (SECVER), se realizar\u00e1 hasta el pr\u00f3ximo s\u00e1bado 11 de octubre, en horario de 10 de la ma\u00f1ana a 7 de la tarde.<\/p>\n<p>Participar\u00e1n m\u00e1s de 130 fondos editoriales que pondr\u00e1n al alcance del p\u00fablico t\u00edtulos de gran diversidad tem\u00e1tica, con el prop\u00f3sito de acercar la lectura a toda la zona norte de la entidad.<\/p>\n<p>Se desarrollar\u00e1 una amplia gama de actividades art\u00edsticas y literarias como narraciones orales, teatro, conciertos, talleres, presentaciones musicales, danza folkl\u00f3rica, presentaciones editoriales, entre otras.<\/p>\n<p>Adem\u00e1s, dentro del programa literario, el s\u00e1bado 11 se contar\u00e1 con la participaci\u00f3n del cronista de la ciudad, Salvador Hern\u00e1ndez Garc\u00eda, con una charla acerca de la monograf\u00eda de Tuxpan: \u201cTuxpan, un d\u00eda como hoy en el Tuxpan del Ayer\u201d.<\/p>\n<p>Con esta feria se apuesta por el fomento a la lectura y la diversidad cultural. Asiste, y celebra la magia de la lectura.<\/p>\n","protected":false},"excerpt":{"rendered":"<p>\u2022 La sede ser\u00e1 la Primaria Miguel Lerdo, en calle Genaro Rodr\u00edguez, del 9 al 11 de octubre. Tuxpan, Ver.<\/p>\n","protected":false},"author":4,"featured_media":66149,"comment_status":"closed","ping_status":"closed","sticky":false,"template":"","format":"standard","meta":{"colormag_page_container_layout":"default_layout","colormag_page_sidebar_layout":"default_layout","_jetpack_memberships_contains_paid_content":false,"footnotes":"","jetpack_publicize_message":"","jetpack_publicize_feature_enabled":true,"jetpack_social_post_already_shared":true,"jetpack_social_options":{"image_generator_settings":{"template":"highway","default_image_id":0,"font":"","enabled":false},"version":2}},"categories":[3372,356],"tags":[],"class_list":["post-66148","post","type-post","status-publish","format-standard","has-post-thumbnail","hentry","category-gobierno-tuxpan","category-veracruz"],"jetpack_publicize_connections":[],"jetpack_featured_media_url":"https:\/\/noticiasveracruz.com\/wp-content\/uploads\/2025\/10\/IDTS.jpg","jetpack_sharing_enabled":true,"publishpress_future_action":{"enabled":false,"date":"2026-05-05 20:41:50","action":"change-status","newStatus":"draft","terms":[],"taxonomy":"category","extraData":[]},"publishpress_future_workflow_manual_trigger":{"enabledWorkflows":[]},"_links":{"self":[{"href":"https:\/\/noticiasveracruz.com\/index.php\/wp-json\/wp\/v2\/posts\/66148","targetHints":{"allow":["GET"]}}],"collection":[{"href":"https:\/\/noticiasveracruz.com\/index.php\/wp-json\/wp\/v2\/posts"}],"about":[{"href":"https:\/\/noticiasveracruz.com\/index.php\/wp-json\/wp\/v2\/types\/post"}],"author":[{"embeddable":true,"href":"https:\/\/noticiasveracruz.com\/index.php\/wp-json\/wp\/v2\/users\/4"}],"replies":[{"embeddable":true,"href":"https:\/\/noticiasveracruz.com\/index.php\/wp-json\/wp\/v2\/comments?post=66148"}],"version-history":[{"count":0,"href":"https:\/\/noticiasveracruz.com\/index.php\/wp-json\/wp\/v2\/posts\/66148\/revisions"}],"wp:featuredmedia":[{"embeddable":true,"href":"https:\/\/noticiasveracruz.com\/index.php\/wp-json\/wp\/v2\/media\/66149"}],"wp:attachment":[{"href":"https:\/\/noticiasveracruz.com\/index.php\/wp-json\/wp\/v2\/media?parent=66148"}],"wp:term":[{"taxonomy":"category","embeddable":true,"href":"https:\/\/noticiasveracruz.com\/index.php\/wp-json\/wp\/v2\/categories?post=66148"},{"taxonomy":"post_tag","embeddable":true,"href":"https:\/\/noticiasveracruz.com\/index.php\/wp-json\/wp\/v2\/tags?post=66148"}],"curies":[{"name":"wp","href":"https:\/\/api.w.org\/{rel}","templated":true}]}}