{"id":66146,"date":"2025-10-09T00:27:02","date_gmt":"2025-10-09T06:27:02","guid":{"rendered":"https:\/\/noticiasveracruz.com\/?p=66146"},"modified":"2025-10-09T00:27:02","modified_gmt":"2025-10-09T06:27:02","slug":"transformacion-o-destruccion","status":"publish","type":"post","link":"https:\/\/noticiasveracruz.com\/index.php\/2025\/10\/09\/transformacion-o-destruccion\/","title":{"rendered":"\u00bfTransformaci\u00f3n o destrucci\u00f3n?"},"content":{"rendered":"<p>Desde la desafortunada gobernanza de Andr\u00e9s Manuel L\u00f3pez Obrador, la Academia de Derecho Penal del Colegio Nacional de Abogados Foro de M\u00e9xico ha venido insistiendo en la forma y modo en que la Cuarta Transformaci\u00f3n de la Naci\u00f3n se encuentra destruyendo la Carta de Carranza. Nuestro Pacto Federal hoy ha sido malignamente transformado en letra y esp\u00edritu. Nunca se hab\u00eda experimentado tanta ignorancia y mezquindad.<\/p>\n<p>Ese tal ex presidente de la Rep\u00fablica, pas\u00f3 por alto y sin recato alguno todos los principios de la Asamblea Constituyente, los cuales le conced\u00edan a nuestro Pacto Federal una actitud l\u00f3gica, congruente y consecuente con la sangre derramada por millones de mexicanos.<\/p>\n<p>La continuidad de la filosof\u00eda de esos mexicanos que ofrendaron su vida para darle vida a nuestra Constituci\u00f3n Pol\u00edtica de los Estados Unidos Mexicanos, fue el sustento del crecimiento pol\u00edtico, social y jur\u00eddico de nuestra Naci\u00f3n. Literalmente ese deplorable gobernante pisote\u00f3 y mancill\u00f3 esa sangre.<\/p>\n<p>Todos los procesos legislativos de la Cuarta Transformaci\u00f3n de la Naci\u00f3n y su segundo piso con los que se efectuaron esos detestables cambios, atropellaron el Estado de Derecho, la seguridad jur\u00eddica y las salvaguardas que nos otorgaba esa Carta Fundamental; esas reformas, todas ellas, fueron contrarias a cualquier principio de racionalidad jur\u00eddica. \u00a0Andr\u00e9s Manuel L\u00f3pez Obrador, sus seguidores y aplaudidores convirtieron en un adefesio a nuestra Ley de Leyes, ello es una burla para M\u00e9xico.<\/p>\n<p>En la historia jur\u00eddica patria no existen precedentes con similares actitudes depredadoras como el experimentado durante el mal gobierno de los \u201cabrazos y besos a la delincuencia\u201d.<\/p>\n<p>Expresado lo antepuesto, con voz viril hoy corresponde a la Academia de Derecho Penal del Colegio Nacional de Abogados Foro de M\u00e9xico, efectuar un profundo an\u00e1lisis de la posici\u00f3n a seguir por parte de todos los estudiosos del derecho y amantes de la justicia y, para ello la respuesta nos la concede la propia letra del esp\u00edritu que plasm\u00f3 el Constituyente del 17, cuando con pluma de oro en lo conducente escribi\u00f3:<\/p>\n<p>Art\u00edculo 136: \u201cEn caso de que por cualquier trastorno p\u00fablico se establezca un gobierno contrario a los principios que ella sanciona, tan luego como el pueblo recobre su libertad, se restablecer\u00e1 su observancia\u201d.<\/p>\n<p>Para las togas que se precian de estudiar el Derecho, resulta evidente que el supuesto al que alude el ar\u00e1bigo en cita ha encontrado vigencia.<\/p>\n<p>Luchemos por que en su oportunidad se aplique el numeral en comento. Provoquemos el triunfo de la teor\u00eda plasmada por el Constituyente Revolucionario.<\/p>\n<p>Siempre se ha sostenido y se seguir\u00e1 sosteniendo que en el esp\u00edritu de esa Carta de Carranza se encuentra el principio y el beneficio para M\u00e9xico.<\/p>\n<p>Es cu\u00e1nto.<\/p>\n<p><img loading=\"lazy\" decoding=\"async\" class=\"alignnone wp-image-65894 size-full\" src=\"http:\/\/noticiasveracruz.com\/wp-content\/uploads\/2025\/10\/FIRMA-EDITORIAL-PD-2.jpg\" alt=\"\" width=\"1024\" height=\"125\" srcset=\"https:\/\/noticiasveracruz.com\/wp-content\/uploads\/2025\/10\/FIRMA-EDITORIAL-PD-2.jpg 1024w, https:\/\/noticiasveracruz.com\/wp-content\/uploads\/2025\/10\/FIRMA-EDITORIAL-PD-2-300x37.jpg 300w, https:\/\/noticiasveracruz.com\/wp-content\/uploads\/2025\/10\/FIRMA-EDITORIAL-PD-2-768x94.jpg 768w\" sizes=\"auto, (max-width: 1024px) 100vw, 1024px\" \/><\/p>\n","protected":false},"excerpt":{"rendered":"<p>Desde la desafortunada gobernanza de Andr\u00e9s Manuel L\u00f3pez Obrador, la Academia de Derecho Penal del Colegio Nacional de Abogados Foro<\/p>\n","protected":false},"author":4,"featured_media":39651,"comment_status":"closed","ping_status":"closed","sticky":false,"template":"","format":"standard","meta":{"colormag_page_container_layout":"default_layout","colormag_page_sidebar_layout":"default_layout","_jetpack_memberships_contains_paid_content":false,"footnotes":"","jetpack_publicize_message":"","jetpack_publicize_feature_enabled":true,"jetpack_social_post_already_shared":true,"jetpack_social_options":{"image_generator_settings":{"template":"highway","default_image_id":0,"font":"","enabled":false},"version":2}},"categories":[6],"tags":[],"class_list":["post-66146","post","type-post","status-publish","format-standard","has-post-thumbnail","hentry","category-columnistas"],"jetpack_publicize_connections":[],"jetpack_featured_media_url":"https:\/\/noticiasveracruz.com\/wp-content\/uploads\/2024\/09\/NV-ALBERTO-WOOLRICH-2.jpg","jetpack_sharing_enabled":true,"publishpress_future_action":{"enabled":false,"date":"2026-05-05 21:16:29","action":"change-status","newStatus":"draft","terms":[],"taxonomy":"category","extraData":[]},"publishpress_future_workflow_manual_trigger":{"enabledWorkflows":[]},"_links":{"self":[{"href":"https:\/\/noticiasveracruz.com\/index.php\/wp-json\/wp\/v2\/posts\/66146","targetHints":{"allow":["GET"]}}],"collection":[{"href":"https:\/\/noticiasveracruz.com\/index.php\/wp-json\/wp\/v2\/posts"}],"about":[{"href":"https:\/\/noticiasveracruz.com\/index.php\/wp-json\/wp\/v2\/types\/post"}],"author":[{"embeddable":true,"href":"https:\/\/noticiasveracruz.com\/index.php\/wp-json\/wp\/v2\/users\/4"}],"replies":[{"embeddable":true,"href":"https:\/\/noticiasveracruz.com\/index.php\/wp-json\/wp\/v2\/comments?post=66146"}],"version-history":[{"count":0,"href":"https:\/\/noticiasveracruz.com\/index.php\/wp-json\/wp\/v2\/posts\/66146\/revisions"}],"wp:featuredmedia":[{"embeddable":true,"href":"https:\/\/noticiasveracruz.com\/index.php\/wp-json\/wp\/v2\/media\/39651"}],"wp:attachment":[{"href":"https:\/\/noticiasveracruz.com\/index.php\/wp-json\/wp\/v2\/media?parent=66146"}],"wp:term":[{"taxonomy":"category","embeddable":true,"href":"https:\/\/noticiasveracruz.com\/index.php\/wp-json\/wp\/v2\/categories?post=66146"},{"taxonomy":"post_tag","embeddable":true,"href":"https:\/\/noticiasveracruz.com\/index.php\/wp-json\/wp\/v2\/tags?post=66146"}],"curies":[{"name":"wp","href":"https:\/\/api.w.org\/{rel}","templated":true}]}}