{"id":66142,"date":"2025-10-09T00:23:06","date_gmt":"2025-10-09T06:23:06","guid":{"rendered":"https:\/\/noticiasveracruz.com\/?p=66142"},"modified":"2025-10-09T00:23:06","modified_gmt":"2025-10-09T06:23:06","slug":"manuel-huerta-el-senador-sin-causa","status":"publish","type":"post","link":"https:\/\/noticiasveracruz.com\/index.php\/2025\/10\/09\/manuel-huerta-el-senador-sin-causa\/","title":{"rendered":"Manuel Huerta: el senador sin causa"},"content":{"rendered":"<p style=\"font-weight: 400;\"><em>\u201cPor nuestra codicia lo mucho es poco; por nuestra necesidad lo poco es mucho\u201d. \u2013 Mir\u00f3.<\/em><\/p>\n<p style=\"font-weight: 400;\"><strong>El senador veracruzano Manuel Huerta Ladr\u00f3n de Guevara parece haber perdido el rumbo. Lo que alguna vez fue una trayectoria vinculada al movimiento transformador que dio origen a la Cuarta Transformaci\u00f3n, hoy se diluye entre pactos oportunistas, ambiciones personales y una lealtad cada vez m\u00e1s visible hacia intereses ajenos al proyecto que lo vio crecer pol\u00edticamente. Su entreguismo a los designios de Ad\u00e1n Augusto L\u00f3pez Hern\u00e1ndez, y su condescendencia con el clan yunista, resultan, por decir lo menos, preocupantes.<\/strong><\/p>\n<p style=\"font-weight: 400;\"><strong>En los \u00faltimos meses, Huerta se ha convertido en una figura contradictoria: dice representar los ideales del pueblo, pero act\u00faa en defensa de grupos pol\u00edticos cuestionados por sus v\u00ednculos con la delincuencia organizada, como el caso del grupo conocido como La Barredora, con el cual hoy se relaciona el clan Yunes. Lo m\u00e1s grave es que su postura no solo contraviene los principios de Morena y del propio movimiento de transformaci\u00f3n, sino que desaf\u00eda abiertamente a la presidenta de M\u00e9xico y a la Constituci\u00f3n misma. Ese es el nivel de extrav\u00edo pol\u00edtico en el que ha ca\u00eddo el senador.<\/strong><\/p>\n<p style=\"font-weight: 400;\"><strong>En un juego de fuerzas, la cuerda se estira hasta que un lado ya no puede m\u00e1s y revienta, y a eso est\u00e1n jugando al interior de Morena; por un lado, el equipo encabezado por la presidenta Claudia Sheinbaum, y por el otro, el coordinador de los senadores, Ad\u00e1n Augusto L\u00f3pez. Mientras Sheinbaum Pardo busca consolidar un gobierno con perfiles t\u00e9cnicos y de confianza, el grupo que a\u00fan responde a las \u00f3rdenes desde Palenque se resiste a perder poder e impunidad. La fractura ya es evidente, y personajes como Manuel Huerta son hoy piezas funcionales en esa disputa.<\/strong><\/p>\n<p style=\"font-weight: 400;\"><strong>La semana pasada, el Senado morenista dio un rev\u00e9s a la propuesta de reforma a la Ley de Amparo enviada por la presidenta, y ah\u00ed volvi\u00f3 a asomar la mano del veracruzano. En una maniobra que desaf\u00eda el art\u00edculo 14 constitucional, Huerta propuso aplicar retroactividad a las reformas, lo que demuestra su sumisi\u00f3n al grupo de Ad\u00e1n Augusto. La propia Sheinbaum tuvo que salir a aclarar que no fue su propuesta y pidi\u00f3 a los diputados corregir el error. Ese episodio, m\u00e1s que un simple desacuerdo t\u00e9cnico, reflej\u00f3 la rebeld\u00eda del grupo tabasque\u00f1o y su negativa a reconocer el liderazgo de la mandataria.<\/strong><\/p>\n<p style=\"font-weight: 400;\"><strong>Huerta ten\u00eda una posici\u00f3n estrat\u00e9gica: la presidencia de la Comisi\u00f3n de Agricultura, desde donde pudo haber impulsado pol\u00edticas p\u00fablicas y apoyos reales para Veracruz, un estado con un potencial agr\u00edcola enorme. Pero prefiri\u00f3 la \u201cgrilla\u201d y cambi\u00f3 esa comisi\u00f3n por la de Estudios Legislativos, una posici\u00f3n que le ofrec\u00eda m\u00e1s reflectores y cercan\u00eda con el grupo pol\u00edtico de su jefe y aliado, Ad\u00e1n Augusto. No sorprende que, fiel a ese v\u00ednculo, haya conseguido el cargo de inmediato.<\/strong><\/p>\n<p style=\"font-weight: 400;\"><strong>La alianza que se ha tejido entre Ad\u00e1n Augusto, Miguel \u00c1ngel Yunes y Manuel Huerta es una muestra de c\u00f3mo la conveniencia pol\u00edtica puede borrar fronteras ideol\u00f3gicas. Los tres conforman hoy una terna de intereses que poco tiene que ver con la transformaci\u00f3n del pa\u00eds. Se les ve juntos, sonrientes, reparti\u00e9ndose elogios, mientras Veracruz y su gente siguen esperando resultados.<\/strong><\/p>\n<p style=\"font-weight: 400;\"><strong>El pasado domingo, en el z\u00f3calo capitalino, los contingentes veracruzanos acudieron con entusiasmo a respaldar el movimiento; sin embargo, Huerta lleg\u00f3 solo, sin respaldo ni estructura. No mueve ni una hoja en el viento, pero no pierde oportunidad de lanzar dardos contra sus compa\u00f1eros morenistas y contra el gobierno estatal. Ese es su nuevo papel: el del cr\u00edtico interno que, en lugar de construir, destruye.<\/strong><\/p>\n<p style=\"font-weight: 400;\"><strong>Cada vez m\u00e1s alejado de Morena y m\u00e1s cerca del PT y de Movimiento Ciudadano, Manuel Huerta parece haber elegido su destino. Pero lo hizo no por convicci\u00f3n, sino por conveniencia. Y en pol\u00edtica, cuando la lealtad se vende, la historia no perdona.<\/strong><\/p>\n<p style=\"font-weight: 400;\"><strong>\u00a0<\/strong><\/p>\n<p style=\"font-weight: 400;\"><strong>Al tiempo.<\/strong><\/p>\n<p><img loading=\"lazy\" decoding=\"async\" class=\"alignnone wp-image-65894 size-full\" src=\"http:\/\/noticiasveracruz.com\/wp-content\/uploads\/2025\/10\/FIRMA-EDITORIAL-PD-2.jpg\" alt=\"\" width=\"1024\" height=\"125\" srcset=\"https:\/\/noticiasveracruz.com\/wp-content\/uploads\/2025\/10\/FIRMA-EDITORIAL-PD-2.jpg 1024w, https:\/\/noticiasveracruz.com\/wp-content\/uploads\/2025\/10\/FIRMA-EDITORIAL-PD-2-300x37.jpg 300w, https:\/\/noticiasveracruz.com\/wp-content\/uploads\/2025\/10\/FIRMA-EDITORIAL-PD-2-768x94.jpg 768w\" sizes=\"auto, (max-width: 1024px) 100vw, 1024px\" \/><\/p>\n","protected":false},"excerpt":{"rendered":"<p>\u201cPor nuestra codicia lo mucho es poco; por nuestra necesidad lo poco es mucho\u201d. \u2013 Mir\u00f3. El senador veracruzano Manuel<\/p>\n","protected":false},"author":4,"featured_media":30989,"comment_status":"closed","ping_status":"closed","sticky":false,"template":"","format":"standard","meta":{"colormag_page_container_layout":"default_layout","colormag_page_sidebar_layout":"default_layout","_jetpack_memberships_contains_paid_content":false,"footnotes":"","jetpack_publicize_message":"","jetpack_publicize_feature_enabled":true,"jetpack_social_post_already_shared":true,"jetpack_social_options":{"image_generator_settings":{"template":"highway","default_image_id":0,"font":"","enabled":false},"version":2}},"categories":[6],"tags":[],"class_list":["post-66142","post","type-post","status-publish","format-standard","has-post-thumbnail","hentry","category-columnistas"],"jetpack_publicize_connections":[],"jetpack_featured_media_url":"https:\/\/noticiasveracruz.com\/wp-content\/uploads\/2024\/05\/LUIS-RAMIREZ-BAQUEIRO-800x445-1.png","jetpack_sharing_enabled":true,"publishpress_future_action":{"enabled":false,"date":"2026-05-05 21:41:20","action":"change-status","newStatus":"draft","terms":[],"taxonomy":"category","extraData":[]},"publishpress_future_workflow_manual_trigger":{"enabledWorkflows":[]},"_links":{"self":[{"href":"https:\/\/noticiasveracruz.com\/index.php\/wp-json\/wp\/v2\/posts\/66142","targetHints":{"allow":["GET"]}}],"collection":[{"href":"https:\/\/noticiasveracruz.com\/index.php\/wp-json\/wp\/v2\/posts"}],"about":[{"href":"https:\/\/noticiasveracruz.com\/index.php\/wp-json\/wp\/v2\/types\/post"}],"author":[{"embeddable":true,"href":"https:\/\/noticiasveracruz.com\/index.php\/wp-json\/wp\/v2\/users\/4"}],"replies":[{"embeddable":true,"href":"https:\/\/noticiasveracruz.com\/index.php\/wp-json\/wp\/v2\/comments?post=66142"}],"version-history":[{"count":0,"href":"https:\/\/noticiasveracruz.com\/index.php\/wp-json\/wp\/v2\/posts\/66142\/revisions"}],"wp:featuredmedia":[{"embeddable":true,"href":"https:\/\/noticiasveracruz.com\/index.php\/wp-json\/wp\/v2\/media\/30989"}],"wp:attachment":[{"href":"https:\/\/noticiasveracruz.com\/index.php\/wp-json\/wp\/v2\/media?parent=66142"}],"wp:term":[{"taxonomy":"category","embeddable":true,"href":"https:\/\/noticiasveracruz.com\/index.php\/wp-json\/wp\/v2\/categories?post=66142"},{"taxonomy":"post_tag","embeddable":true,"href":"https:\/\/noticiasveracruz.com\/index.php\/wp-json\/wp\/v2\/tags?post=66142"}],"curies":[{"name":"wp","href":"https:\/\/api.w.org\/{rel}","templated":true}]}}