{"id":6614,"date":"2022-07-29T06:00:17","date_gmt":"2022-07-29T11:00:17","guid":{"rendered":"https:\/\/noticiasveracruz.com\/?p=6614"},"modified":"2022-07-29T12:25:26","modified_gmt":"2022-07-29T17:25:26","slug":"un-cuartel-llamado-ine","status":"publish","type":"post","link":"https:\/\/noticiasveracruz.com\/index.php\/2022\/07\/29\/un-cuartel-llamado-ine\/","title":{"rendered":"Un cuartel llamado INE"},"content":{"rendered":"<p>&nbsp;<\/p>\n<p class=\"p1\"><strong><span style=\"font-size: 18pt;\">Por Jos\u00e9 Garc\u00eda S\u00e1nchez<\/span><\/strong><\/p>\n<p class=\"p1\"><span style=\"font-size: 14pt;\">Cuando el parlamento abierto para la reforma electoral empieza las discusiones sobre el tema, dando un lugar a la perfecci\u00f3n de nuestra democracia, el INE y el Tribunal Electoral agreden a una senadora por presuntas agresiones de g\u00e9nero contra alguien que no se sabe qui\u00e9n es pero que desde el <span style=\"font-size: 18pt; color: #e42d33;\"><strong>PAN levantaron una demanda contra Antares V\u00e1zquez Alatorre por violencia pol\u00edtica de g\u00e9nero.<\/strong><\/span><\/span><\/p>\n<p class=\"p1\"><span style=\"font-size: 18pt;\"><strong>Una causa sin importancia y una sanci\u00f3n desproporcionada sirven para demostrar, en primer lugar, que el INE es el grupo de choque del PAN, la banda de la derecha, los porros del conservadurismo. Arremeter contra una senadora por cuestiones tan m\u00ednimas, imponer castigos como si el INE fuera fiscal\u00eda, sancionar como si los consejeros fueran polic\u00edas de crucero, es en realidad muy lamentable para la democracia en M\u00e9xico.<\/strong><\/span><\/p>\n<p class=\"p1\"><span style=\"font-size: 18pt;\"><strong><span style=\"color: #e42d33;\">Antares V\u00e1zquez <\/span>tiene la obligaci\u00f3n de no mencionar el nombre de quienes la acusaron, exactamente como en la <span style=\"color: #e42d33;\">Inquisici\u00f3n<\/span>, debe colocar una disculpa en Twitter todos los d\u00edas, a una hora determinada, mientras espera la sentencia de los inquisidores. Las prohibiciones van encaminadas a paralizar sus actividades pol\u00edticas.<\/strong><\/span><\/p>\n<p class=\"p1\"><span style=\"font-size: 14pt;\">La Sala Regional Especializada del Tribunal Electoral del Poder Judicial de la Federaci\u00f3n determin\u00f3 que, desde el 24 de julio, la senadora deber\u00e1 publicar en sus redes sociales una disculpa p\u00fablica hacia cuatro diputadas federales del PAN por cometer violencia pol\u00edtica en raz\u00f3n de g\u00e9nero contra ellas por su votaci\u00f3n en la discusi\u00f3n de la Reforma El\u00e9ctrica.<\/span><\/p>\n<p class=\"p1\"><span style=\"font-size: 14pt;\">El INE, y sus polic\u00edas, se ha convertido en la Inquisici\u00f3n del siglo XXI, no s\u00f3lo por el conservadurismo de sus integrantes, que nost\u00e1lgicos del pasado act\u00faan con ej\u00e9rcito del rezago represivo, sino por violentar los derechos de los mexicanos.<\/span><\/p>\n<blockquote class=\"twitter-tweet\" data-width=\"550\" data-dnt=\"true\">\n<p lang=\"zxx\" dir=\"ltr\"><a href=\"https:\/\/t.co\/s8UaNFE4Mv\">pic.twitter.com\/s8UaNFE4Mv<\/a><\/p>\n<p>&mdash; Antares V\u00e1zquez Alatorre (@AntaresVazAla) <a href=\"https:\/\/twitter.com\/AntaresVazAla\/status\/1552645796008443904?ref_src=twsrc%5Etfw\">July 28, 2022<\/a><\/p><\/blockquote>\n<p><script async src=\"https:\/\/platform.twitter.com\/widgets.js\" charset=\"utf-8\"><\/script><\/p>\n<p>&nbsp;<\/p>\n<p class=\"p1\"><span style=\"font-size: 18pt;\"><strong>Lo sucedido a la senadora Antares V\u00e1zquez Alatorre, quien fue denunciada por los panistas, golpistas que encuentran en los amparos y denuncias judiciales su \u00fanica manera de desquitar su salario. Todo por decir que los militantes de la oposici\u00f3n parecen<span style=\"color: #e42d33;\"> \u201cmu\u00f1equitas de sololoy\u201d,<\/span> en lugar de decir mu\u00f1equitas y mu\u00f1equitos, la sanci\u00f3n fue desproporcionada como la falsa indignaci\u00f3n de las pla\u00f1ideras de Acci\u00f3n Nacional, quienes carecen de vocaci\u00f3n pol\u00edtica, pero tienen un ADN de resentimiento pol\u00edtico que raya en lo patol\u00f3gico, las derrotas continuas los y las volvi\u00f3 denunciantes ante el surgimiento de los tiempos nuevos.<\/strong><\/span><\/p>\n<p><img loading=\"lazy\" decoding=\"async\" class=\"aligncenter wp-image-6616 size-large\" src=\"http:\/\/noticiasveracruz.com\/wp-content\/uploads\/2022\/07\/P-ANTARESOKE-1024x573.png\" alt=\"\" width=\"800\" height=\"448\" srcset=\"https:\/\/noticiasveracruz.com\/wp-content\/uploads\/2022\/07\/P-ANTARESOKE-1024x573.png 1024w, https:\/\/noticiasveracruz.com\/wp-content\/uploads\/2022\/07\/P-ANTARESOKE-300x168.png 300w, https:\/\/noticiasveracruz.com\/wp-content\/uploads\/2022\/07\/P-ANTARESOKE-768x430.png 768w, https:\/\/noticiasveracruz.com\/wp-content\/uploads\/2022\/07\/P-ANTARESOKE-1536x859.png 1536w, https:\/\/noticiasveracruz.com\/wp-content\/uploads\/2022\/07\/P-ANTARESOKE-600x336.png 600w, https:\/\/noticiasveracruz.com\/wp-content\/uploads\/2022\/07\/P-ANTARESOKE.png 1816w\" sizes=\"auto, (max-width: 800px) 100vw, 800px\" \/><\/p>\n<p>&nbsp;<\/p>\n<p class=\"p1\"><span style=\"font-size: 18pt;\"><strong>El PAN quiere seguir gobernado Guanajuato, nueva sede de El Yunque, que nacido en Puebla se traslad\u00f3 a este espacio que consider\u00f3 propio para siempre, y ahora hasta en sus bastiones se ve muy disminuido y m\u00e1s a\u00fan con la administraci\u00f3n del gobernador panista que convirti\u00f3 la entidad en el estado m\u00e1s violento del pa\u00eds y una guarida de delincuentes.<\/strong><\/span><\/p>\n<p class=\"p1\"><span style=\"font-size: 14pt;\">Cualquiera que altere el sistema de los delincuentes que en complicidad con el gobierno estatal mandan en Guanajuato, es enemigo a muerte. Lo defender\u00e1n a sangre y fuego. De la derecha puede esperarse todo, de ah\u00ed que esta sentencia, injusta, tramposa, delictivos, es s\u00f3lo un anunci\u00f3 de la ferocidad irracional con la que defender\u00e1n su madriguera.<\/span><\/p>\n<p class=\"p1\"><span style=\"font-size: 14pt;\"><span style=\"font-size: 18pt;\"><strong>La integrida<\/strong><strong>d de la senadora puede estar en peligro trat\u00e1ndose del \u00faltimo basti\u00f3n del PAN, un refugio rupestre de la ultraderecha y la \u00faltima ratonera de El Yunque.<\/strong><\/span><\/span><\/p>\n<p>&nbsp;<\/p>\n<p>&nbsp;<\/p>\n<p><strong><span style=\"font-size: 18pt;\">Twitter: <a href=\"https:\/\/twitter.com\/Josangasa3\">@Josangasa3<\/a><\/span><\/strong><\/p>\n<p>&nbsp;<\/p>\n<p><span style=\"font-size: 18pt; color: #e42d33;\"><em><strong>**Las columnas firmadas en este medio son responsabilidad de quienes las firman**<\/strong><\/em><\/span><\/p>\n<p>&nbsp;<\/p>\n<p>&nbsp;<\/p>\n<p>&nbsp;<\/p>\n<p>&nbsp;<\/p>\n","protected":false},"excerpt":{"rendered":"<p>&nbsp; Por Jos\u00e9 Garc\u00eda S\u00e1nchez Cuando el parlamento abierto para la reforma electoral empieza las discusiones sobre el tema, dando<\/p>\n","protected":false},"author":4,"featured_media":3183,"comment_status":"closed","ping_status":"closed","sticky":false,"template":"","format":"standard","meta":{"colormag_page_container_layout":"default_layout","colormag_page_sidebar_layout":"default_layout","_jetpack_memberships_contains_paid_content":false,"footnotes":"","jetpack_publicize_message":"","jetpack_publicize_feature_enabled":true,"jetpack_social_post_already_shared":false,"jetpack_social_options":{"image_generator_settings":{"template":"highway","default_image_id":0,"font":"","enabled":false},"version":2}},"categories":[6],"tags":[1174,1176,66,1175,74],"class_list":["post-6614","post","type-post","status-publish","format-standard","has-post-thumbnail","hentry","category-columnistas","tag-antares-vazquez","tag-el-yunque","tag-ine","tag-inquisicion","tag-pan"],"jetpack_publicize_connections":[],"jetpack_featured_media_url":"https:\/\/noticiasveracruz.com\/wp-content\/uploads\/2022\/04\/NV-JOSE\u0301-GARCI\u0301A.png","jetpack_sharing_enabled":true,"publishpress_future_action":{"enabled":false,"date":"2026-05-08 01:16:12","action":"change-status","newStatus":"draft","terms":[],"taxonomy":"category","extraData":[]},"publishpress_future_workflow_manual_trigger":{"enabledWorkflows":[]},"_links":{"self":[{"href":"https:\/\/noticiasveracruz.com\/index.php\/wp-json\/wp\/v2\/posts\/6614","targetHints":{"allow":["GET"]}}],"collection":[{"href":"https:\/\/noticiasveracruz.com\/index.php\/wp-json\/wp\/v2\/posts"}],"about":[{"href":"https:\/\/noticiasveracruz.com\/index.php\/wp-json\/wp\/v2\/types\/post"}],"author":[{"embeddable":true,"href":"https:\/\/noticiasveracruz.com\/index.php\/wp-json\/wp\/v2\/users\/4"}],"replies":[{"embeddable":true,"href":"https:\/\/noticiasveracruz.com\/index.php\/wp-json\/wp\/v2\/comments?post=6614"}],"version-history":[{"count":0,"href":"https:\/\/noticiasveracruz.com\/index.php\/wp-json\/wp\/v2\/posts\/6614\/revisions"}],"wp:featuredmedia":[{"embeddable":true,"href":"https:\/\/noticiasveracruz.com\/index.php\/wp-json\/wp\/v2\/media\/3183"}],"wp:attachment":[{"href":"https:\/\/noticiasveracruz.com\/index.php\/wp-json\/wp\/v2\/media?parent=6614"}],"wp:term":[{"taxonomy":"category","embeddable":true,"href":"https:\/\/noticiasveracruz.com\/index.php\/wp-json\/wp\/v2\/categories?post=6614"},{"taxonomy":"post_tag","embeddable":true,"href":"https:\/\/noticiasveracruz.com\/index.php\/wp-json\/wp\/v2\/tags?post=6614"}],"curies":[{"name":"wp","href":"https:\/\/api.w.org\/{rel}","templated":true}]}}