{"id":66132,"date":"2025-10-09T00:19:10","date_gmt":"2025-10-09T06:19:10","guid":{"rendered":"https:\/\/noticiasveracruz.com\/?p=66132"},"modified":"2025-10-09T00:10:55","modified_gmt":"2025-10-09T06:10:55","slug":"petro-dice-tener-indicios-de-que-cuarta-lancha-atacada-por-eu-es-colombiana","status":"publish","type":"post","link":"https:\/\/noticiasveracruz.com\/index.php\/2025\/10\/09\/petro-dice-tener-indicios-de-que-cuarta-lancha-atacada-por-eu-es-colombiana\/","title":{"rendered":"Petro dice tener \u201cindicios\u201d de que cuarta lancha atacada por EU es colombiana"},"content":{"rendered":"<p class=\"nota-justify\">El presidente colombiano, Gustavo Petro, asegur\u00f3 este mi\u00e9rcoles que tiene indicios de que la cuarta peque\u00f1a embarcaci\u00f3n atacada por Estados Unidos en aguas frente a Venezuela era de origen colombiano y transportaba a sus connacionales, sin mostrar pruebas ni aclarar cu\u00e1ntos ocupantes hab\u00eda.<\/p>\n<p class=\"nota-justify\">\u201cEspero que aparezcan sus familias y denuncien\u201d, agreg\u00f3 Petro desde su red social en X.<\/p>\n<p class=\"nota-justify\">The Associated Press pidi\u00f3 informaci\u00f3n adicional a la Presidencia de Colombia y al Ministerio de Defensa sobre la denuncia del Presidente sin obtener respuesta de inmediato.<\/p>\n<p class=\"nota-justify\">El gobierno del presidente, Donald Trump, confirm\u00f3 que orden\u00f3 el ataque a una embarcaci\u00f3n el pasado 3 de octubre, asegurando que traficaba narc\u00f3ticos y que sus ocupantes eran\u00a0<i>narcoterroristas<\/i>. El reporte indic\u00f3 que cuatro hombres murieron en el ataque, sin especificar sus nacionalidades ni ofrecer ning\u00fan otro detalle sobre su identidad.<\/p>\n<p class=\"nota-justify\">Tampoco se\u00f1al\u00f3 a qu\u00e9 organizaci\u00f3n pertenec\u00edan, tras la designaci\u00f3n de varios c\u00e1rteles latinoamericanos como organizaciones terroristas extranjeras por parte de Estados Unidos. La Uni\u00f3n Americana justifica su despliegue militar en aguas del Caribe frente a las costas venezolanas como una forma de atacar a los narcotraficantes.<\/p>\n<p class=\"nota-justify\">El gobierno de Nicol\u00e1s Maduro, reiter\u00f3 que Venezuela no es un participante clave en el tr\u00e1fico de drogas global. Entre tanto, busc\u00f3 incorporar a voluntarios civiles armados para que se preparen ante una supuesta amenaza de agresi\u00f3n extranjera.<\/p>\n<p class=\"nota-justify\">Petro calific\u00f3 como \u201casesinatos\u201d los ataques estadunidenses a las embarcaciones que salieron supuestamente cargadas de droga de las costas venezolanas y asegur\u00f3 que no prestar\u00eda su territorio ante una eventual invasi\u00f3n a Venezuela.<\/p>\n","protected":false},"excerpt":{"rendered":"<p>El presidente colombiano, Gustavo Petro, asegur\u00f3 este mi\u00e9rcoles que tiene indicios de que la cuarta peque\u00f1a embarcaci\u00f3n atacada por Estados<\/p>\n","protected":false},"author":4,"featured_media":66133,"comment_status":"closed","ping_status":"closed","sticky":false,"template":"","format":"standard","meta":{"colormag_page_container_layout":"default_layout","colormag_page_sidebar_layout":"default_layout","_jetpack_memberships_contains_paid_content":false,"footnotes":"","jetpack_publicize_message":"","jetpack_publicize_feature_enabled":true,"jetpack_social_post_already_shared":true,"jetpack_social_options":{"image_generator_settings":{"template":"highway","default_image_id":0,"font":"","enabled":false},"version":2}},"categories":[355],"tags":[],"class_list":["post-66132","post","type-post","status-publish","format-standard","has-post-thumbnail","hentry","category-internacional"],"jetpack_publicize_connections":[],"jetpack_featured_media_url":"https:\/\/noticiasveracruz.com\/wp-content\/uploads\/2025\/10\/PERO.jpg","jetpack_sharing_enabled":true,"publishpress_future_action":{"enabled":false,"date":"2026-05-05 22:14:25","action":"change-status","newStatus":"draft","terms":[],"taxonomy":"category","extraData":[]},"publishpress_future_workflow_manual_trigger":{"enabledWorkflows":[]},"_links":{"self":[{"href":"https:\/\/noticiasveracruz.com\/index.php\/wp-json\/wp\/v2\/posts\/66132","targetHints":{"allow":["GET"]}}],"collection":[{"href":"https:\/\/noticiasveracruz.com\/index.php\/wp-json\/wp\/v2\/posts"}],"about":[{"href":"https:\/\/noticiasveracruz.com\/index.php\/wp-json\/wp\/v2\/types\/post"}],"author":[{"embeddable":true,"href":"https:\/\/noticiasveracruz.com\/index.php\/wp-json\/wp\/v2\/users\/4"}],"replies":[{"embeddable":true,"href":"https:\/\/noticiasveracruz.com\/index.php\/wp-json\/wp\/v2\/comments?post=66132"}],"version-history":[{"count":0,"href":"https:\/\/noticiasveracruz.com\/index.php\/wp-json\/wp\/v2\/posts\/66132\/revisions"}],"wp:featuredmedia":[{"embeddable":true,"href":"https:\/\/noticiasveracruz.com\/index.php\/wp-json\/wp\/v2\/media\/66133"}],"wp:attachment":[{"href":"https:\/\/noticiasveracruz.com\/index.php\/wp-json\/wp\/v2\/media?parent=66132"}],"wp:term":[{"taxonomy":"category","embeddable":true,"href":"https:\/\/noticiasveracruz.com\/index.php\/wp-json\/wp\/v2\/categories?post=66132"},{"taxonomy":"post_tag","embeddable":true,"href":"https:\/\/noticiasveracruz.com\/index.php\/wp-json\/wp\/v2\/tags?post=66132"}],"curies":[{"name":"wp","href":"https:\/\/api.w.org\/{rel}","templated":true}]}}