{"id":66108,"date":"2025-10-09T00:11:04","date_gmt":"2025-10-09T06:11:04","guid":{"rendered":"https:\/\/noticiasveracruz.com\/?p=66108"},"modified":"2025-10-08T23:53:55","modified_gmt":"2025-10-09T05:53:55","slug":"mexico-tiene-gran-potencial-de-convertirse-en-economia-avanzada-en-10-o-15-anos-wef","status":"publish","type":"post","link":"https:\/\/noticiasveracruz.com\/index.php\/2025\/10\/09\/mexico-tiene-gran-potencial-de-convertirse-en-economia-avanzada-en-10-o-15-anos-wef\/","title":{"rendered":"M\u00e9xico tiene \u201cgran potencial\u201d de convertirse en econom\u00eda avanzada en 10 o 15 a\u00f1os: WEF"},"content":{"rendered":"<p>M\u00e9xico tiene \u201cgran potencial\u201d de convertirse en una econom\u00eda avanzada en los pr\u00f3ximos 10 o 15 a\u00f1os si se implementan las reformas adecuadas e incluso si se centra en sectores que est\u00e1n creciendo m\u00e1s, como los tecnol\u00f3gicos, se\u00f1al\u00f3 B\u00f8rge Brende, presidente del Foro Econ\u00f3mico Mundial (WEF).<\/p>\n<p>En conferencia despu\u00e9s de acudir a una reuni\u00f3n con la presidenta Claudia Sheinbaum Pardo y parte de su gabinete econ\u00f3mico, el directivo coment\u00f3 que el pa\u00eds tiene una ubicaci\u00f3n geogr\u00e1fica muy favorable, adem\u00e1s de ser vecino de la econom\u00eda m\u00e1s grande del mundo, que es Estados Unidos.<\/p>\n<p>Explic\u00f3 que si bien los aranceles que ha impuesto el gobierno estadunidense provocar\u00e1n cierta relocalizaci\u00f3n a esa naci\u00f3n, el costo de la mano de obra ser\u00e1 alto y la manufactura no se realizar\u00e1 completamente en Estados Unidos, por lo que M\u00e9xico es la opci\u00f3n.<\/p>\n<p>No obstante, coment\u00f3 que la econom\u00eda estadunidense no est\u00e1 siendo impulsada por la manufactura, sino por las inversiones en inteligencia artificial y tecnolog\u00edas de vanguardia, al menos 500 mil millones de d\u00f3lares estadunidenses este a\u00f1o.<\/p>\n<p>\u201cPara que M\u00e9xico se beneficie m\u00e1s del crecimiento en el futuro, tambi\u00e9n debe centrarse m\u00e1s en las \u00e1reas donde vemos mayor crecimiento, como el comercio digital, la econom\u00eda totalmente digital y la econom\u00eda de servicios. La manufactura tradicional, de hecho, no est\u00e1 creciendo, pero es posible que veamos cierta reubicaci\u00f3n de la manufactura m\u00e1s cerca de Estados Unidos\u201d, dijo.<\/p>\n<p>Destac\u00f3 que M\u00e9xico es la decimoquinta econom\u00eda m\u00e1s grande del mundo, pero \u201ctiene la perspectiva de convertirse en una econom\u00eda muy avanzada en los pr\u00f3ximos 10 o 15 a\u00f1os si se implementan las reformas adecuadas\u201d.<\/p>\n","protected":false},"excerpt":{"rendered":"<p>M\u00e9xico tiene \u201cgran potencial\u201d de convertirse en una econom\u00eda avanzada en los pr\u00f3ximos 10 o 15 a\u00f1os si se implementan<\/p>\n","protected":false},"author":4,"featured_media":66109,"comment_status":"closed","ping_status":"closed","sticky":false,"template":"","format":"standard","meta":{"colormag_page_container_layout":"default_layout","colormag_page_sidebar_layout":"default_layout","_jetpack_memberships_contains_paid_content":false,"footnotes":"","jetpack_publicize_message":"","jetpack_publicize_feature_enabled":true,"jetpack_social_post_already_shared":true,"jetpack_social_options":{"image_generator_settings":{"template":"highway","default_image_id":0,"font":"","enabled":false},"version":2}},"categories":[1947],"tags":[],"class_list":["post-66108","post","type-post","status-publish","format-standard","has-post-thumbnail","hentry","category-economia"],"jetpack_publicize_connections":[],"jetpack_featured_media_url":"https:\/\/noticiasveracruz.com\/wp-content\/uploads\/2025\/10\/COOONTNT.jpg","jetpack_sharing_enabled":true,"publishpress_future_action":{"enabled":false,"date":"2026-05-08 02:20:23","action":"change-status","newStatus":"draft","terms":[],"taxonomy":"category","extraData":[]},"publishpress_future_workflow_manual_trigger":{"enabledWorkflows":[]},"_links":{"self":[{"href":"https:\/\/noticiasveracruz.com\/index.php\/wp-json\/wp\/v2\/posts\/66108","targetHints":{"allow":["GET"]}}],"collection":[{"href":"https:\/\/noticiasveracruz.com\/index.php\/wp-json\/wp\/v2\/posts"}],"about":[{"href":"https:\/\/noticiasveracruz.com\/index.php\/wp-json\/wp\/v2\/types\/post"}],"author":[{"embeddable":true,"href":"https:\/\/noticiasveracruz.com\/index.php\/wp-json\/wp\/v2\/users\/4"}],"replies":[{"embeddable":true,"href":"https:\/\/noticiasveracruz.com\/index.php\/wp-json\/wp\/v2\/comments?post=66108"}],"version-history":[{"count":0,"href":"https:\/\/noticiasveracruz.com\/index.php\/wp-json\/wp\/v2\/posts\/66108\/revisions"}],"wp:featuredmedia":[{"embeddable":true,"href":"https:\/\/noticiasveracruz.com\/index.php\/wp-json\/wp\/v2\/media\/66109"}],"wp:attachment":[{"href":"https:\/\/noticiasveracruz.com\/index.php\/wp-json\/wp\/v2\/media?parent=66108"}],"wp:term":[{"taxonomy":"category","embeddable":true,"href":"https:\/\/noticiasveracruz.com\/index.php\/wp-json\/wp\/v2\/categories?post=66108"},{"taxonomy":"post_tag","embeddable":true,"href":"https:\/\/noticiasveracruz.com\/index.php\/wp-json\/wp\/v2\/tags?post=66108"}],"curies":[{"name":"wp","href":"https:\/\/api.w.org\/{rel}","templated":true}]}}