{"id":66096,"date":"2025-10-09T00:07:54","date_gmt":"2025-10-09T06:07:54","guid":{"rendered":"https:\/\/noticiasveracruz.com\/?p=66096"},"modified":"2025-10-08T23:41:05","modified_gmt":"2025-10-09T05:41:05","slug":"sheinbaum-presenta-el-plan-mexico-ante-empresarios-del-foro-economico-mundial","status":"publish","type":"post","link":"https:\/\/noticiasveracruz.com\/index.php\/2025\/10\/09\/sheinbaum-presenta-el-plan-mexico-ante-empresarios-del-foro-economico-mundial\/","title":{"rendered":"Sheinbaum presenta el Plan M\u00e9xico ante empresarios del Foro Econ\u00f3mico Mundial"},"content":{"rendered":"<p class=\"nota-justify\">La presidenta Claudia Sheinbaum Pardo present\u00f3 el Plan M\u00e9xico a integrantes del Foro Econ\u00f3mico Mundial en Palacio Nacional y les expuso \u201cel optimismo del gobierno de M\u00e9xico en su relaci\u00f3n con sus socios comerciales de Am\u00e9rica del Norte, Estados Unidos y Canad\u00e1\u201d, seg\u00fan comunicado de la Presidencia de la Rep\u00fablica.<\/p>\n<p class=\"nota-justify\">En el encuentro, con la asistencia de empresarios de 17 pa\u00edses, les extern\u00f3 que el Plan M\u00e9xico tiene el objetivo \u201cfortalecer el mercado interno y el salario, as\u00ed como la inversi\u00f3n p\u00fablica y privada; aumentar la soberan\u00eda alimentaria, energ\u00e9tica y la producci\u00f3n nacional, reduciendo las importaciones con pa\u00edses con los que no se tiene tratado comercial\u201d.<\/p>\n<p class=\"nota-justify\">Desde nuestra perspectiva, les dijo -de acuerdo con un clip sobre su participaci\u00f3n, difundido en redes sociales- \u201cno puede haber prosperidad en un pa\u00eds sino es compartida, as\u00ed que bienvenidos a M\u00e9xico\u201d.<\/p>\n<p class=\"nota-justify\">Seg\u00fan el comunicado, la mandataria abund\u00f3 que el Plan M\u00e9xico engloba acciones como fortalecer la conectividad del pa\u00eds con mayor infraestructura ferroviaria, carretera, aeroportuaria y portuaria; generar a trav\u00e9s de la Comisi\u00f3n Federal de Electricidad (CFE) 26 mil megawatts y un complemento de inversi\u00f3n privada para energ\u00eda, as\u00ed como 158 proyectos para transmisi\u00f3n.<\/p>\n<p class=\"nota-justify\">Igualmente, \u201cestablecer un marco de producci\u00f3n para Petr\u00f3leos Mexicanos (Pemex) de 1.8 millones de barriles de hidrocarburos al d\u00eda y desarrollar m\u00e1s gas natural; invertir en proyectos de agua como la tecnificaci\u00f3n del riego agr\u00edcola; la construcci\u00f3n de 1.7 millones de viviendas en los siguientes seis a\u00f1os\u201d.<\/p>\n<p class=\"nota-justify\">Tambi\u00e9n, \u201cla creaci\u00f3n de 200 mil nuevos lugares en Educaci\u00f3n Media Superior y 330 mil para Educaci\u00f3n Superior; as\u00ed como la reducci\u00f3n de al menos el 50 por ciento de los tr\u00e1mites a trav\u00e9s de la simplificaci\u00f3n y digitalizaci\u00f3n\u201d.<\/p>\n<p class=\"nota-justify\">Destac\u00f3 la creaci\u00f3n de 26 Polos de Desarrollo Econ\u00f3mico para el Bienestar; 15 en todo el pa\u00eds y 11 adicionales en el sur sureste, \u201cque son un esquema con incentivos econ\u00f3micos para la inversi\u00f3n con el objetivo de incentivar el desarrollo nacional\u201d<\/p>\n<p class=\"nota-justify\">Y comparti\u00f3 que en las pr\u00f3ximas semanas presentar\u00e1 el proyecto M\u00e9xico, pa\u00eds de innovaci\u00f3n, que se compone de cuatro ejes: mayor formaci\u00f3n cient\u00edfica, t\u00e9cnica y humanista desde la ni\u00f1ez hasta la Educaci\u00f3n Superior.<\/p>\n<p class=\"nota-justify\">Asimismo, \u201cla Impulsora Nacional de Innovaci\u00f3n con la Banca de Desarrollo para el financiamiento a la peque\u00f1a y mediana empresa que permita mayor innovaci\u00f3n; servicios de Ingenier\u00eda y el Laboratorio Nacional de Inteligencia Artificial para generar todas las condiciones de uso de esta herramienta para el gobierno y para la iniciativa privada\u201d.<\/p>\n","protected":false},"excerpt":{"rendered":"<p>La presidenta Claudia Sheinbaum Pardo present\u00f3 el Plan M\u00e9xico a integrantes del Foro Econ\u00f3mico Mundial en Palacio Nacional y les<\/p>\n","protected":false},"author":4,"featured_media":66097,"comment_status":"closed","ping_status":"closed","sticky":false,"template":"","format":"standard","meta":{"colormag_page_container_layout":"default_layout","colormag_page_sidebar_layout":"default_layout","_jetpack_memberships_contains_paid_content":false,"footnotes":"","jetpack_publicize_message":"","jetpack_publicize_feature_enabled":true,"jetpack_social_post_already_shared":true,"jetpack_social_options":{"image_generator_settings":{"template":"highway","default_image_id":0,"font":"","enabled":false},"version":2}},"categories":[4],"tags":[],"class_list":["post-66096","post","type-post","status-publish","format-standard","has-post-thumbnail","hentry","category-nacional"],"jetpack_publicize_connections":[],"jetpack_featured_media_url":"https:\/\/noticiasveracruz.com\/wp-content\/uploads\/2025\/10\/OTRPL.jpg","jetpack_sharing_enabled":true,"publishpress_future_action":{"enabled":false,"date":"2026-05-08 06:55:19","action":"change-status","newStatus":"draft","terms":[],"taxonomy":"category","extraData":[]},"publishpress_future_workflow_manual_trigger":{"enabledWorkflows":[]},"_links":{"self":[{"href":"https:\/\/noticiasveracruz.com\/index.php\/wp-json\/wp\/v2\/posts\/66096","targetHints":{"allow":["GET"]}}],"collection":[{"href":"https:\/\/noticiasveracruz.com\/index.php\/wp-json\/wp\/v2\/posts"}],"about":[{"href":"https:\/\/noticiasveracruz.com\/index.php\/wp-json\/wp\/v2\/types\/post"}],"author":[{"embeddable":true,"href":"https:\/\/noticiasveracruz.com\/index.php\/wp-json\/wp\/v2\/users\/4"}],"replies":[{"embeddable":true,"href":"https:\/\/noticiasveracruz.com\/index.php\/wp-json\/wp\/v2\/comments?post=66096"}],"version-history":[{"count":0,"href":"https:\/\/noticiasveracruz.com\/index.php\/wp-json\/wp\/v2\/posts\/66096\/revisions"}],"wp:featuredmedia":[{"embeddable":true,"href":"https:\/\/noticiasveracruz.com\/index.php\/wp-json\/wp\/v2\/media\/66097"}],"wp:attachment":[{"href":"https:\/\/noticiasveracruz.com\/index.php\/wp-json\/wp\/v2\/media?parent=66096"}],"wp:term":[{"taxonomy":"category","embeddable":true,"href":"https:\/\/noticiasveracruz.com\/index.php\/wp-json\/wp\/v2\/categories?post=66096"},{"taxonomy":"post_tag","embeddable":true,"href":"https:\/\/noticiasveracruz.com\/index.php\/wp-json\/wp\/v2\/tags?post=66096"}],"curies":[{"name":"wp","href":"https:\/\/api.w.org\/{rel}","templated":true}]}}