{"id":66093,"date":"2025-10-09T00:06:41","date_gmt":"2025-10-09T06:06:41","guid":{"rendered":"https:\/\/noticiasveracruz.com\/?p=66093"},"modified":"2025-10-08T23:38:40","modified_gmt":"2025-10-09T05:38:40","slug":"en-el-senado-de-la-fuente-defiende-revision-del-t-mec-y-respaldo-a-palestina","status":"publish","type":"post","link":"https:\/\/noticiasveracruz.com\/index.php\/2025\/10\/09\/en-el-senado-de-la-fuente-defiende-revision-del-t-mec-y-respaldo-a-palestina\/","title":{"rendered":"En el Senado, De la Fuente defiende revisi\u00f3n del T-MEC y respaldo a Palestina"},"content":{"rendered":"<p class=\"nota-justify\">\u201cNo se van a salir con la suya quienes piensen que no vamos a alcanzar una buena revisi\u00f3n del tratado de Libre Comercio con Estados Unidos y con Canad\u00e1\u201d, advirti\u00f3 desde el pleno del Senado el secretario de Relaciones Exteriores, Juan Ram\u00f3n de la Fuente y dej\u00f3 claro que seguir\u00e1 el respaldo a Palestina y la convicci\u00f3n de que la ayuda humanitaria es una expresi\u00f3n de solidaridad internacional de la que M\u00e9xico se enorgullece.<\/p>\n<p class=\"nota-justify\">Ante las cr\u00edticas de legisladores del PRI y PAN, que pudieron en duda que se logre una buena revisi\u00f3n del T-MEC, el canciller respondi\u00f3: \u201cMe cuesta un poco de trabajo entender por qu\u00e9 no quer\u00edan que se lograra este acuerdo, que es a todas luces ben\u00e9fico para los tres pa\u00edses\u201d, advirti\u00f3 De la Fuente.<\/p>\n<p class=\"nota-justify\">\u201cY en cuanto a Palestina, lo digo con toda claridad: M\u00e9xico ha actuado conforme al derecho internacional y con apego a sus valores hist\u00f3ricos de solidaridad y justicia\u201d, subray\u00f3.<\/p>\n<p class=\"nota-justify\">Le record\u00f3 a los opositores que insistieron en que la presidenta Claudia Sheinbaum debe buscar una reuni\u00f3n con el presidente de Estados Unidos, Donald Trump, que \u201c frente a los retos internacionales y los amagos intervencionistas, provengan de donde provengan, se requiere de la unidad del pueblo y la unidad de los tres poderes, para darles una respuesta contundente, ya que la soberan\u00eda no se negocia\u201d.<\/p>\n<p class=\"nota-justify\">Al comparecer hoy en el Senado para la glosa del informe, respondi\u00f3 a los cuestionamientos de la oposici\u00f3n en el sentido de que la pol\u00edtica exterior no ha dado resultados, como lo sostuvieron el panista Francisco Ram\u00edrez Acu\u00f1a y el pri\u00edsta Manuel A\u00f1orve.<\/p>\n<p class=\"nota-justify\">Por lo que se refiere al acuerdo comercial, expuso desde su intervenci\u00f3n inicial que En cuanto al T-MEC, que M\u00e9xico esta preparado para la revisi\u00f3n del acuerdo comercial que se realizar\u00e1 el pr\u00f3ximo a\u00f1o. El gobierno federal trabaja \u201cde manera muy coordinada\u201d con la Secretar\u00eda de Econom\u00eda y otras dependencias bajo la supervisi\u00f3n directa de la presidenta Sheinbaum.<\/p>\n<p class=\"nota-justify\">\u201cVamos a seguir haciendo todo lo que est\u00e9 a nuestro alcance para que esa revisi\u00f3n se d\u00e9 en t\u00e9rminos tersos y con las mayores ventajas para nuestro pa\u00eds, para nuestros productores y trabajadores\u201d, afirm\u00f3 e hizo notar que \u201cno hay en el horizonte elementos objetivos para pensar que no vamos a poder seguir avanzando\u201d.<\/p>\n<p class=\"nota-justify\">El titular de la SRE expuso que M\u00e9xico \u201cvalora much\u00edsimo el enorme valor comercial que han adquirido nuestras relaciones con Estados Unidos y con Canad\u00e1 , que el a\u00f1o pasado ascendieron a 800 mil millones de d\u00f3lares.<\/p>\n<p class=\"nota-justify\">Ante la insistencia de la senadora del PRI, Cristina Ru\u00edz sobre un supuesto estancamiento en las negociaciones del T-MEC, en su \u00faltima intervenci\u00f3n, el canciller De la Fuente resalt\u00f3 que las pl\u00e1ticas y conversaciones previas se siguen llevando a cabo, \u201cpero no lo vamos a poder adelantar\u201d, ya que \u201cpara que una diplomacia sea exitosa a veces debe ser sigilosa\u201d.<\/p>\n<p class=\"nota-justify\">Se ha establecido , insisti\u00f3, \u201cun buen mecanismo de di\u00e1logo pol\u00edtico\u201d tanto con los Estados Unidos como con Canad\u00e1 lo que ha permitido que la agenda de M\u00e9xico se atienda de manera prioritaria.<\/p>\n<p class=\"nota-justify\">\u201cEstos mecanismos que hemos establecido para la cooperaci\u00f3n con ellos, el primer tema que se abord\u00f3 y que se desahog\u00f3 a petici\u00f3n de M\u00e9xico fue el del tr\u00e1fico de armas, es decir, estamos recibiendo en efecto el trato de iguales que queremos en donde las propuestas de M\u00e9xico se escuchan y se agendan, y es la primera vez que empezamos en estos di\u00e1logos de alto nivel con los temas que M\u00e9xico propone\u201d.<\/p>\n<p class=\"nota-justify\">Recalc\u00f3, asimismo que en materia internacional, \u201cse va a mantener el di\u00e1logo con firmeza, sin estridencias y de acuerdo a los principios y valores\u201d mexicanos. \u201cHemos consolidado una relaci\u00f3n de respeto y cooperaci\u00f3n con Estados Unidos. Ah\u00ed est\u00e1n otra vez los hechos, por qu\u00e9 insistir en que no es as\u00ed\u201d.<\/p>\n<p class=\"nota-justify\">Sobre los mexicanos que residen en Estados Unidos, De la Fuente sostuvo que habr\u00e1 presupuesto para atenderlos.<\/p>\n<p class=\"nota-justify\">\u201cNo faltar\u00e1n recursos para la atenci\u00f3n de nuestras y nuestros connacionales en el exterior, de hecho vamos a poder durante estos pr\u00f3ximos meses reforzar algunos consulados m\u00f3viles a regiones remotas a donde se encuentran las oficinas\u201d. Ello, \u201cgracias al generoso donativo que recibimos por parte de la Loter\u00eda Nacional como resultado del sorteo M\u00e9xico con M de migrante que nos permitir\u00e1 utilizar espec\u00edficamente para la protecci\u00f3n de nuestros connacionales de otros 115 millones de pesos\u201d.<\/p>\n<p class=\"nota-justify\">El secretario de de Relaciones Exteriores recalc\u00f3 asimismo que sigue pensando que \u201cel mejor camino que se puede seguir\u201d ante los conflictos internacionales es el multilateralismo\u201d.<\/p>\n<p class=\"nota-justify\">Expuso asimismo que M\u00e9xico no ha perdido espacios en la ONU y la confianza que hay en M\u00e9xico es inobjetable y van a continuar con propuestas y ante ese organismo, dijo, \u201ca prop\u00f3sito del gran liderazgo de la presidenta Claudia Sheinbaum y la admiraci\u00f3n que cita en la mayor\u00eda de los jefes de Estado de otras naciones, que es tiempo de mujeres.<\/p>\n<p class=\"nota-justify\">Y, en ese sentido, dijo, que la pr\u00f3xima secretaria general de la ONU, \u201cdebe ser una mujer de nuestra regi\u00f3n, de Am\u00e9rica Latina\u201d.<\/p>\n","protected":false},"excerpt":{"rendered":"<p>\u201cNo se van a salir con la suya quienes piensen que no vamos a alcanzar una buena revisi\u00f3n del tratado<\/p>\n","protected":false},"author":4,"featured_media":66094,"comment_status":"closed","ping_status":"closed","sticky":false,"template":"","format":"standard","meta":{"colormag_page_container_layout":"default_layout","colormag_page_sidebar_layout":"default_layout","_jetpack_memberships_contains_paid_content":false,"footnotes":"","jetpack_publicize_message":"","jetpack_publicize_feature_enabled":true,"jetpack_social_post_already_shared":true,"jetpack_social_options":{"image_generator_settings":{"template":"highway","default_image_id":0,"font":"","enabled":false},"version":2}},"categories":[4],"tags":[],"class_list":["post-66093","post","type-post","status-publish","format-standard","has-post-thumbnail","hentry","category-nacional"],"jetpack_publicize_connections":[],"jetpack_featured_media_url":"https:\/\/noticiasveracruz.com\/wp-content\/uploads\/2025\/10\/DELJFU.jpg","jetpack_sharing_enabled":true,"publishpress_future_action":{"enabled":false,"date":"2026-05-05 22:05:46","action":"change-status","newStatus":"draft","terms":[],"taxonomy":"category","extraData":[]},"publishpress_future_workflow_manual_trigger":{"enabledWorkflows":[]},"_links":{"self":[{"href":"https:\/\/noticiasveracruz.com\/index.php\/wp-json\/wp\/v2\/posts\/66093","targetHints":{"allow":["GET"]}}],"collection":[{"href":"https:\/\/noticiasveracruz.com\/index.php\/wp-json\/wp\/v2\/posts"}],"about":[{"href":"https:\/\/noticiasveracruz.com\/index.php\/wp-json\/wp\/v2\/types\/post"}],"author":[{"embeddable":true,"href":"https:\/\/noticiasveracruz.com\/index.php\/wp-json\/wp\/v2\/users\/4"}],"replies":[{"embeddable":true,"href":"https:\/\/noticiasveracruz.com\/index.php\/wp-json\/wp\/v2\/comments?post=66093"}],"version-history":[{"count":0,"href":"https:\/\/noticiasveracruz.com\/index.php\/wp-json\/wp\/v2\/posts\/66093\/revisions"}],"wp:featuredmedia":[{"embeddable":true,"href":"https:\/\/noticiasveracruz.com\/index.php\/wp-json\/wp\/v2\/media\/66094"}],"wp:attachment":[{"href":"https:\/\/noticiasveracruz.com\/index.php\/wp-json\/wp\/v2\/media?parent=66093"}],"wp:term":[{"taxonomy":"category","embeddable":true,"href":"https:\/\/noticiasveracruz.com\/index.php\/wp-json\/wp\/v2\/categories?post=66093"},{"taxonomy":"post_tag","embeddable":true,"href":"https:\/\/noticiasveracruz.com\/index.php\/wp-json\/wp\/v2\/tags?post=66093"}],"curies":[{"name":"wp","href":"https:\/\/api.w.org\/{rel}","templated":true}]}}