{"id":66087,"date":"2025-10-08T23:32:42","date_gmt":"2025-10-09T05:32:42","guid":{"rendered":"https:\/\/noticiasveracruz.com\/?p=66087"},"modified":"2025-10-08T23:32:42","modified_gmt":"2025-10-09T05:32:42","slug":"gobierno-de-tuxpan-exhorta-a-la-poblacion-a-tomar-precauciones-necesarias-porque-habran-de-continuar-las-lluvias","status":"publish","type":"post","link":"https:\/\/noticiasveracruz.com\/index.php\/2025\/10\/08\/gobierno-de-tuxpan-exhorta-a-la-poblacion-a-tomar-precauciones-necesarias-porque-habran-de-continuar-las-lluvias\/","title":{"rendered":"Gobierno de Tuxpan exhorta a la poblaci\u00f3n a tomar precauciones necesarias porque habr\u00e1n de continuar las lluvias"},"content":{"rendered":"<p>Tuxpan, Ver., 8 de octubre de 2025.- Esta noche, y la madrugada de ma\u00f1ana jueves, habr\u00e1n de continuar las lluvias, por lo que el Gobierno de Tuxpan exhorta a la poblaci\u00f3n a tomar precauciones.<\/p>\n<p><img loading=\"lazy\" decoding=\"async\" class=\"alignnone size-medium wp-image-66088\" src=\"http:\/\/noticiasveracruz.com\/wp-content\/uploads\/2025\/10\/WhatsApp-Image-2025-10-08-at-23.28.48-281x300.jpeg\" alt=\"\" width=\"281\" height=\"300\" srcset=\"https:\/\/noticiasveracruz.com\/wp-content\/uploads\/2025\/10\/WhatsApp-Image-2025-10-08-at-23.28.48-281x300.jpeg 281w, https:\/\/noticiasveracruz.com\/wp-content\/uploads\/2025\/10\/WhatsApp-Image-2025-10-08-at-23.28.48-958x1024.jpeg 958w, https:\/\/noticiasveracruz.com\/wp-content\/uploads\/2025\/10\/WhatsApp-Image-2025-10-08-at-23.28.48-768x821.jpeg 768w, https:\/\/noticiasveracruz.com\/wp-content\/uploads\/2025\/10\/WhatsApp-Image-2025-10-08-at-23.28.48.jpeg 1125w\" sizes=\"auto, (max-width: 281px) 100vw, 281px\" \/><\/p>\n<p>Todo el personal operativo del Ayuntamiento, Bomberos, SSP, Protecci\u00f3n Civil, se mantiene en m\u00e1xima alerta.<\/p>\n<p>Es importante recordar que ha quedado habilitado el albergue del DIF, por si alguna familia desea hacer uso de \u00e9l.<\/p>\n<p>Esta noche personal de Protecci\u00f3n Civil contin\u00faa atendiendo afectaciones por las lluvias en varios puntos de la ciudad. Se mantendr\u00e1n en alerta permanente hasta que pase el temporal lluvioso.<\/p>\n<p>Tengan a la mano los n\u00fameros de emergencia: Protecci\u00f3n Civil 783 83 50127, Bomberos 783 83 40646 y Emergencias 911.<\/p>\n<p>A quienes viven en laderas o partes bajas, tomen en cuenta los riesgos. La prevenci\u00f3n es importante en estos casos.<\/p>\n","protected":false},"excerpt":{"rendered":"<p>Tuxpan, Ver., 8 de octubre de 2025.- Esta noche, y la madrugada de ma\u00f1ana jueves, habr\u00e1n de continuar las lluvias,<\/p>\n","protected":false},"author":4,"featured_media":66088,"comment_status":"closed","ping_status":"closed","sticky":false,"template":"","format":"standard","meta":{"colormag_page_container_layout":"default_layout","colormag_page_sidebar_layout":"default_layout","_jetpack_memberships_contains_paid_content":false,"footnotes":"","jetpack_publicize_message":"","jetpack_publicize_feature_enabled":true,"jetpack_social_post_already_shared":true,"jetpack_social_options":{"image_generator_settings":{"template":"highway","default_image_id":0,"font":"","enabled":false},"version":2}},"categories":[3372,356],"tags":[],"class_list":["post-66087","post","type-post","status-publish","format-standard","has-post-thumbnail","hentry","category-gobierno-tuxpan","category-veracruz"],"jetpack_publicize_connections":[],"jetpack_featured_media_url":"https:\/\/noticiasveracruz.com\/wp-content\/uploads\/2025\/10\/WhatsApp-Image-2025-10-08-at-23.28.48.jpeg","jetpack_sharing_enabled":true,"publishpress_future_action":{"enabled":false,"date":"2026-05-05 20:42:01","action":"change-status","newStatus":"draft","terms":[],"taxonomy":"category","extraData":[]},"publishpress_future_workflow_manual_trigger":{"enabledWorkflows":[]},"_links":{"self":[{"href":"https:\/\/noticiasveracruz.com\/index.php\/wp-json\/wp\/v2\/posts\/66087","targetHints":{"allow":["GET"]}}],"collection":[{"href":"https:\/\/noticiasveracruz.com\/index.php\/wp-json\/wp\/v2\/posts"}],"about":[{"href":"https:\/\/noticiasveracruz.com\/index.php\/wp-json\/wp\/v2\/types\/post"}],"author":[{"embeddable":true,"href":"https:\/\/noticiasveracruz.com\/index.php\/wp-json\/wp\/v2\/users\/4"}],"replies":[{"embeddable":true,"href":"https:\/\/noticiasveracruz.com\/index.php\/wp-json\/wp\/v2\/comments?post=66087"}],"version-history":[{"count":0,"href":"https:\/\/noticiasveracruz.com\/index.php\/wp-json\/wp\/v2\/posts\/66087\/revisions"}],"wp:featuredmedia":[{"embeddable":true,"href":"https:\/\/noticiasveracruz.com\/index.php\/wp-json\/wp\/v2\/media\/66088"}],"wp:attachment":[{"href":"https:\/\/noticiasveracruz.com\/index.php\/wp-json\/wp\/v2\/media?parent=66087"}],"wp:term":[{"taxonomy":"category","embeddable":true,"href":"https:\/\/noticiasveracruz.com\/index.php\/wp-json\/wp\/v2\/categories?post=66087"},{"taxonomy":"post_tag","embeddable":true,"href":"https:\/\/noticiasveracruz.com\/index.php\/wp-json\/wp\/v2\/tags?post=66087"}],"curies":[{"name":"wp","href":"https:\/\/api.w.org\/{rel}","templated":true}]}}