{"id":66084,"date":"2025-10-09T00:04:17","date_gmt":"2025-10-09T06:04:17","guid":{"rendered":"https:\/\/noticiasveracruz.com\/?p=66084"},"modified":"2025-10-08T23:17:48","modified_gmt":"2025-10-09T05:17:48","slug":"nuevo-comandante-del-batallon-de-infanteria","status":"publish","type":"post","link":"https:\/\/noticiasveracruz.com\/index.php\/2025\/10\/09\/nuevo-comandante-del-batallon-de-infanteria\/","title":{"rendered":"Nuevo comandante del Batall\u00f3n de Infanter\u00eda"},"content":{"rendered":"<p>El coronel de Infanter\u00eda de Estado Mayor, Jos\u00e9 Manuel C\u00e1rdenas L\u00f3pez, tom\u00f3 protesta de Bandera y asumi\u00f3 la comandancia del 83 Batall\u00f3n de Infanter\u00eda en sustituci\u00f3n de Julio C\u00e9sar S\u00e1nchez Monjaraz.<\/p>\n<p>La ceremonia tuvo lugar en las instalaciones militares de La Boticaria y a la cual asistieron los alcaldes de Boca del R\u00edo y Alvarado, Juan Manuel Un\u00e1nue Abascal y Lizzette \u00c1lvarez Vera, respectivamente, y elementos del Ej\u00e9rcito Mexicano y de la Guardia Nacional.<\/p>\n<p>De acuerdo con su curr\u00edculum, Jos\u00e9 Manuel C\u00e1rdenas L\u00f3pez inici\u00f3 su carrera militar en el Heroico Colegio Militar en 1993, del cual egres\u00f3 como oficial de Infanter\u00eda y ha obtenido los ascensos por rigurosa escala jer\u00e1rquica.<\/p>\n<p>Como resultado de su trayectoria, C\u00e1rdenas L\u00f3pez ha recibido cuatro condecoraciones por perseverancia por el tiempo de servicio en las filas del Ej\u00e9rcito Mexicano, as\u00ed como la condecoraci\u00f3n de Distinci\u00f3n Militar y otra de Desempe\u00f1o.<\/p>\n<p>Adem\u00e1s, el coronel de Infanter\u00eda de Estado Mayor realiz\u00f3 cursos de paracaidismo militar y Patrulla de Operaciones Especiales, Fuerzas Especiales, B\u00e1sico de Aplicaci\u00f3n T\u00e1ctico-Administrativo, B\u00e1sico de Infanter\u00eda y de Profesor de Derechos Humanos.<\/p>\n<p>Jos\u00e9 Manuel C\u00e1rdenas L\u00f3pez cuenta con la licenciatura en Administraci\u00f3n Militar en la Escuela Superior de Guerra, maestr\u00eda en Administraci\u00f3n Naval en el Centro de Estudios Navales, maestr\u00eda en Seguridad Naval en el Colegio de la Defensa nacional y actualmente cursa la maestr\u00eda de Administraci\u00f3n de Organizaciones en la Facultad de Contadur\u00eda y Administraci\u00f3n de la Universidad Nacional Aut\u00f3noma de M\u00e9xico.<\/p>\n<p>Cabe mencionar que el general de Brigada de Estado Mayor, Miguel \u00c1ngel Rodr\u00edguez Guti\u00e9rrez fue el encargado de tomar la protesta al coronel de Infanter\u00eda Jos\u00e9 Manuel C\u00e1rdenas L\u00f3pez.<\/p>\n","protected":false},"excerpt":{"rendered":"<p>El coronel de Infanter\u00eda de Estado Mayor, Jos\u00e9 Manuel C\u00e1rdenas L\u00f3pez, tom\u00f3 protesta de Bandera y asumi\u00f3 la comandancia del<\/p>\n","protected":false},"author":4,"featured_media":66085,"comment_status":"closed","ping_status":"closed","sticky":false,"template":"","format":"standard","meta":{"colormag_page_container_layout":"default_layout","colormag_page_sidebar_layout":"default_layout","_jetpack_memberships_contains_paid_content":false,"footnotes":"","jetpack_publicize_message":"","jetpack_publicize_feature_enabled":true,"jetpack_social_post_already_shared":true,"jetpack_social_options":{"image_generator_settings":{"template":"highway","default_image_id":0,"font":"","enabled":false},"version":2}},"categories":[1],"tags":[],"class_list":["post-66084","post","type-post","status-publish","format-standard","has-post-thumbnail","hentry","category-sin-categoria"],"jetpack_publicize_connections":[],"jetpack_featured_media_url":"https:\/\/noticiasveracruz.com\/wp-content\/uploads\/2025\/10\/COPMA.jpg","jetpack_sharing_enabled":true,"publishpress_future_action":{"enabled":false,"date":"2026-05-05 21:45:49","action":"change-status","newStatus":"draft","terms":[],"taxonomy":"category","extraData":[]},"publishpress_future_workflow_manual_trigger":{"enabledWorkflows":[]},"_links":{"self":[{"href":"https:\/\/noticiasveracruz.com\/index.php\/wp-json\/wp\/v2\/posts\/66084","targetHints":{"allow":["GET"]}}],"collection":[{"href":"https:\/\/noticiasveracruz.com\/index.php\/wp-json\/wp\/v2\/posts"}],"about":[{"href":"https:\/\/noticiasveracruz.com\/index.php\/wp-json\/wp\/v2\/types\/post"}],"author":[{"embeddable":true,"href":"https:\/\/noticiasveracruz.com\/index.php\/wp-json\/wp\/v2\/users\/4"}],"replies":[{"embeddable":true,"href":"https:\/\/noticiasveracruz.com\/index.php\/wp-json\/wp\/v2\/comments?post=66084"}],"version-history":[{"count":0,"href":"https:\/\/noticiasveracruz.com\/index.php\/wp-json\/wp\/v2\/posts\/66084\/revisions"}],"wp:featuredmedia":[{"embeddable":true,"href":"https:\/\/noticiasveracruz.com\/index.php\/wp-json\/wp\/v2\/media\/66085"}],"wp:attachment":[{"href":"https:\/\/noticiasveracruz.com\/index.php\/wp-json\/wp\/v2\/media?parent=66084"}],"wp:term":[{"taxonomy":"category","embeddable":true,"href":"https:\/\/noticiasveracruz.com\/index.php\/wp-json\/wp\/v2\/categories?post=66084"},{"taxonomy":"post_tag","embeddable":true,"href":"https:\/\/noticiasveracruz.com\/index.php\/wp-json\/wp\/v2\/tags?post=66084"}],"curies":[{"name":"wp","href":"https:\/\/api.w.org\/{rel}","templated":true}]}}