{"id":66081,"date":"2025-10-09T00:03:13","date_gmt":"2025-10-09T06:03:13","guid":{"rendered":"https:\/\/noticiasveracruz.com\/?p=66081"},"modified":"2025-10-08T23:01:48","modified_gmt":"2025-10-09T05:01:48","slug":"proponen-incorporar-violencia-estetica-en-la-legislacion-local","status":"publish","type":"post","link":"https:\/\/noticiasveracruz.com\/index.php\/2025\/10\/09\/proponen-incorporar-violencia-estetica-en-la-legislacion-local\/","title":{"rendered":"Proponen incorporar Violencia Est\u00e9tica en la legislaci\u00f3n local"},"content":{"rendered":"<p>La diputada Elizabeth Morales Garc\u00eda present\u00f3 al Pleno de la LXVII Legislatura una iniciativa con proyecto de decreto que busca adicionar la fracci\u00f3n XII del Art\u00edculo 7 de la Ley de Acceso de las Mujeres a una Vida Libre de Violencia, con la finalidad de reconocer la Violencia Est\u00e9tica como una forma m\u00e1s de agresi\u00f3n estructural contra las mujeres, defini\u00e9ndola como la acci\u00f3n u omisi\u00f3n, mediante la cual se ejerza violencia f\u00edsica o psicol\u00f3gica, con base a criterios sexistas, racistas y que responden a estereotipos y patrones de belleza imperantes en la sociedad.<\/p>\n<p>Durante su intervenci\u00f3n en la quinta sesi\u00f3n ordinaria, la integrante del Partido del Trabajo (PT) subray\u00f3 que su propuesta prev\u00e9 garantizar el derecho de cada mujer a existir en su autenticidad, \u201ca no ser juzgada ni presionada por su aspecto, su edad o su manera de expresarse\u201d.<\/p>\n<p>Por consiguiente, extern\u00f3 que Veracruz tiene la oportunidad de colocarse a la vanguardia nacional en el reconocimiento de un fen\u00f3meno que afecta a millones de mujeres, adolescentes y ni\u00f1as.<\/p>\n<p>Al enlistar la importancia de esta modificaci\u00f3n, precis\u00f3 que, de aprobarse, se estar\u00eda enviando un mensaje claro, \u201cen Veracruz la dignidad no se negocia, que ninguna persona debe ser medida por estereotipos y que el respeto empieza por aceptar la diversidad humana en todas sus formas\u201d.<\/p>\n<p>Previamente, la diputada dijo que, de acuerdo con datos del Instituto Nacional de Estad\u00edstica y Geograf\u00eda (Inegi), el 31 por ciento de las mujeres mexicanas ha sido discriminada por su forma de vestir o arreglarse y que el 30 por su peso o estatura.<\/p>\n<p>\u201cNo son cifras: son historias, son adolescentes que dejan de salir por miedo a burlas, mujeres rechazadas en empleos por su apariencia, personas juzgadas por su cuerpo antes que por su capacidad\u201d, recalc\u00f3.<\/p>\n<p>Para finalizar, Elizabeth Morales Garc\u00eda detall\u00f3 que el primer paso para erradicar este tipo de violencia es al nombrarla, toda vez que reconocerla es el inicio de un cambio cultural que debe realizarse como sociedad, \u201cque Veracruz sea ejemplo de libertad, empat\u00eda y respeto\u201d.<\/p>\n<p>La iniciativa fue turnada para su an\u00e1lisis a la Comisi\u00f3n Permanente para la Igualdad de G\u00e9nero. Se adhirieron a la misma el Grupo Legislativo del Partido Verde Ecologista de M\u00e9xico (PVEM) y el diputado Ram\u00f3n D\u00edaz \u00c1vila.<\/p>\n","protected":false},"excerpt":{"rendered":"<p>La diputada Elizabeth Morales Garc\u00eda present\u00f3 al Pleno de la LXVII Legislatura una iniciativa con proyecto de decreto que busca<\/p>\n","protected":false},"author":4,"featured_media":66082,"comment_status":"closed","ping_status":"closed","sticky":false,"template":"","format":"standard","meta":{"colormag_page_container_layout":"default_layout","colormag_page_sidebar_layout":"default_layout","_jetpack_memberships_contains_paid_content":false,"footnotes":"","jetpack_publicize_message":"","jetpack_publicize_feature_enabled":true,"jetpack_social_post_already_shared":true,"jetpack_social_options":{"image_generator_settings":{"template":"highway","default_image_id":0,"font":"","enabled":false},"version":2}},"categories":[356],"tags":[],"class_list":["post-66081","post","type-post","status-publish","format-standard","has-post-thumbnail","hentry","category-veracruz"],"jetpack_publicize_connections":[],"jetpack_featured_media_url":"https:\/\/noticiasveracruz.com\/wp-content\/uploads\/2025\/10\/LAMA.jpg","jetpack_sharing_enabled":true,"publishpress_future_action":{"enabled":false,"date":"2026-05-05 21:35:17","action":"change-status","newStatus":"draft","terms":[],"taxonomy":"category","extraData":[]},"publishpress_future_workflow_manual_trigger":{"enabledWorkflows":[]},"_links":{"self":[{"href":"https:\/\/noticiasveracruz.com\/index.php\/wp-json\/wp\/v2\/posts\/66081","targetHints":{"allow":["GET"]}}],"collection":[{"href":"https:\/\/noticiasveracruz.com\/index.php\/wp-json\/wp\/v2\/posts"}],"about":[{"href":"https:\/\/noticiasveracruz.com\/index.php\/wp-json\/wp\/v2\/types\/post"}],"author":[{"embeddable":true,"href":"https:\/\/noticiasveracruz.com\/index.php\/wp-json\/wp\/v2\/users\/4"}],"replies":[{"embeddable":true,"href":"https:\/\/noticiasveracruz.com\/index.php\/wp-json\/wp\/v2\/comments?post=66081"}],"version-history":[{"count":0,"href":"https:\/\/noticiasveracruz.com\/index.php\/wp-json\/wp\/v2\/posts\/66081\/revisions"}],"wp:featuredmedia":[{"embeddable":true,"href":"https:\/\/noticiasveracruz.com\/index.php\/wp-json\/wp\/v2\/media\/66082"}],"wp:attachment":[{"href":"https:\/\/noticiasveracruz.com\/index.php\/wp-json\/wp\/v2\/media?parent=66081"}],"wp:term":[{"taxonomy":"category","embeddable":true,"href":"https:\/\/noticiasveracruz.com\/index.php\/wp-json\/wp\/v2\/categories?post=66081"},{"taxonomy":"post_tag","embeddable":true,"href":"https:\/\/noticiasveracruz.com\/index.php\/wp-json\/wp\/v2\/tags?post=66081"}],"curies":[{"name":"wp","href":"https:\/\/api.w.org\/{rel}","templated":true}]}}