{"id":66078,"date":"2025-10-09T00:02:23","date_gmt":"2025-10-09T06:02:23","guid":{"rendered":"https:\/\/noticiasveracruz.com\/?p=66078"},"modified":"2025-10-08T22:59:47","modified_gmt":"2025-10-09T04:59:47","slug":"les-quitan-las-becas-a-estudiantes","status":"publish","type":"post","link":"https:\/\/noticiasveracruz.com\/index.php\/2025\/10\/09\/les-quitan-las-becas-a-estudiantes\/","title":{"rendered":"Les quitan las becas a estudiantes"},"content":{"rendered":"<p>Al menos siete escuelas de Veracruz, seis secundarias y una primaria, le est\u00e1n pidiendo a los padres de familia entregar el primer pago de la beca Rita Cetina supuestamente para mantenimiento y necesidades de los mismos planteles.<\/p>\n<p>Esas quejan han llegado a la Asociaci\u00f3n Estatal de Padres de Familia quien ha advertido que se trata de un delito y que va a proceder en contra de quienes est\u00e9n condicionando la educaci\u00f3n de los estudiantes en los planteles p\u00fablicos.<\/p>\n<p>Maritza Guerrero, coordinadora regional del organismo, afirm\u00f3 que los pap\u00e1s se han acercado para entregarle manuscritos en donde expresan la inconformidad, pero con temor a sufrir a represalias de las mismas instituciones.<\/p>\n<p>Explica que lo \u00abm\u00e1s grave\u00bb es que son diferentes escuelas lo que hace pensar que \u00abse pusieron de acuerdo\u00bb entre directivos para poder obtener esos recursos, algo que resulta ilegal.<\/p>\n<p>\u00abPorque los padres de familia me comentan que ya entregaron su cuota voluntaria (de inscripci\u00f3n), no debe de ser as\u00ed porque la cuota es voluntaria, pero los condicionan\u00bb.<\/p>\n<p>\u00bfUsted tiene pruebas de lo que est\u00e1 diciendo porque es muy delicado? \u2014Se le cuestion\u00f3\u2014 \u00abS\u00ed, es algo sumamente delicado, por eso tenemos que hacerlo de la manera correcta, canalizarlo a la Secretar\u00eda de Educaci\u00f3n P\u00fablica e incluso a la Presidencia de la Rep\u00fablica porque es algo muy delicado\u00bb.<\/p>\n<p>Aunque la situaci\u00f3n ya fue notificada v\u00eda telef\u00f3nica a la Secretar\u00eda de Educaci\u00f3n de Veracruz (SEV) y otros organismos involucrados, esta semana se entregar\u00e1n los oficios para formalizar la inconformidad.<\/p>\n","protected":false},"excerpt":{"rendered":"<p>Al menos siete escuelas de Veracruz, seis secundarias y una primaria, le est\u00e1n pidiendo a los padres de familia entregar<\/p>\n","protected":false},"author":4,"featured_media":66079,"comment_status":"closed","ping_status":"closed","sticky":false,"template":"","format":"standard","meta":{"colormag_page_container_layout":"default_layout","colormag_page_sidebar_layout":"default_layout","_jetpack_memberships_contains_paid_content":false,"footnotes":"","jetpack_publicize_message":"","jetpack_publicize_feature_enabled":true,"jetpack_social_post_already_shared":true,"jetpack_social_options":{"image_generator_settings":{"template":"highway","default_image_id":0,"font":"","enabled":false},"version":2}},"categories":[356],"tags":[],"class_list":["post-66078","post","type-post","status-publish","format-standard","has-post-thumbnail","hentry","category-veracruz"],"jetpack_publicize_connections":[],"jetpack_featured_media_url":"https:\/\/noticiasveracruz.com\/wp-content\/uploads\/2025\/10\/BEC.jpg","jetpack_sharing_enabled":true,"publishpress_future_action":{"enabled":false,"date":"2026-05-05 21:22:11","action":"change-status","newStatus":"draft","terms":[],"taxonomy":"category","extraData":[]},"publishpress_future_workflow_manual_trigger":{"enabledWorkflows":[]},"_links":{"self":[{"href":"https:\/\/noticiasveracruz.com\/index.php\/wp-json\/wp\/v2\/posts\/66078","targetHints":{"allow":["GET"]}}],"collection":[{"href":"https:\/\/noticiasveracruz.com\/index.php\/wp-json\/wp\/v2\/posts"}],"about":[{"href":"https:\/\/noticiasveracruz.com\/index.php\/wp-json\/wp\/v2\/types\/post"}],"author":[{"embeddable":true,"href":"https:\/\/noticiasveracruz.com\/index.php\/wp-json\/wp\/v2\/users\/4"}],"replies":[{"embeddable":true,"href":"https:\/\/noticiasveracruz.com\/index.php\/wp-json\/wp\/v2\/comments?post=66078"}],"version-history":[{"count":0,"href":"https:\/\/noticiasveracruz.com\/index.php\/wp-json\/wp\/v2\/posts\/66078\/revisions"}],"wp:featuredmedia":[{"embeddable":true,"href":"https:\/\/noticiasveracruz.com\/index.php\/wp-json\/wp\/v2\/media\/66079"}],"wp:attachment":[{"href":"https:\/\/noticiasveracruz.com\/index.php\/wp-json\/wp\/v2\/media?parent=66078"}],"wp:term":[{"taxonomy":"category","embeddable":true,"href":"https:\/\/noticiasveracruz.com\/index.php\/wp-json\/wp\/v2\/categories?post=66078"},{"taxonomy":"post_tag","embeddable":true,"href":"https:\/\/noticiasveracruz.com\/index.php\/wp-json\/wp\/v2\/tags?post=66078"}],"curies":[{"name":"wp","href":"https:\/\/api.w.org\/{rel}","templated":true}]}}