{"id":66075,"date":"2025-10-09T00:01:25","date_gmt":"2025-10-09T06:01:25","guid":{"rendered":"https:\/\/noticiasveracruz.com\/?p=66075"},"modified":"2025-10-08T22:58:58","modified_gmt":"2025-10-09T04:58:58","slug":"impulsan-nueva-ley-de-salud-mental","status":"publish","type":"post","link":"https:\/\/noticiasveracruz.com\/index.php\/2025\/10\/09\/impulsan-nueva-ley-de-salud-mental\/","title":{"rendered":"Impulsan nueva Ley de Salud Mental"},"content":{"rendered":"<p>El Grupo Legislativo del Partido Acci\u00f3n Nacional (PAN) en el Congreso de Veracruz present\u00f3 al Pleno una iniciativa con proyecto de ley de Salud Mental para el estado, cuya finalidad es garantizar el derecho a la protecci\u00f3n de la salud mental de la poblaci\u00f3n, el pleno goce de los derechos humanos de las personas con trastornos mentales y adicciones, as\u00ed como regular el acceso y prestaci\u00f3n de servicios de prevenci\u00f3n, tratamiento y rehabilitaci\u00f3n de estos trastornos.<\/p>\n<p>El proyecto de ley, integrado por 99 art\u00edculos y cuatro disposiciones transitorias, prev\u00e9 la creaci\u00f3n de un Consejo Estatal de Salud Mental, como \u00f3rgano desconcentrado de la Secretar\u00eda de Salud del estado (SS), que tendr\u00eda por objeto instrumentar y proponer pol\u00edticas p\u00fablicas enfocadas a la prevenci\u00f3n, atenci\u00f3n y tratamiento de trastornos mentales, incluidas las relacionadas con el consumo de sustancias psicoactivas.<\/p>\n<p>Este Consejo estar\u00eda integrado por autoridades estatales, encabezado por la persona Titular del Poder Ejecutivo quien lo presidir\u00e1; una persona representante del Poder Legislativo, incluida la representaci\u00f3n de la Facultad de Medicina de la Universidad Veracruzana (UV) y personas de la sociedad civil, expertas en salud mental.<\/p>\n<p>A la autoridad laboral estatal, en colaboraci\u00f3n con la SS, se le se\u00f1ala la obligaci\u00f3n de promover acciones para prevenir el estr\u00e9s como factor de riesgo de las enfermedades mentales y respecto de la atenci\u00f3n, se establece que \u00e9sta debe ser de calidad, garantizando el consentimiento informado del o la paciente y un trato digno en todas sus etapas.<\/p>\n<p>Se priorizan los servicios en la comunidad, potenciando la atenci\u00f3n ambulatoria y los sistemas de hospitalizaci\u00f3n breves y parciales, para reducir al m\u00e1ximo posible, el internamiento.<\/p>\n<p>En la tribuna y en nombre de su Grupo Legislativo, la diputada Luz Alicia Delf\u00edn Rodr\u00edguez subray\u00f3 que la iniciativa pone en el centro de la atenci\u00f3n a las personas con trastornos mentales, el respeto a sus derechos humanos y la obligaci\u00f3n de las autoridades competentes de promover la salud mental, as\u00ed como atender a quienes padecen trastornos mentales y adicciones.<\/p>\n<p>Asimismo, destac\u00f3 la importancia que el Poder Legislativo le apueste a la salud mental y destinar un presupuesto etiquetado para que esta normatividad sea una realidad en la vida de la poblaci\u00f3n veracruzana, \u201cEs una responsabilidad que debe asumirse por el bien de las personas, por el bien de la sociedad, de la econom\u00eda, de la estabilidad emocional de las familias y principalmente de las personas que tienen a su cargo el cuidado de las personas con trastornos mentales y adicciones\u201d.<\/p>\n","protected":false},"excerpt":{"rendered":"<p>El Grupo Legislativo del Partido Acci\u00f3n Nacional (PAN) en el Congreso de Veracruz present\u00f3 al Pleno una iniciativa con proyecto<\/p>\n","protected":false},"author":4,"featured_media":66076,"comment_status":"closed","ping_status":"closed","sticky":false,"template":"","format":"standard","meta":{"colormag_page_container_layout":"default_layout","colormag_page_sidebar_layout":"default_layout","_jetpack_memberships_contains_paid_content":false,"footnotes":"","jetpack_publicize_message":"","jetpack_publicize_feature_enabled":true,"jetpack_social_post_already_shared":true,"jetpack_social_options":{"image_generator_settings":{"template":"highway","default_image_id":0,"font":"","enabled":false},"version":2}},"categories":[356],"tags":[],"class_list":["post-66075","post","type-post","status-publish","format-standard","has-post-thumbnail","hentry","category-veracruz"],"jetpack_publicize_connections":[],"jetpack_featured_media_url":"https:\/\/noticiasveracruz.com\/wp-content\/uploads\/2025\/10\/SALMEN.jpg","jetpack_sharing_enabled":true,"publishpress_future_action":{"enabled":false,"date":"2026-05-05 21:05:57","action":"change-status","newStatus":"draft","terms":[],"taxonomy":"category","extraData":[]},"publishpress_future_workflow_manual_trigger":{"enabledWorkflows":[]},"_links":{"self":[{"href":"https:\/\/noticiasveracruz.com\/index.php\/wp-json\/wp\/v2\/posts\/66075","targetHints":{"allow":["GET"]}}],"collection":[{"href":"https:\/\/noticiasveracruz.com\/index.php\/wp-json\/wp\/v2\/posts"}],"about":[{"href":"https:\/\/noticiasveracruz.com\/index.php\/wp-json\/wp\/v2\/types\/post"}],"author":[{"embeddable":true,"href":"https:\/\/noticiasveracruz.com\/index.php\/wp-json\/wp\/v2\/users\/4"}],"replies":[{"embeddable":true,"href":"https:\/\/noticiasveracruz.com\/index.php\/wp-json\/wp\/v2\/comments?post=66075"}],"version-history":[{"count":0,"href":"https:\/\/noticiasveracruz.com\/index.php\/wp-json\/wp\/v2\/posts\/66075\/revisions"}],"wp:featuredmedia":[{"embeddable":true,"href":"https:\/\/noticiasveracruz.com\/index.php\/wp-json\/wp\/v2\/media\/66076"}],"wp:attachment":[{"href":"https:\/\/noticiasveracruz.com\/index.php\/wp-json\/wp\/v2\/media?parent=66075"}],"wp:term":[{"taxonomy":"category","embeddable":true,"href":"https:\/\/noticiasveracruz.com\/index.php\/wp-json\/wp\/v2\/categories?post=66075"},{"taxonomy":"post_tag","embeddable":true,"href":"https:\/\/noticiasveracruz.com\/index.php\/wp-json\/wp\/v2\/tags?post=66075"}],"curies":[{"name":"wp","href":"https:\/\/api.w.org\/{rel}","templated":true}]}}