{"id":66060,"date":"2025-10-08T22:21:10","date_gmt":"2025-10-09T04:21:10","guid":{"rendered":"https:\/\/noticiasveracruz.com\/?p=66060"},"modified":"2025-10-08T22:21:10","modified_gmt":"2025-10-09T04:21:10","slug":"mas-de-130-fondos-editoriales-participaran-en-la-1a-feria-regional-del-libro-itinerante-en-tuxpan-del-9-al-11-de-octubre","status":"publish","type":"post","link":"https:\/\/noticiasveracruz.com\/index.php\/2025\/10\/08\/mas-de-130-fondos-editoriales-participaran-en-la-1a-feria-regional-del-libro-itinerante-en-tuxpan-del-9-al-11-de-octubre\/","title":{"rendered":"M\u00e1s de 130 fondos editoriales participar\u00e1n en la 1\u00aa Feria Regional del Libro-Itinerante, en Tuxpan, del 9 al 11 de octubre"},"content":{"rendered":"<p>\u2022 Este evento tendr\u00e1 como sede la Primaria Miguel Lerdo, en calle Genaro Rodr\u00edguez.<\/p>\n<p>Tuxpan, Ver.\u2019.- Del 9 al 11 de octubre se realizar\u00e1 en Tuxpan la 1\u00aa Feria Regional del Libro-Itinerante, teniendo como sede la escuela primaria Miguel Lerdo de Tejada, ubicada en la calle Genaro Rodr\u00edguez N\u00fam. 8 de la Zona Centro, en horario de 10 de la ma\u00f1ana a 7 de la tarde.<\/p>\n<p><img loading=\"lazy\" decoding=\"async\" class=\"alignnone size-medium wp-image-66064\" src=\"http:\/\/noticiasveracruz.com\/wp-content\/uploads\/2025\/10\/WhatsApp-Image-2025-10-08-at-10.19.53-230x300.jpeg\" alt=\"\" width=\"230\" height=\"300\" srcset=\"https:\/\/noticiasveracruz.com\/wp-content\/uploads\/2025\/10\/WhatsApp-Image-2025-10-08-at-10.19.53-230x300.jpeg 230w, https:\/\/noticiasveracruz.com\/wp-content\/uploads\/2025\/10\/WhatsApp-Image-2025-10-08-at-10.19.53-784x1024.jpeg 784w, https:\/\/noticiasveracruz.com\/wp-content\/uploads\/2025\/10\/WhatsApp-Image-2025-10-08-at-10.19.53-768x1003.jpeg 768w, https:\/\/noticiasveracruz.com\/wp-content\/uploads\/2025\/10\/WhatsApp-Image-2025-10-08-at-10.19.53.jpeg 859w\" sizes=\"auto, (max-width: 230px) 100vw, 230px\" \/> <img loading=\"lazy\" decoding=\"async\" class=\"alignnone size-medium wp-image-66062\" src=\"http:\/\/noticiasveracruz.com\/wp-content\/uploads\/2025\/10\/WhatsApp-Image-2025-10-08-at-10.19.53-1-239x300.jpeg\" alt=\"\" width=\"239\" height=\"300\" srcset=\"https:\/\/noticiasveracruz.com\/wp-content\/uploads\/2025\/10\/WhatsApp-Image-2025-10-08-at-10.19.53-1-239x300.jpeg 239w, https:\/\/noticiasveracruz.com\/wp-content\/uploads\/2025\/10\/WhatsApp-Image-2025-10-08-at-10.19.53-1-815x1024.jpeg 815w, https:\/\/noticiasveracruz.com\/wp-content\/uploads\/2025\/10\/WhatsApp-Image-2025-10-08-at-10.19.53-1-768x964.jpeg 768w, https:\/\/noticiasveracruz.com\/wp-content\/uploads\/2025\/10\/WhatsApp-Image-2025-10-08-at-10.19.53-1.jpeg 876w\" sizes=\"auto, (max-width: 239px) 100vw, 239px\" \/> <img loading=\"lazy\" decoding=\"async\" class=\"alignnone size-medium wp-image-66063\" src=\"http:\/\/noticiasveracruz.com\/wp-content\/uploads\/2025\/10\/WhatsApp-Image-2025-10-08-at-10.19.53-2-239x300.jpeg\" alt=\"\" width=\"239\" height=\"300\" srcset=\"https:\/\/noticiasveracruz.com\/wp-content\/uploads\/2025\/10\/WhatsApp-Image-2025-10-08-at-10.19.53-2-239x300.jpeg 239w, https:\/\/noticiasveracruz.com\/wp-content\/uploads\/2025\/10\/WhatsApp-Image-2025-10-08-at-10.19.53-2-815x1024.jpeg 815w, https:\/\/noticiasveracruz.com\/wp-content\/uploads\/2025\/10\/WhatsApp-Image-2025-10-08-at-10.19.53-2-768x964.jpeg 768w, https:\/\/noticiasveracruz.com\/wp-content\/uploads\/2025\/10\/WhatsApp-Image-2025-10-08-at-10.19.53-2.jpeg 876w\" sizes=\"auto, (max-width: 239px) 100vw, 239px\" \/> <img loading=\"lazy\" decoding=\"async\" class=\"alignnone size-medium wp-image-66069\" src=\"http:\/\/noticiasveracruz.com\/wp-content\/uploads\/2025\/10\/WhatsApp-Image-2025-10-08-at-10.19.54-237x300.jpeg\" alt=\"\" width=\"237\" height=\"300\" srcset=\"https:\/\/noticiasveracruz.com\/wp-content\/uploads\/2025\/10\/WhatsApp-Image-2025-10-08-at-10.19.54-237x300.jpeg 237w, https:\/\/noticiasveracruz.com\/wp-content\/uploads\/2025\/10\/WhatsApp-Image-2025-10-08-at-10.19.54-807x1024.jpeg 807w, https:\/\/noticiasveracruz.com\/wp-content\/uploads\/2025\/10\/WhatsApp-Image-2025-10-08-at-10.19.54-768x974.jpeg 768w, https:\/\/noticiasveracruz.com\/wp-content\/uploads\/2025\/10\/WhatsApp-Image-2025-10-08-at-10.19.54.jpeg 876w\" sizes=\"auto, (max-width: 237px) 100vw, 237px\" \/><\/p>\n<p>Esta feria es organizada por el Gobierno del Estado de Veracruz, a trav\u00e9s de la Secretar\u00eda de Cultura (SECVER), con el prop\u00f3sito de acercar la lectura a toda la zona norte de la entidad, y brindar un espacio seguro para la convivencia, aprendizaje y recreaci\u00f3n.<\/p>\n<p>Participar\u00e1n m\u00e1s de 130 fondos editoriales que pondr\u00e1n al alcance del p\u00fablico t\u00edtulos de gran diversidad tem\u00e1tica.<\/p>\n<p><img loading=\"lazy\" decoding=\"async\" class=\"alignnone size-medium wp-image-66065\" src=\"http:\/\/noticiasveracruz.com\/wp-content\/uploads\/2025\/10\/WhatsApp-Image-2025-10-08-at-10.19.54-1-232x300.jpeg\" alt=\"\" width=\"232\" height=\"300\" srcset=\"https:\/\/noticiasveracruz.com\/wp-content\/uploads\/2025\/10\/WhatsApp-Image-2025-10-08-at-10.19.54-1-232x300.jpeg 232w, https:\/\/noticiasveracruz.com\/wp-content\/uploads\/2025\/10\/WhatsApp-Image-2025-10-08-at-10.19.54-1-791x1024.jpeg 791w, https:\/\/noticiasveracruz.com\/wp-content\/uploads\/2025\/10\/WhatsApp-Image-2025-10-08-at-10.19.54-1-768x994.jpeg 768w, https:\/\/noticiasveracruz.com\/wp-content\/uploads\/2025\/10\/WhatsApp-Image-2025-10-08-at-10.19.54-1.jpeg 884w\" sizes=\"auto, (max-width: 232px) 100vw, 232px\" \/> <img loading=\"lazy\" decoding=\"async\" class=\"alignnone size-medium wp-image-66066\" src=\"http:\/\/noticiasveracruz.com\/wp-content\/uploads\/2025\/10\/WhatsApp-Image-2025-10-08-at-10.19.54-2-232x300.jpeg\" alt=\"\" width=\"232\" height=\"300\" srcset=\"https:\/\/noticiasveracruz.com\/wp-content\/uploads\/2025\/10\/WhatsApp-Image-2025-10-08-at-10.19.54-2-232x300.jpeg 232w, https:\/\/noticiasveracruz.com\/wp-content\/uploads\/2025\/10\/WhatsApp-Image-2025-10-08-at-10.19.54-2-792x1024.jpeg 792w, https:\/\/noticiasveracruz.com\/wp-content\/uploads\/2025\/10\/WhatsApp-Image-2025-10-08-at-10.19.54-2-768x993.jpeg 768w, https:\/\/noticiasveracruz.com\/wp-content\/uploads\/2025\/10\/WhatsApp-Image-2025-10-08-at-10.19.54-2.jpeg 859w\" sizes=\"auto, (max-width: 232px) 100vw, 232px\" \/> <img loading=\"lazy\" decoding=\"async\" class=\"alignnone size-medium wp-image-66067\" src=\"http:\/\/noticiasveracruz.com\/wp-content\/uploads\/2025\/10\/WhatsApp-Image-2025-10-08-at-10.19.54-3-300x294.jpeg\" alt=\"\" width=\"300\" height=\"294\" srcset=\"https:\/\/noticiasveracruz.com\/wp-content\/uploads\/2025\/10\/WhatsApp-Image-2025-10-08-at-10.19.54-3-300x294.jpeg 300w, https:\/\/noticiasveracruz.com\/wp-content\/uploads\/2025\/10\/WhatsApp-Image-2025-10-08-at-10.19.54-3-1024x1004.jpeg 1024w, https:\/\/noticiasveracruz.com\/wp-content\/uploads\/2025\/10\/WhatsApp-Image-2025-10-08-at-10.19.54-3-768x753.jpeg 768w, https:\/\/noticiasveracruz.com\/wp-content\/uploads\/2025\/10\/WhatsApp-Image-2025-10-08-at-10.19.54-3.jpeg 1122w\" sizes=\"auto, (max-width: 300px) 100vw, 300px\" \/><\/p>\n<p>Se desarrollar\u00e1 una amplia gama de actividades art\u00edsticas y literarias como narraciones orales, teatro, conciertos, talleres, presentaciones musicales, danza folkl\u00f3rica, presentaciones editoriales, entre otras.<\/p>\n<p>Adem\u00e1s, dentro del programa literario, el s\u00e1bado 11 se contar\u00e1 con la participaci\u00f3n del cronista de la ciudad, Salvador Hern\u00e1ndez Garc\u00eda, con una charla acerca de la monograf\u00eda de Tuxpan: \u201cTuxpan, un d\u00eda como hoy en el Tuxpan del Ayer\u201d.<\/p>\n<p><img loading=\"lazy\" decoding=\"async\" class=\"alignnone size-medium wp-image-66073\" src=\"http:\/\/noticiasveracruz.com\/wp-content\/uploads\/2025\/10\/WhatsApp-Image-2025-10-08-at-10.19.55-234x300.jpeg\" alt=\"\" width=\"234\" height=\"300\" srcset=\"https:\/\/noticiasveracruz.com\/wp-content\/uploads\/2025\/10\/WhatsApp-Image-2025-10-08-at-10.19.55-234x300.jpeg 234w, https:\/\/noticiasveracruz.com\/wp-content\/uploads\/2025\/10\/WhatsApp-Image-2025-10-08-at-10.19.55-799x1024.jpeg 799w, https:\/\/noticiasveracruz.com\/wp-content\/uploads\/2025\/10\/WhatsApp-Image-2025-10-08-at-10.19.55-768x984.jpeg 768w, https:\/\/noticiasveracruz.com\/wp-content\/uploads\/2025\/10\/WhatsApp-Image-2025-10-08-at-10.19.55.jpeg 876w\" sizes=\"auto, (max-width: 234px) 100vw, 234px\" \/> <img loading=\"lazy\" decoding=\"async\" class=\"alignnone size-medium wp-image-66071\" src=\"http:\/\/noticiasveracruz.com\/wp-content\/uploads\/2025\/10\/WhatsApp-Image-2025-10-08-at-10.19.55-2-232x300.jpeg\" alt=\"\" width=\"232\" height=\"300\" srcset=\"https:\/\/noticiasveracruz.com\/wp-content\/uploads\/2025\/10\/WhatsApp-Image-2025-10-08-at-10.19.55-2-232x300.jpeg 232w, https:\/\/noticiasveracruz.com\/wp-content\/uploads\/2025\/10\/WhatsApp-Image-2025-10-08-at-10.19.55-2-791x1024.jpeg 791w, https:\/\/noticiasveracruz.com\/wp-content\/uploads\/2025\/10\/WhatsApp-Image-2025-10-08-at-10.19.55-2-768x994.jpeg 768w, https:\/\/noticiasveracruz.com\/wp-content\/uploads\/2025\/10\/WhatsApp-Image-2025-10-08-at-10.19.55-2-1187x1536.jpeg 1187w, https:\/\/noticiasveracruz.com\/wp-content\/uploads\/2025\/10\/WhatsApp-Image-2025-10-08-at-10.19.55-2.jpeg 1236w\" sizes=\"auto, (max-width: 232px) 100vw, 232px\" \/> <img loading=\"lazy\" decoding=\"async\" class=\"alignnone size-medium wp-image-66070\" src=\"http:\/\/noticiasveracruz.com\/wp-content\/uploads\/2025\/10\/WhatsApp-Image-2025-10-08-at-10.19.55-1-228x300.jpeg\" alt=\"\" width=\"228\" height=\"300\" srcset=\"https:\/\/noticiasveracruz.com\/wp-content\/uploads\/2025\/10\/WhatsApp-Image-2025-10-08-at-10.19.55-1-228x300.jpeg 228w, https:\/\/noticiasveracruz.com\/wp-content\/uploads\/2025\/10\/WhatsApp-Image-2025-10-08-at-10.19.55-1-779x1024.jpeg 779w, https:\/\/noticiasveracruz.com\/wp-content\/uploads\/2025\/10\/WhatsApp-Image-2025-10-08-at-10.19.55-1-768x1010.jpeg 768w, https:\/\/noticiasveracruz.com\/wp-content\/uploads\/2025\/10\/WhatsApp-Image-2025-10-08-at-10.19.55-1.jpeg 1029w\" sizes=\"auto, (max-width: 228px) 100vw, 228px\" \/> <img loading=\"lazy\" decoding=\"async\" class=\"alignnone size-medium wp-image-66068\" src=\"http:\/\/noticiasveracruz.com\/wp-content\/uploads\/2025\/10\/WhatsApp-Image-2025-10-08-at-10.19.54-4-234x300.jpeg\" alt=\"\" width=\"234\" height=\"300\" srcset=\"https:\/\/noticiasveracruz.com\/wp-content\/uploads\/2025\/10\/WhatsApp-Image-2025-10-08-at-10.19.54-4-234x300.jpeg 234w, https:\/\/noticiasveracruz.com\/wp-content\/uploads\/2025\/10\/WhatsApp-Image-2025-10-08-at-10.19.54-4-799x1024.jpeg 799w, https:\/\/noticiasveracruz.com\/wp-content\/uploads\/2025\/10\/WhatsApp-Image-2025-10-08-at-10.19.54-4-768x984.jpeg 768w, https:\/\/noticiasveracruz.com\/wp-content\/uploads\/2025\/10\/WhatsApp-Image-2025-10-08-at-10.19.54-4.jpeg 876w\" sizes=\"auto, (max-width: 234px) 100vw, 234px\" \/><\/p>\n<p>Con esta feria se apuesta por el fomento a la lectura y la diversidad cultural. Asiste, y celebra la magia de la lectura.<\/p>\n<p>Consulta en las im\u00e1genes los horarios y el programa de actividades.<\/p>\n<p><img loading=\"lazy\" decoding=\"async\" class=\"alignnone size-medium wp-image-66072\" src=\"http:\/\/noticiasveracruz.com\/wp-content\/uploads\/2025\/10\/WhatsApp-Image-2025-10-08-at-10.19.55-3-232x300.jpeg\" alt=\"\" width=\"232\" height=\"300\" srcset=\"https:\/\/noticiasveracruz.com\/wp-content\/uploads\/2025\/10\/WhatsApp-Image-2025-10-08-at-10.19.55-3-232x300.jpeg 232w, https:\/\/noticiasveracruz.com\/wp-content\/uploads\/2025\/10\/WhatsApp-Image-2025-10-08-at-10.19.55-3-792x1024.jpeg 792w, https:\/\/noticiasveracruz.com\/wp-content\/uploads\/2025\/10\/WhatsApp-Image-2025-10-08-at-10.19.55-3-768x993.jpeg 768w, https:\/\/noticiasveracruz.com\/wp-content\/uploads\/2025\/10\/WhatsApp-Image-2025-10-08-at-10.19.55-3.jpeg 944w\" sizes=\"auto, (max-width: 232px) 100vw, 232px\" \/><\/p>\n","protected":false},"excerpt":{"rendered":"<p>\u2022 Este evento tendr\u00e1 como sede la Primaria Miguel Lerdo, en calle Genaro Rodr\u00edguez. Tuxpan, Ver.\u2019.- Del 9 al 11<\/p>\n","protected":false},"author":4,"featured_media":66061,"comment_status":"closed","ping_status":"closed","sticky":false,"template":"","format":"standard","meta":{"colormag_page_container_layout":"default_layout","colormag_page_sidebar_layout":"default_layout","_jetpack_memberships_contains_paid_content":false,"footnotes":"","jetpack_publicize_message":"","jetpack_publicize_feature_enabled":true,"jetpack_social_post_already_shared":true,"jetpack_social_options":{"image_generator_settings":{"template":"highway","default_image_id":0,"font":"","enabled":false},"version":2}},"categories":[3372,356],"tags":[],"class_list":["post-66060","post","type-post","status-publish","format-standard","has-post-thumbnail","hentry","category-gobierno-tuxpan","category-veracruz"],"jetpack_publicize_connections":[],"jetpack_featured_media_url":"https:\/\/noticiasveracruz.com\/wp-content\/uploads\/2025\/10\/IMAGEND.jpg","jetpack_sharing_enabled":true,"publishpress_future_action":{"enabled":false,"date":"2026-05-05 20:41:18","action":"change-status","newStatus":"draft","terms":[],"taxonomy":"category","extraData":[]},"publishpress_future_workflow_manual_trigger":{"enabledWorkflows":[]},"_links":{"self":[{"href":"https:\/\/noticiasveracruz.com\/index.php\/wp-json\/wp\/v2\/posts\/66060","targetHints":{"allow":["GET"]}}],"collection":[{"href":"https:\/\/noticiasveracruz.com\/index.php\/wp-json\/wp\/v2\/posts"}],"about":[{"href":"https:\/\/noticiasveracruz.com\/index.php\/wp-json\/wp\/v2\/types\/post"}],"author":[{"embeddable":true,"href":"https:\/\/noticiasveracruz.com\/index.php\/wp-json\/wp\/v2\/users\/4"}],"replies":[{"embeddable":true,"href":"https:\/\/noticiasveracruz.com\/index.php\/wp-json\/wp\/v2\/comments?post=66060"}],"version-history":[{"count":0,"href":"https:\/\/noticiasveracruz.com\/index.php\/wp-json\/wp\/v2\/posts\/66060\/revisions"}],"wp:featuredmedia":[{"embeddable":true,"href":"https:\/\/noticiasveracruz.com\/index.php\/wp-json\/wp\/v2\/media\/66061"}],"wp:attachment":[{"href":"https:\/\/noticiasveracruz.com\/index.php\/wp-json\/wp\/v2\/media?parent=66060"}],"wp:term":[{"taxonomy":"category","embeddable":true,"href":"https:\/\/noticiasveracruz.com\/index.php\/wp-json\/wp\/v2\/categories?post=66060"},{"taxonomy":"post_tag","embeddable":true,"href":"https:\/\/noticiasveracruz.com\/index.php\/wp-json\/wp\/v2\/tags?post=66060"}],"curies":[{"name":"wp","href":"https:\/\/api.w.org\/{rel}","templated":true}]}}