{"id":6556,"date":"2022-07-27T10:21:29","date_gmt":"2022-07-27T15:21:29","guid":{"rendered":"https:\/\/noticiasveracruz.com\/?p=6556"},"modified":"2022-07-27T10:22:36","modified_gmt":"2022-07-27T15:22:36","slug":"bloqueo-de-reaccion","status":"publish","type":"post","link":"https:\/\/noticiasveracruz.com\/index.php\/2022\/07\/27\/bloqueo-de-reaccion\/","title":{"rendered":"Bloqueo de reacci\u00f3n\u00a0"},"content":{"rendered":"<p>&nbsp;<\/p>\n<p class=\"p1\"><span style=\"font-size: 18pt;\"><strong>Por Herlindo Robles <\/strong><\/span><\/p>\n<p class=\"p1\"><span style=\"font-size: 14pt;\"><strong>La coalici\u00f3n Va por M\u00e9xico<\/strong>, integrada por el PAN, PRI y cuasi extinto PRD, <strong>pretende extender la llamada \u201cmoratoria legislativa\u201d,<\/strong> respecto de la iniciativa de reforma electoral planteda por el presidente de la Rep\u00fablica, que busca terminar con las cuotas de poder concedidas a los partidos pol\u00edticos desde el Congreso. <\/span><\/p>\n<p class=\"p1\"><span style=\"font-size: 18pt;\"><strong>Los exagerados recursos p\u00fablicos que reciben los partidos, distraen la posibilidad de ampliar la atenci\u00f3n de necesidades sociales, pendientes de atender. <\/strong><\/span><\/p>\n<p class=\"p1\"><span style=\"font-size: 18pt;\"><span style=\"color: #d42d33;\"><strong>Los institutos pol\u00edticos en M\u00e9xico lejos de promover la democracia son cimiente de malas pr\u00e1cticas contrademocraticas<\/strong><\/span><b style=\"font-size: 18pt;\">; como la designaci\u00f3n directa de candidaturas, la negociaci\u00f3n de aplicaci\u00f3n o modificaci\u00f3n de leyes a favor de empresarios corruptos que genera un circulo vicioso de <\/b><span style=\"font-size: 24px;\"><b>d\u00e1divas<\/b><\/span><b style=\"font-size: 18pt;\">, generando impunidad, corrupci\u00f3n y empobrecimiento de la clase trabajadora, que es el \u00faltimo eslab\u00f3n de la cadena de producci\u00f3n.<\/b><span class=\"Apple-converted-space\" style=\"font-size: 18pt; font-weight: bold;\">\u00a0<\/span><\/span><\/p>\n<p><img loading=\"lazy\" decoding=\"async\" class=\"aligncenter wp-image-8303 size-large\" src=\"https:\/\/politicosaldesnudo.com.mx\/wp-content\/uploads\/2022\/07\/P-VAPORMEXICO-1024x573.png\" alt=\"\" width=\"800\" height=\"448\" \/><\/p>\n<p>&nbsp;<\/p>\n<p class=\"p1\"><span style=\"font-size: 14pt;\"><span style=\"font-size: 18pt; color: #d42d33;\"><strong>La mayor\u00eda de los dirigentes de los partidos pol\u00edticos han considerado una cuota de poder la representaci\u00f3n de un instituto, y lo usufruct\u00faan como franquicia de negocio<\/strong><\/span>, designando las candidaturas a diversos puestos de elecci\u00f3n popular, a quien logra convencerlos por diversos medios. Como due\u00f1os de la instituci\u00f3n, la representaci\u00f3n que les otorga el INE, permite a los presidentes de los Partidos, arraigarse en el cargo, sin respeto a la democracia interna que debe prevalecer en esos semilleros ciudadanos. Sin embargo, lo \u00fanico que se estila es despotismo, trafico de influencias, corrupci\u00f3n, favoritismos, y toda clase de vicios identificados con la corrupci\u00f3n de la democracia y con todo y ello, todav\u00eda le cuestan erario p\u00fablico m\u00e1s de 5 mil millones de pesos. Desde luego un robo al pueblo, para los p\u00edrricos resultados del ejercicio de la democracia. <\/span><\/p>\n<p class=\"p1\"><span style=\"font-size: 18pt;\"><strong><span style=\"color: #d42d33;\">\u201cNo puede haber gobierno rico, con pueblo pobre\u201d,<\/span> repite con insistencia el presidente Andr\u00e9s Manuel L\u00f3pez Obrador, y esto es una l\u00f3gica elemental, pero muchos legisladores y el mismo INE, lo tratan de desvirtuar, con el cuento de que se otorga estabilidad pol\u00edtica, cosa que no se discute, pero en lugar de eficientar y reducir el gasto, lo van engordando cada d\u00eda m\u00e1s, y el pueblo ya no puede mantener ese tipo de dispendios.<\/strong><\/span><\/p>\n<p><img loading=\"lazy\" decoding=\"async\" class=\"aligncenter wp-image-8304 size-large\" src=\"https:\/\/politicosaldesnudo.com.mx\/wp-content\/uploads\/2022\/07\/P-AMLO-POBRES-1024x573.png\" alt=\"\" width=\"800\" height=\"448\" \/><\/p>\n<p>&nbsp;<\/p>\n<p class=\"p1\"><span style=\"font-size: 14pt;\">Se debe modificar el marco jur\u00eddico en que se desempe\u00f1a el INE, a efecto de que sea cada d\u00eda m\u00e1s democr\u00e1tico y menos costoso, pues los adelantos tecnol\u00f3gicos as\u00ed lo permiten. Deben los legisladores cumplir con su trabajo y construir leyes que sean eficaces y eficientes, no solo en el tema electoral, sino en todas las ramas del derecho, pues se pasan el tiempo durmiendo en la curul, mientras se acumulan leyes inaplicables y eternas que ni ellos mismos conocen su existencia, en realidad debemos iniciar un cambio eficaz en el ejercicio de la democracia y los institutos pol\u00edticos tienen como primer obligaci\u00f3n promover el ejercicio democr\u00e1tico, no como un negocio sino como una forma de vida para los ciudadanos de la Rep\u00fablica. <\/span><\/p>\n<p>&nbsp;<\/p>\n<p>&nbsp;<\/p>\n<p><span style=\"font-size: 18pt;\"><strong>Twitter: <a href=\"https:\/\/twitter.com\/zorvha\">@zorvha<\/a><\/strong><\/span><\/p>\n<p>&nbsp;<\/p>\n<p><span style=\"font-size: 18pt; color: #d42d33;\"><em><strong>**Las columnas firmadas en este medio son responsabilidad de quienes las firman**<\/strong><\/em><\/span><\/p>\n<p>&nbsp;<\/p>\n<p>&nbsp;<\/p>\n<p>&nbsp;<\/p>\n<p>&nbsp;<\/p>\n","protected":false},"excerpt":{"rendered":"<p>&nbsp; Por Herlindo Robles La coalici\u00f3n Va por M\u00e9xico, integrada por el PAN, PRI y cuasi extinto PRD, pretende extender<\/p>\n","protected":false},"author":4,"featured_media":6142,"comment_status":"closed","ping_status":"closed","sticky":false,"template":"","format":"standard","meta":{"colormag_page_container_layout":"default_layout","colormag_page_sidebar_layout":"default_layout","_jetpack_memberships_contains_paid_content":false,"footnotes":"","jetpack_publicize_message":"","jetpack_publicize_feature_enabled":true,"jetpack_social_post_already_shared":false,"jetpack_social_options":{"image_generator_settings":{"template":"highway","default_image_id":0,"font":"","enabled":false},"version":2}},"categories":[6],"tags":[65,66,1121,213],"class_list":["post-6556","post","type-post","status-publish","format-standard","has-post-thumbnail","hentry","category-columnistas","tag-andres-manuel-lopez-obrador","tag-ine","tag-partidos-politicos","tag-va-por-mexico"],"jetpack_publicize_connections":[],"jetpack_featured_media_url":"https:\/\/noticiasveracruz.com\/wp-content\/uploads\/2022\/07\/P-HERLINDO-ROBLES-NV.png","jetpack_sharing_enabled":true,"publishpress_future_action":{"enabled":false,"date":"2026-05-07 02:21:47","action":"change-status","newStatus":"draft","terms":[],"taxonomy":"category","extraData":[]},"publishpress_future_workflow_manual_trigger":{"enabledWorkflows":[]},"_links":{"self":[{"href":"https:\/\/noticiasveracruz.com\/index.php\/wp-json\/wp\/v2\/posts\/6556","targetHints":{"allow":["GET"]}}],"collection":[{"href":"https:\/\/noticiasveracruz.com\/index.php\/wp-json\/wp\/v2\/posts"}],"about":[{"href":"https:\/\/noticiasveracruz.com\/index.php\/wp-json\/wp\/v2\/types\/post"}],"author":[{"embeddable":true,"href":"https:\/\/noticiasveracruz.com\/index.php\/wp-json\/wp\/v2\/users\/4"}],"replies":[{"embeddable":true,"href":"https:\/\/noticiasveracruz.com\/index.php\/wp-json\/wp\/v2\/comments?post=6556"}],"version-history":[{"count":0,"href":"https:\/\/noticiasveracruz.com\/index.php\/wp-json\/wp\/v2\/posts\/6556\/revisions"}],"wp:featuredmedia":[{"embeddable":true,"href":"https:\/\/noticiasveracruz.com\/index.php\/wp-json\/wp\/v2\/media\/6142"}],"wp:attachment":[{"href":"https:\/\/noticiasveracruz.com\/index.php\/wp-json\/wp\/v2\/media?parent=6556"}],"wp:term":[{"taxonomy":"category","embeddable":true,"href":"https:\/\/noticiasveracruz.com\/index.php\/wp-json\/wp\/v2\/categories?post=6556"},{"taxonomy":"post_tag","embeddable":true,"href":"https:\/\/noticiasveracruz.com\/index.php\/wp-json\/wp\/v2\/tags?post=6556"}],"curies":[{"name":"wp","href":"https:\/\/api.w.org\/{rel}","templated":true}]}}