{"id":6553,"date":"2022-07-27T08:58:10","date_gmt":"2022-07-27T13:58:10","guid":{"rendered":"https:\/\/noticiasveracruz.com\/?p=6553"},"modified":"2022-07-27T08:58:24","modified_gmt":"2022-07-27T13:58:24","slug":"cronica-de-un-crimen-de-estado","status":"publish","type":"post","link":"https:\/\/noticiasveracruz.com\/index.php\/2022\/07\/27\/cronica-de-un-crimen-de-estado\/","title":{"rendered":"Cr\u00f3nica de un crimen de Estado"},"content":{"rendered":"<p>&nbsp;<\/p>\n<p class=\"p1\" style=\"text-align: center;\"><span style=\"font-size: 18pt;\"><strong>&lt;&lt; En memoria y reconocimiento de los 14 marinos ca\u00eddos por el desplome del helic\u00f3ptero en el que viajaban &gt;&gt;<\/strong><\/span><\/p>\n<p>&nbsp;<\/p>\n<p class=\"p1\"><span style=\"font-size: 18pt;\"><strong>Por Jorge Evia Ram\u00edrez <\/strong><\/span><\/p>\n<p class=\"p1\"><span style=\"font-size: 14pt;\">Nada justifica que Andr\u00e9s Manuel L\u00f3pez Obrador como Comandante Supremo de las Fuerzas Armadas en nuestro pa\u00eds, haya decidido no asistir a los funerales de los 14 marinos que fallecieron el pasado viernes 15 de julio, <strong>al desplomarse el helic\u00f3ptero en el que viajaban en apoyo al operativo para capturar a Rafael Caro Quintero, fundador del C\u00e1rtel de Guadalajara y m\u00e1s a\u00fan, cuando el motivo de su muerte se debi\u00f3 a su austeridad republicana.<\/strong><\/span><\/p>\n<p class=\"p1\"><span style=\"font-size: 18pt;\"><strong>Si bien es cierto que el ahorro en el gobierno mexicano fue una promesa que realiz\u00f3 Andr\u00e9s Manuel L\u00f3pez Obrador en su campa\u00f1a camino a la presidencia y le asegur\u00f3 a la poblaci\u00f3n que se acabar\u00eda con el lujo y despilfarro de las instituciones gubernamentales; <span style=\"color: #d42d33;\">tambi\u00e9n es cierto que no es posible que el comando de fuerzas especiales y boinas negras de la Marina hayan encontrado la muerte por la falta de combustible <\/span>en el helic\u00f3ptero tipo Black Hawk de la Secretar\u00eda de Marina-Armada de M\u00e9xico que los llev\u00f3 al operativo y que los ten\u00eda que regresar a casa despu\u00e9s de cumplir su misi\u00f3n.<\/strong><\/span><\/p>\n<p><img loading=\"lazy\" decoding=\"async\" class=\"aligncenter wp-image-8298 size-large\" src=\"https:\/\/politicosaldesnudo.com.mx\/wp-content\/uploads\/2022\/07\/P-HELICOPTERO-CAROQUINTERO1-1024x573.png\" alt=\"\" width=\"800\" height=\"448\" \/><\/p>\n<p>&nbsp;<\/p>\n<p class=\"p1\"><span style=\"font-size: 18pt;\"><strong>Esa malinterpretada austeridad republicana asesin\u00f3 a 14 integrantes de la unidad militar de operaciones especiales de la Armada de M\u00e9xico ante lo cual, estamos ante un crimen de Estado y por ende, tiene que haber responsables.<\/strong><\/span><\/p>\n<p class=\"p1\"><span style=\"font-size: 14pt;\">En nuestro pa\u00eds, esa pol\u00edtica de austeridad de Andr\u00e9s Manuel L\u00f3pez Obrador tambi\u00e9n ha matado a ni\u00f1os con c\u00e1ncer; ha matado pacientes ante la falta de medicamentos; mat\u00f3 a personas que contrajeron el Covid 19 e infinidad de v\u00edctimas mortales ante el cierre de refugios para v\u00edctimas de la violencia de g\u00e9nero.<\/span><\/p>\n<p class=\"p1\"><strong><span style=\"font-size: 18pt;\">As\u00ed que un <span style=\"color: #d42d33;\">nuevo crimen de Estado se suma a la larga lista de cr\u00edmenes cometidos durante el gobierno de L\u00f3pez Obrador. <\/span>Si bien es cierto que las operaciones que desarrollaba esa unidad de la Armada de M\u00e9xico era de car\u00e1cter confidencial, por lo que permaneci\u00f3 fuera del conocimiento p\u00fablico, en memoria y reconocimiento de los integrantes del grupo de Fuerzas Especiales de la Secretar\u00eda de Marina Armada de M\u00e9xico que cayeron en el cumplimiento de su deber, ahora el pueblo de M\u00e9xico debe de conocer que la falta de combustible fue la causa de su muerte.<\/span><\/strong><\/p>\n<p class=\"p1\"><span style=\"font-size: 14pt;\">Nueve de las v\u00edctimas eran infantes, tres pilotos y dos mec\u00e1nicos. Sus a\u00f1os de experiencia los respaldaban. 25, 10 y 5 los m\u00e1s j\u00f3venes.<\/span><\/p>\n<p class=\"p1\"><span style=\"font-size: 14pt;\">La Unidad de Operaciones Especiales de la Marina en otras ocasiones, ha participado en la Operaci\u00f3n Cisne Negro, por parte del Equipo Roble. Dicha operaci\u00f3n termin\u00f3 con la captura del famoso l\u00edder del Cartel de Sinaloa Joaqu\u00edn Guzm\u00e1n Loera \u00abEl Chapo\u00bb.<\/span><\/p>\n<p class=\"p1\"><span style=\"font-size: 18pt;\"><strong>Asimismo, el Equipo Puma llev\u00f3 a cabo la Operaci\u00f3n Barcina, la cual se hizo de conocimiento p\u00fablico a causa de un video grabado por un civil en donde se puede apreciar un Helic\u00f3ptero Sikorsky UH-60 Black Hawk haciendo uso de una M134 Minigun para ametrallar a sicarios de los Beltr\u00e1n Leyva, la operaci\u00f3n concluy\u00f3 con el asesinato del capo Juan Francisco Patr\u00f3n S\u00e1nchez \u00abEl H2\u00bb.<\/strong><\/span><\/p>\n<p><img loading=\"lazy\" decoding=\"async\" class=\"aligncenter wp-image-8299 size-large\" src=\"https:\/\/politicosaldesnudo.com.mx\/wp-content\/uploads\/2022\/07\/P-HELICOPTERO-CAROQUINTERO2-1024x573.png\" alt=\"\" width=\"800\" height=\"448\" \/><\/p>\n<p>&nbsp;<\/p>\n<p class=\"p1\"><span style=\"font-size: 18pt;\"><strong>Ese 15 de julio, sin notificar a nadie, como marcan los protocolos, ni siquiera a su familia, 14 marinos Boinas Negras comenzaron con la misi\u00f3n. Como en cada operativo, sab\u00edan que iban saliendo a una nueva misi\u00f3n, pero desconoc\u00edan el hecho de que no regresar\u00edan con vida. En su formaci\u00f3n y adiestramiento aprendieron paracaidismo, operaciones en monta\u00f1a, en selva, urbanas, rescate de rehenes, buceo de combate, infiltraci\u00f3n anfibia y supervivencia; pero jam\u00e1s les ense\u00f1aron a sobrevivir ante el desplome de un helic\u00f3ptero por falta de combustible por una mala interpretaci\u00f3n de la austeridad republicana ordenada por su Comandante Supremo. <\/strong><\/span><\/p>\n<p class=\"p1\"><span style=\"font-size: 14pt;\">Tal y como lo expres\u00f3 en su columna de El Universal, nuestro compa\u00f1ero Claudio Ochoa Huerta el d\u00eda 22 de julio del a\u00f1o en curso, \u00abY aunque hacen lo que muy pocos, est\u00e1n condenados al anonimato. Nada de monumentos ni letras de oro. Sus nombres y rostros solo quedar\u00e1n en los archivos de la instituci\u00f3n y en la memoria de las familias porque una regla fundamental de<span class=\"Apple-converted-space\">\u00a0 <\/span>es mantener en secreto las identidades ante el riesgo que implica su actuaci\u00f3n. Estos elementos no utilizan sus nombres sino un mote personal y otro grupal, de acuerdo a su l\u00edder. Por ejemplo: equipo rinoceronte, le\u00f3n, tigre.<\/span><\/p>\n<p class=\"p1\"><span style=\"font-size: 14pt;\">Uno de sus credos reza: ser\u00e9 el reconocimiento de una estirpe que se hundi\u00f3 en el olvido. Quachic. <\/span><\/p>\n<blockquote>\n<p class=\"p1\"><span style=\"font-size: 14pt;\">Estos 14 no pueden hundirse en nuestro olvido\u00bb<\/span><\/p>\n<\/blockquote>\n<p class=\"p1\"><span style=\"font-size: 14pt;\">Precisamente, para evitar que esos 14 miembros de la Marina mexicana se hundan en el olvido, hay que difundir y dar a conocer al pueblo de M\u00e9xico lo expresado por nuestro compa\u00f1ero columnista de el peri\u00f3dico El Financiero, en su columna Todo es empeorable publicada el 25 de julio: \u00abLos 14 murieron por una raz\u00f3n tan execrable, tan terrible e imperdonable como lo es el hecho de que se les haya acabado el combustible. Eso s\u00ed es una responsabilidad dif\u00edcil de perdonar, de olvidar y que trasciende la mala suerte o la imprevisi\u00f3n\u00bb.<\/span><\/p>\n<p>&nbsp;<\/p>\n<p>&nbsp;<\/p>\n<p class=\"p1\"><span style=\"font-size: 18pt;\"><strong>Twitter<span class=\"s1\">: <a href=\"https:\/\/twitter.com\/eviaram\"><span class=\"s2\">@EVIARAM<\/span><\/a><\/span><\/strong><\/span><\/p>\n<p>&nbsp;<\/p>\n<p><span style=\"font-size: 18pt; color: #d42d33;\"><em><strong>**Las columnas firmadas en este medio son responsabilidad de quienes las firman**<\/strong><\/em><\/span><\/p>\n<p>&nbsp;<\/p>\n<p>&nbsp;<\/p>\n<p>&nbsp;<\/p>\n<p>&nbsp;<\/p>\n<p>&nbsp;<\/p>\n<p>&nbsp;<\/p>\n","protected":false},"excerpt":{"rendered":"<p>&nbsp; &lt;&lt; En memoria y reconocimiento de los 14 marinos ca\u00eddos por el desplome del helic\u00f3ptero en el que viajaban<\/p>\n","protected":false},"author":4,"featured_media":1190,"comment_status":"closed","ping_status":"closed","sticky":false,"template":"","format":"standard","meta":{"colormag_page_container_layout":"default_layout","colormag_page_sidebar_layout":"default_layout","_jetpack_memberships_contains_paid_content":false,"footnotes":"","jetpack_publicize_message":"","jetpack_publicize_feature_enabled":true,"jetpack_social_post_already_shared":false,"jetpack_social_options":{"image_generator_settings":{"template":"highway","default_image_id":0,"font":"","enabled":false},"version":2}},"categories":[6],"tags":[65,1163,1165,1164],"class_list":["post-6553","post","type-post","status-publish","format-standard","has-post-thumbnail","hentry","category-columnistas","tag-andres-manuel-lopez-obrador","tag-armada-de-mexico","tag-austeridad-republicana","tag-marinos"],"jetpack_publicize_connections":[],"jetpack_featured_media_url":"https:\/\/noticiasveracruz.com\/wp-content\/uploads\/2022\/01\/NV-JORGE-EVIA1.png","jetpack_sharing_enabled":true,"publishpress_future_action":{"enabled":false,"date":"2026-05-07 03:08:13","action":"change-status","newStatus":"draft","terms":[],"taxonomy":"category","extraData":[]},"publishpress_future_workflow_manual_trigger":{"enabledWorkflows":[]},"_links":{"self":[{"href":"https:\/\/noticiasveracruz.com\/index.php\/wp-json\/wp\/v2\/posts\/6553","targetHints":{"allow":["GET"]}}],"collection":[{"href":"https:\/\/noticiasveracruz.com\/index.php\/wp-json\/wp\/v2\/posts"}],"about":[{"href":"https:\/\/noticiasveracruz.com\/index.php\/wp-json\/wp\/v2\/types\/post"}],"author":[{"embeddable":true,"href":"https:\/\/noticiasveracruz.com\/index.php\/wp-json\/wp\/v2\/users\/4"}],"replies":[{"embeddable":true,"href":"https:\/\/noticiasveracruz.com\/index.php\/wp-json\/wp\/v2\/comments?post=6553"}],"version-history":[{"count":0,"href":"https:\/\/noticiasveracruz.com\/index.php\/wp-json\/wp\/v2\/posts\/6553\/revisions"}],"wp:featuredmedia":[{"embeddable":true,"href":"https:\/\/noticiasveracruz.com\/index.php\/wp-json\/wp\/v2\/media\/1190"}],"wp:attachment":[{"href":"https:\/\/noticiasveracruz.com\/index.php\/wp-json\/wp\/v2\/media?parent=6553"}],"wp:term":[{"taxonomy":"category","embeddable":true,"href":"https:\/\/noticiasveracruz.com\/index.php\/wp-json\/wp\/v2\/categories?post=6553"},{"taxonomy":"post_tag","embeddable":true,"href":"https:\/\/noticiasveracruz.com\/index.php\/wp-json\/wp\/v2\/tags?post=6553"}],"curies":[{"name":"wp","href":"https:\/\/api.w.org\/{rel}","templated":true}]}}