{"id":6549,"date":"2022-07-27T08:17:36","date_gmt":"2022-07-27T13:17:36","guid":{"rendered":"https:\/\/noticiasveracruz.com\/?p=6549"},"modified":"2022-07-27T08:17:36","modified_gmt":"2022-07-27T13:17:36","slug":"china-advierte-no-se-quedara-de-brazos-cruzados-si-pelosi-arriba-a-taiwan","status":"publish","type":"post","link":"https:\/\/noticiasveracruz.com\/index.php\/2022\/07\/27\/china-advierte-no-se-quedara-de-brazos-cruzados-si-pelosi-arriba-a-taiwan\/","title":{"rendered":"China advierte, \u201cno se quedar\u00e1 de brazos cruzados\u201d si Pelosi arriba a Taiwan"},"content":{"rendered":"<p>&nbsp;<\/p>\n<p class=\"p1\"><span style=\"font-size: 14pt;\"><em><strong>PEK\u00cdN, China.<\/strong> <\/em>El <strong>Ej\u00e9rcito chino \u201cno se quedar\u00e1 de brazos cruzados\u201d<\/strong> si la presidenta de la C\u00e1mara de Representantes de Estados Unidos, <strong>Nancy Pelosi, visita Taiw\u00e1n<\/strong>, advirti\u00f3 un portavoz de Defensa citado en las \u00faltimas horas por la agencia Xinhua.<\/span><\/p>\n<p class=\"p1\"><span style=\"font-size: 18pt;\"><strong>El portavoz del Ministerio de Defensa de China Tan Kefei pidi\u00f3 a Estados Unidos que respete \u201csu promesa de que no apoyar\u00e1 la independencia de Taiw\u00e1n\u201d y a\u00f1adi\u00f3 que, si la visita de Pelosi se produce, el Ej\u00e9rcito chino tomar\u00e1 \u201cmedidas en\u00e9rgicas\u201d.<\/strong><\/span><\/p>\n<p><img loading=\"lazy\" decoding=\"async\" class=\"aligncenter wp-image-8294 size-large\" src=\"https:\/\/politicosaldesnudo.com.mx\/wp-content\/uploads\/2022\/07\/P-PELOSI-TAIWAN1-1024x573.png\" alt=\"\" width=\"800\" height=\"448\" \/><\/p>\n<p>&nbsp;<\/p>\n<p class=\"p1\"><span style=\"font-size: 18pt; color: #d42d33;\"><strong>DA\u00d1AR\u00c1 RELACI\u00d3N <\/strong><\/span><\/p>\n<p class=\"p1\"><span style=\"font-size: 18pt;\"><strong>El posible viaje de la funcionaria \u201cda\u00f1ar\u00eda gravemente la base pol\u00edtica de las relaciones entre China y Estados Unidos\u00bb y \u00abla soberan\u00eda e integridad territorial de China\u201d, explic\u00f3 Tan.<\/strong><\/span><\/p>\n<p class=\"p1\"><span style=\"font-size: 14pt;\">El vocero avis\u00f3 de que una visita de Pelosi a Taiw\u00e1n \u201cconducir\u00e1 a una mayor escalada de las tensiones en el estrecho de Taiw\u00e1n\u201d.<\/span><\/p>\n<p class=\"p1\"><span style=\"font-size: 18pt;\"><strong>No es la primera vez que representantes chinos advierten a Estados Unidos sobre potenciales consecuencias desde que medios estadounidenses avanzaran la posibilidad del viaje de Pelosi: el pasado 19 de julio, un portavoz del Ministerio de Asuntos Exteriores expres\u00f3 la \u201cfirme oposici\u00f3n\u201d de Pek\u00edn a \u201ccualquier forma de intercambio oficial entre Estados Unidos y Taiw\u00e1n\u201d.<\/strong><\/span><\/p>\n<p>&nbsp;<\/p>\n<p class=\"p1\"><span style=\"font-size: 18pt; color: #d42d33;\"><strong>NO SE CONFIRMA VIAJE<\/strong><\/span><\/p>\n<p class=\"p1\"><span style=\"font-size: 14pt;\">De momento, Nancy Pelosi y su equipo no han confirmado el viaje, que podr\u00eda suceder en agosto, seg\u00fan medios estadounidenses.<\/span><\/p>\n<p class=\"p1\"><span style=\"font-size: 18pt;\"><strong>De producirse, ser\u00eda la primera visita de un presidente de la C\u00e1mara de Representante de EU a Taiw\u00e1n desde 1997, cuando Newt Gingrich visit\u00f3 la isla.<\/strong><\/span><\/p>\n<p class=\"p1\"><span style=\"font-size: 18pt;\"><strong><span style=\"color: #d42d33;\">Taiw\u00e1n es uno de los mayores motivos de conflicto entre China y Estados Unidos<\/span>, debido sobre todo a que Washington es el principal suministrador de armas de Taiw\u00e1n y ser\u00eda su mayor aliado militar en caso de conflicto b\u00e9lico con China.<\/strong><\/span><\/p>\n<p class=\"p1\"><span style=\"font-size: 14pt;\">Las tensiones se acrecentaron el a\u00f1o pasado, en el cual aument\u00f3 el n\u00famero de incursiones de aviones chinos en la autodefinida zona de identificaci\u00f3n a\u00e9rea (ADIZ) de Taiw\u00e1n y la presidenta taiwanesa, Tsai Ing-wen, admiti\u00f3 que Estados Unidos cuenta con presencia militar en la isla.<\/span><\/p>\n<p class=\"p1\"><span style=\"font-size: 18pt;\"><strong>En el \u00faltimo a\u00f1o, Taiw\u00e1n ha recibido la visita de algunos congresistas estadounidenses.<\/strong><\/span><\/p>\n<p class=\"p1\"><span style=\"font-size: 14pt;\">China, que reclama la soberan\u00eda de la isla, considera a Taiw\u00e1n una provincia rebelde desde que los nacionalistas del Kuomintang se replegaron all\u00ed en 1949, tras perder la guerra civil contra los comunistas.<\/span><\/p>\n<p>&nbsp;<\/p>\n<p>&nbsp;<\/p>\n<p>&nbsp;<\/p>\n<p>&nbsp;<\/p>\n<p>&nbsp;<\/p>\n<p>&nbsp;<\/p>\n","protected":false},"excerpt":{"rendered":"<p>&nbsp; PEK\u00cdN, China. El Ej\u00e9rcito chino \u201cno se quedar\u00e1 de brazos cruzados\u201d si la presidenta de la C\u00e1mara de Representantes<\/p>\n","protected":false},"author":4,"featured_media":6551,"comment_status":"closed","ping_status":"closed","sticky":false,"template":"","format":"standard","meta":{"colormag_page_container_layout":"default_layout","colormag_page_sidebar_layout":"default_layout","_jetpack_memberships_contains_paid_content":false,"footnotes":"","jetpack_publicize_message":"","jetpack_publicize_feature_enabled":true,"jetpack_social_post_already_shared":false,"jetpack_social_options":{"image_generator_settings":{"template":"highway","default_image_id":0,"font":"","enabled":false},"version":2}},"categories":[355],"tags":[17,92,1083,776],"class_list":["post-6549","post","type-post","status-publish","format-standard","has-post-thumbnail","hentry","category-internacional","tag-china","tag-estados-unidos","tag-nanci-pelosi","tag-taiwan"],"jetpack_publicize_connections":[],"jetpack_featured_media_url":"https:\/\/noticiasveracruz.com\/wp-content\/uploads\/2022\/07\/P-PELOSI-TAIWAN2.png","jetpack_sharing_enabled":true,"publishpress_future_action":{"enabled":false,"date":"2026-05-09 05:14:05","action":"change-status","newStatus":"draft","terms":[],"taxonomy":"category","extraData":[]},"publishpress_future_workflow_manual_trigger":{"enabledWorkflows":[]},"_links":{"self":[{"href":"https:\/\/noticiasveracruz.com\/index.php\/wp-json\/wp\/v2\/posts\/6549","targetHints":{"allow":["GET"]}}],"collection":[{"href":"https:\/\/noticiasveracruz.com\/index.php\/wp-json\/wp\/v2\/posts"}],"about":[{"href":"https:\/\/noticiasveracruz.com\/index.php\/wp-json\/wp\/v2\/types\/post"}],"author":[{"embeddable":true,"href":"https:\/\/noticiasveracruz.com\/index.php\/wp-json\/wp\/v2\/users\/4"}],"replies":[{"embeddable":true,"href":"https:\/\/noticiasveracruz.com\/index.php\/wp-json\/wp\/v2\/comments?post=6549"}],"version-history":[{"count":0,"href":"https:\/\/noticiasveracruz.com\/index.php\/wp-json\/wp\/v2\/posts\/6549\/revisions"}],"wp:featuredmedia":[{"embeddable":true,"href":"https:\/\/noticiasveracruz.com\/index.php\/wp-json\/wp\/v2\/media\/6551"}],"wp:attachment":[{"href":"https:\/\/noticiasveracruz.com\/index.php\/wp-json\/wp\/v2\/media?parent=6549"}],"wp:term":[{"taxonomy":"category","embeddable":true,"href":"https:\/\/noticiasveracruz.com\/index.php\/wp-json\/wp\/v2\/categories?post=6549"},{"taxonomy":"post_tag","embeddable":true,"href":"https:\/\/noticiasveracruz.com\/index.php\/wp-json\/wp\/v2\/tags?post=6549"}],"curies":[{"name":"wp","href":"https:\/\/api.w.org\/{rel}","templated":true}]}}