{"id":65138,"date":"2025-09-25T00:03:40","date_gmt":"2025-09-25T06:03:40","guid":{"rendered":"https:\/\/noticiasveracruz.com\/?p=65138"},"modified":"2025-09-24T20:59:07","modified_gmt":"2025-09-25T02:59:07","slug":"acusan-al-ganado-veracruzano","status":"publish","type":"post","link":"https:\/\/noticiasveracruz.com\/index.php\/2025\/09\/25\/acusan-al-ganado-veracruzano\/","title":{"rendered":"Acusan al ganado veracruzano"},"content":{"rendered":"<p>Acusan autoridades ganaderas del estado de Nuevo Le\u00f3n que el caso de gusano barrenador que detectaron les lleg\u00f3 en un hato procedente del estado de Veracruz.<\/p>\n<p>Al respecto, el presidente del Comit\u00e9 de Fomento, Sanidad y Movilizaci\u00f3n Pecuaria del Estado de Nuevo Le\u00f3n, Armando V\u00edctor Guti\u00e9rrez, confirm\u00f3 que el animal fue aislado y que provino de una carga de 100 animales procedentes del estado de Veracruz.<\/p>\n<p>Detall\u00f3 que el animal fue detectado por los filtros que tienen en Nuevo Le\u00f3n y pidi\u00f3 que no se malinterprete su declaraci\u00f3n, al se\u00f1alar que fueron instaladas 149 trampas de las cuales es responsable de 99, como \u201cComit\u00e9 de Sanidad y en ninguna ha habido tema de mosca de gusano barrenador\u201d, asegur\u00f3.<\/p>\n<p>Agreg\u00f3 que, a partir de la detecci\u00f3n del caso, fue iniciado el protocolo de cooperaci\u00f3n con las autoridades americanas y el gobierno federal, medicando al resto de los animales que ven\u00edan desde el sur de M\u00e9xico.<\/p>\n<p>Y sobre otro supuesto caso detectado en Sabinas Hidalgo, dio a conocer que fue una falsa alarma, aunque se detuvo la larva que presentaba el animal y se le aisl\u00f3.<\/p>\n","protected":false},"excerpt":{"rendered":"<p>Acusan autoridades ganaderas del estado de Nuevo Le\u00f3n que el caso de gusano barrenador que detectaron les lleg\u00f3 en un hato procedente del estado de Veracruz. Al respecto, el presidente del Comit\u00e9 de Fomento, Sanidad y Movilizaci\u00f3n Pecuaria del Estado de Nuevo Le\u00f3n, Armando V\u00edctor Guti\u00e9rrez, confirm\u00f3 que el animal fue aislado y que provino [&hellip;]<\/p>\n","protected":false},"author":4,"featured_media":65139,"comment_status":"closed","ping_status":"closed","sticky":false,"template":"","format":"standard","meta":{"_jetpack_newsletter_access":"","_jetpack_dont_email_post_to_subs":false,"_jetpack_newsletter_tier_id":0,"_jetpack_memberships_contains_paywalled_content":false,"_jetpack_feature_clip_id":0,"_jetpack_memberships_contains_paid_content":false,"footnotes":"","jetpack_publicize_message":"","jetpack_publicize_feature_enabled":true,"jetpack_social_post_already_shared":true,"jetpack_social_options":{"image_generator_settings":{"template":"highway","default_image_id":0,"font":"","enabled":false},"version":2},"jetpack_post_was_ever_published":false},"categories":[356],"tags":[],"class_list":["post-65138","post","type-post","status-publish","format-standard","has-post-thumbnail","hentry","category-veracruz"],"jetpack_publicize_connections":[],"jetpack_sharing_enabled":true,"publishpress_future_action":{"enabled":false,"date":"2026-09-11 09:28:15","action":"change-status","newStatus":"draft","terms":[],"taxonomy":"category","extraData":[]},"publishpress_future_workflow_manual_trigger":{"enabledWorkflows":[]},"jetpack_featured_media_url":"https:\/\/noticiasveracruz.com\/wp-content\/uploads\/2025\/09\/ELGA.jpg","_links":{"self":[{"href":"https:\/\/noticiasveracruz.com\/index.php\/wp-json\/wp\/v2\/posts\/65138","targetHints":{"allow":["GET"]}}],"collection":[{"href":"https:\/\/noticiasveracruz.com\/index.php\/wp-json\/wp\/v2\/posts"}],"about":[{"href":"https:\/\/noticiasveracruz.com\/index.php\/wp-json\/wp\/v2\/types\/post"}],"author":[{"embeddable":true,"href":"https:\/\/noticiasveracruz.com\/index.php\/wp-json\/wp\/v2\/users\/4"}],"replies":[{"embeddable":true,"href":"https:\/\/noticiasveracruz.com\/index.php\/wp-json\/wp\/v2\/comments?post=65138"}],"version-history":[{"count":0,"href":"https:\/\/noticiasveracruz.com\/index.php\/wp-json\/wp\/v2\/posts\/65138\/revisions"}],"wp:featuredmedia":[{"embeddable":true,"href":"https:\/\/noticiasveracruz.com\/index.php\/wp-json\/wp\/v2\/media\/65139"}],"wp:attachment":[{"href":"https:\/\/noticiasveracruz.com\/index.php\/wp-json\/wp\/v2\/media?parent=65138"}],"wp:term":[{"taxonomy":"category","embeddable":true,"href":"https:\/\/noticiasveracruz.com\/index.php\/wp-json\/wp\/v2\/categories?post=65138"},{"taxonomy":"post_tag","embeddable":true,"href":"https:\/\/noticiasveracruz.com\/index.php\/wp-json\/wp\/v2\/tags?post=65138"}],"curies":[{"name":"wp","href":"https:\/\/api.w.org\/{rel}","templated":true}]}}