{"id":64595,"date":"2025-09-16T22:41:01","date_gmt":"2025-09-17T04:41:01","guid":{"rendered":"https:\/\/noticiasveracruz.com\/?p=64595"},"modified":"2025-09-16T22:41:01","modified_gmt":"2025-09-17T04:41:01","slug":"concierto-para-guitarras-y-musica-mexicana-en-la-osx","status":"publish","type":"post","link":"https:\/\/noticiasveracruz.com\/index.php\/2025\/09\/16\/concierto-para-guitarras-y-musica-mexicana-en-la-osx\/","title":{"rendered":"Concierto para guitarras y m\u00fasica mexicana en la OSX"},"content":{"rendered":"<ul>\n<li>Dedicado a los 100 a\u00f1os del Estadio Xalape\u00f1o<\/li>\n<li>Participa: Ensamble Cl\u00e1sico de Guitarras UV<\/li>\n<li>Mart\u00ednez Alpuente, director invitado\n<p>Xalapa, Ver. 15 de septiembre de 2025. La Orquesta Sinf\u00f3nica de Xalapa de la UV, con prop\u00f3sito del mes patrio, presenta un concierto protagonizado por m\u00fasica mexicana, con un toque internacional. Encabezado por el Concierto para ensamble de guitarras y orquesta de Rodrigo Lom\u00e1n, que tendr\u00e1 como invitados especiales al Ensamble Cl\u00e1sico de Guitarras de la Universidad Veracruzana, dirigido por Jes\u00fas Omar Guti\u00e9rrez. Adem\u00e1s, <em>Chichen Itza, <\/em>de Mar\u00eda Teresa Prieto; <em>Sinfonietta, <\/em>de Jos\u00e9 Pablo Moncayo; <em>Tribu, <\/em>de Daniel Ayala; y <em>Tres Danzas Valencianas, <\/em>de Mart\u00ednez Alpuente, quien adem\u00e1s ser\u00e1 el director invitado del evento.<\/li>\n<\/ul>\n<p><img loading=\"lazy\" decoding=\"async\" class=\"alignnone size-medium wp-image-64594\" src=\"http:\/\/noticiasveracruz.com\/wp-content\/uploads\/2025\/09\/Martinez-Alpuente-1.png\" alt=\"\" width=\"1\" height=\"1\" \/><img loading=\"lazy\" decoding=\"async\" class=\"alignnone size-medium wp-image-64594\" src=\"http:\/\/noticiasveracruz.com\/wp-content\/uploads\/2025\/09\/Martinez-Alpuente-1.png\" alt=\"\" width=\"1\" height=\"1\" \/><img loading=\"lazy\" decoding=\"async\" class=\"alignnone size-medium wp-image-64593\" src=\"http:\/\/noticiasveracruz.com\/wp-content\/uploads\/2025\/09\/Martinez-Alpuente.png\" alt=\"\" width=\"1\" height=\"1\" \/><\/p>\n<p>Este concierto se realizar\u00e1 el viernes 19 de septiembre a las 20:00 h desde Tlaqn\u00e1, Centro Cultural.<\/p>\n<p>&nbsp;<\/p>\n<p>Uno de los estrenos m\u00e1s populares de la compositora, Mar\u00eda Teresa Prieto, fue Chich\u00e9n Itz\u00e1 (1943), poema sinf\u00f3nico de un solo movimiento con tres temas principales que parten de ideas literarias surgidas a partir de la cultura maya: juego de pelota, serpiente emplumada y sacrificio de una doncella.<\/p>\n<p>Daniel Ayala, compositor yucateco, cre\u00f3 Tribu en 1934, inspirado en motivos ind\u00edgenas. Una m\u00fasica escrita en la escala pentat\u00f3nica propia de los mayas, y repleta del folclore y percusiones que los caracterizaban.<\/p>\n<p>&nbsp;<\/p>\n<p>Tres Danzas valencianas de Vicente Mart\u00ednez Alpuente, es una muestra clara de un compositor que entiende y honra su nacionalidad. Elevando su cosmovisi\u00f3n, tradiciones y elementos hist\u00f3ricos representados de manera precisa y folcl\u00f3rica por temas sinf\u00f3nicos. Mojiganga, Mortitxol y L\u2019U de la Marxuquera; enriquecidos culturalmente desde su fon\u00e9tica y repletos de simbolismo, son los t\u00edtulos otorgados a las tres danzas rituales de esta obra.<\/p>\n<p>Completada el 3 de julio de 1945, y estrenada tan solo diez d\u00edas despu\u00e9s por la OSN, la Sinfonietta de J. P. Moncayo goz\u00f3 de un excepcional estreno gracias a la estrecha relaci\u00f3n entre el mismo Moncayo y Carlos Ch\u00e1vez, director de la OSX. Elaborada con un discurso menos folcl\u00f3rico y m\u00e1s universal, distante de su antecesora \u201cHuapango\u201d, pero igualmente de \u00edndole mexicana.<\/p>\n<p>&nbsp;<\/p>\n<p>El Concierto para ensamble de guitarras y orquesta del xalape\u00f1o, Rodrigo Lom\u00e1n, es una obra compuesta con el apoyo del Sistema de Apoyos a la Creaci\u00f3n y Proyectos Culturales (SACPC), y est\u00e1 conformada por tres movimientos: Noticias del Papaloapan, Romance en la capital y Viaje a la Huasteca. Un recorrido por el estado veracruzano, que ser\u00e1 interpretado en colaboraci\u00f3n con el Ensamble Cl\u00e1sico de Guitarras de la UV.<\/p>\n<p>&nbsp;<\/p>\n<p>El Ensamble Cl\u00e1sico de Guitarras, grupo art\u00edstico invitado, es reconocido por su calidad art\u00edstica, ha sido invitado como solista en conjunto de prestigiosas orquestas sinf\u00f3nicas y a presentarse en festivales internacionales, recibiendo el reconocimiento de la cr\u00edtica especializada. Est\u00e1 integrado por seis guitarristas de muy s\u00f3lida formaci\u00f3n. Algunos de ellos han sido reconocidos con premios nacionales e internacionales por su talento y su trayectoria. Ello le permite interpretar y mostrarle al p\u00fablico su amplio repertorio tanto con m\u00fasica de distintas \u00e9pocas y autores como de obras originales para ensamble de guitarras, as\u00ed como adaptaciones y transcripciones, muchas de ellas realizadas por sus propios integrantes.<\/p>\n<p>&nbsp;<\/p>\n<p>Mart\u00ednez Alpuente, director invitado, es un director de orquesta y compositor espa\u00f1ol, especializado en repertorio oper\u00edstico y sinf\u00f3nico, con un decidido compromiso por rescatar la m\u00fasica hisp\u00e1nica de los siglos XIX y XX. Disc\u00edpulo y asistente de George Pehlivanian, combina un m\u00e9todo riguroso de investigaci\u00f3n con un potente impulso creativo. Es fundador del Festival de Zarzuela y \u00d3pera Espa\u00f1ola de la Comunidad Valenciana, de la orquesta de c\u00e1mara La Hisp\u00e1nica y de Onlyconductors, la plataforma digital dedicada a la direcci\u00f3n de orquesta m\u00e1s importante del mundo.<\/p>\n<p>&nbsp;<\/p>\n<p>Puedes comprar tus boletos en l\u00ednea en www.orquestasinfonicadexalapa.com, Tienda UV, Tienda UV Museo de Antropolog\u00eda y Taquilla Tlaqn\u00e1.<\/p>\n<p>Correo electr\u00f3nico: mercadotecnia.osx@gmail.com.<\/p>\n","protected":false},"excerpt":{"rendered":"<p>Dedicado a los 100 a\u00f1os del Estadio Xalape\u00f1o Participa: Ensamble Cl\u00e1sico de Guitarras UV Mart\u00ednez Alpuente, director invitado Xalapa, Ver.<\/p>\n","protected":false},"author":4,"featured_media":64592,"comment_status":"closed","ping_status":"closed","sticky":false,"template":"","format":"standard","meta":{"colormag_page_container_layout":"default_layout","colormag_page_sidebar_layout":"default_layout","_jetpack_memberships_contains_paid_content":false,"footnotes":"","jetpack_publicize_message":"","jetpack_publicize_feature_enabled":true,"jetpack_social_post_already_shared":true,"jetpack_social_options":{"image_generator_settings":{"template":"highway","default_image_id":0,"font":"","enabled":false},"version":2}},"categories":[358,356],"tags":[],"class_list":["post-64595","post","type-post","status-publish","format-standard","has-post-thumbnail","hentry","category-cultura","category-veracruz"],"jetpack_publicize_connections":[],"jetpack_featured_media_url":"https:\/\/noticiasveracruz.com\/wp-content\/uploads\/2025\/09\/ENSAMBLE-CLASICO-DE-GUITARRAS.jpg","jetpack_sharing_enabled":true,"publishpress_future_action":{"enabled":false,"date":"2026-05-07 22:22:50","action":"change-status","newStatus":"draft","terms":[],"taxonomy":"category","extraData":[]},"publishpress_future_workflow_manual_trigger":{"enabledWorkflows":[]},"_links":{"self":[{"href":"https:\/\/noticiasveracruz.com\/index.php\/wp-json\/wp\/v2\/posts\/64595","targetHints":{"allow":["GET"]}}],"collection":[{"href":"https:\/\/noticiasveracruz.com\/index.php\/wp-json\/wp\/v2\/posts"}],"about":[{"href":"https:\/\/noticiasveracruz.com\/index.php\/wp-json\/wp\/v2\/types\/post"}],"author":[{"embeddable":true,"href":"https:\/\/noticiasveracruz.com\/index.php\/wp-json\/wp\/v2\/users\/4"}],"replies":[{"embeddable":true,"href":"https:\/\/noticiasveracruz.com\/index.php\/wp-json\/wp\/v2\/comments?post=64595"}],"version-history":[{"count":0,"href":"https:\/\/noticiasveracruz.com\/index.php\/wp-json\/wp\/v2\/posts\/64595\/revisions"}],"wp:featuredmedia":[{"embeddable":true,"href":"https:\/\/noticiasveracruz.com\/index.php\/wp-json\/wp\/v2\/media\/64592"}],"wp:attachment":[{"href":"https:\/\/noticiasveracruz.com\/index.php\/wp-json\/wp\/v2\/media?parent=64595"}],"wp:term":[{"taxonomy":"category","embeddable":true,"href":"https:\/\/noticiasveracruz.com\/index.php\/wp-json\/wp\/v2\/categories?post=64595"},{"taxonomy":"post_tag","embeddable":true,"href":"https:\/\/noticiasveracruz.com\/index.php\/wp-json\/wp\/v2\/tags?post=64595"}],"curies":[{"name":"wp","href":"https:\/\/api.w.org\/{rel}","templated":true}]}}