{"id":64306,"date":"2025-09-10T23:42:14","date_gmt":"2025-09-11T05:42:14","guid":{"rendered":"https:\/\/noticiasveracruz.com\/?p=64306"},"modified":"2025-09-11T23:44:53","modified_gmt":"2025-09-12T05:44:53","slug":"veracruz-epicentro-de-la-transformacion-nacional","status":"publish","type":"post","link":"https:\/\/noticiasveracruz.com\/index.php\/2025\/09\/10\/veracruz-epicentro-de-la-transformacion-nacional\/","title":{"rendered":"\u201cVeracruz, epicentro de la transformaci\u00f3n nacional\u201d"},"content":{"rendered":"<p style=\"font-weight: 400;\"><em>\u201cNo es dif\u00edcil tener \u00e9xito. Lo dif\u00edcil es merecerlo\u201d. \u2013 Albert Camus.<\/em><\/p>\n<p style=\"font-weight: 400;\"><strong>En apenas nueve meses, Veracruz ha pasado de ser un estado con enormes retos estructurales a convertirse en un referente de la pol\u00edtica, la econom\u00eda y la democracia en el pa\u00eds. El ritmo de transformaciones que vive la entidad no es casualidad: responde a una agenda clara de inversi\u00f3n, desarrollo e institucionalidad que coloca a la entidad en la ruta de un nuevo liderazgo nacional.<\/strong><\/p>\n<p style=\"font-weight: 400;\"><strong>El mi\u00e9rcoles 10 de septiembre se convirti\u00f3 en una muestra tangible de este proceso. Por la ma\u00f1ana, el director del IMSS, Zo\u00e9 Robledo, acompa\u00f1ado de la gobernadora Roc\u00edo Nahle Garc\u00eda, anunci\u00f3 inversiones hist\u00f3ricas en materia de salud. El proyecto m\u00e1s relevante: la construcci\u00f3n del nuevo Hospital Regional de Especialidades en Minatitl\u00e1n, con una inversi\u00f3n cercana a los 3 mil millones de pesos y capacidad para 302 camas. La obra sustituir\u00e1 al Hospital General No. 32, con m\u00e1s de medio siglo de servicio, y ofrecer\u00e1 atenci\u00f3n de alta especialidad con tecnolog\u00eda de \u00faltima generaci\u00f3n.<\/strong><\/p>\n<p style=\"font-weight: 400;\"><strong>Adem\u00e1s, se confirm\u00f3 la construcci\u00f3n de 90 Centros de Educaci\u00f3n y Cuidado Infantil (CECI) y nueve Unidades de Medicina Familiar Plus en 75 municipios. Estas acciones no son menores: representan un esfuerzo estructural por fortalecer el acceso a la salud y el bienestar en una de las regiones hist\u00f3ricamente m\u00e1s olvidadas del pa\u00eds.<\/strong><\/p>\n<p style=\"font-weight: 400;\"><strong>Ese mismo d\u00eda, por la tarde, Veracruz volvi\u00f3 a colocarse en el centro del mapa energ\u00e9tico del mundo. En el World Trade Center de Boca del R\u00edo, la inauguraci\u00f3n del Sexto Congreso Internacional de Energ\u00eda, Gas, Petroqu\u00edmica y Refinaci\u00f3n reuni\u00f3 a cinco embajadores, al director de Pemex y al subsecretario de Hidrocarburos, adem\u00e1s de representantes de la industria energ\u00e9tica y tecnol\u00f3gica. Con stands llenos y un ambiente de colaboraci\u00f3n, el encuentro confirm\u00f3 que Veracruz es la plataforma energ\u00e9tica m\u00e1s importante de M\u00e9xico.<\/strong><\/p>\n<p style=\"font-weight: 400;\"><strong>La gobernadora Roc\u00edo Nahle subray\u00f3 que con la Cuarta Transformaci\u00f3n se recuper\u00f3 la soberan\u00eda energ\u00e9tica y se reactivaron complejos petroqu\u00edmicos como Cangrejera y Morelos, adem\u00e1s de proyectos de cogeneraci\u00f3n el\u00e9ctrica y producci\u00f3n de fertilizantes. Estas inversiones no solo refuerzan la autosuficiencia energ\u00e9tica, sino que tambi\u00e9n garantizan empleos y crecimiento sostenido para la regi\u00f3n.<\/strong><\/p>\n<p style=\"font-weight: 400;\"><strong>A ello se suma la visita reciente de la presidenta Claudia Sheinbaum, quien junto a su gabinete ratific\u00f3 la confianza federal en el rumbo que Veracruz est\u00e1 tomando.<\/strong><\/p>\n<p style=\"font-weight: 400;\"><strong>Hoy, la entidad no solo se distingue por su ubicaci\u00f3n estrat\u00e9gica, sino por una conducci\u00f3n pol\u00edtica que articula salud, energ\u00eda e inversi\u00f3n social en un mismo eje de transformaci\u00f3n. Veracruz deja de ser espectador para convertirse en protagonista. En nueve meses, comienza a consolidarse como el verdadero epicentro del cambio nacional.<\/strong><\/p>\n<p style=\"font-weight: 400;\"><strong>\u00a0<\/strong><\/p>\n<p style=\"font-weight: 400;\"><strong>Al tiempo.<\/strong><\/p>\n<p><img loading=\"lazy\" decoding=\"async\" class=\"alignnone wp-image-64307 size-full\" src=\"http:\/\/noticiasveracruz.com\/wp-content\/uploads\/2025\/09\/FIRMA-EDITORIAL-PD-3.jpg\" alt=\"\" width=\"1024\" height=\"125\" srcset=\"https:\/\/noticiasveracruz.com\/wp-content\/uploads\/2025\/09\/FIRMA-EDITORIAL-PD-3.jpg 1024w, https:\/\/noticiasveracruz.com\/wp-content\/uploads\/2025\/09\/FIRMA-EDITORIAL-PD-3-300x37.jpg 300w, https:\/\/noticiasveracruz.com\/wp-content\/uploads\/2025\/09\/FIRMA-EDITORIAL-PD-3-768x94.jpg 768w\" sizes=\"auto, (max-width: 1024px) 100vw, 1024px\" \/><\/p>\n","protected":false},"excerpt":{"rendered":"<p>\u201cNo es dif\u00edcil tener \u00e9xito. Lo dif\u00edcil es merecerlo\u201d. \u2013 Albert Camus. En apenas nueve meses, Veracruz ha pasado de<\/p>\n","protected":false},"author":4,"featured_media":30989,"comment_status":"closed","ping_status":"closed","sticky":false,"template":"","format":"standard","meta":{"colormag_page_container_layout":"default_layout","colormag_page_sidebar_layout":"default_layout","_jetpack_memberships_contains_paid_content":false,"footnotes":"","jetpack_publicize_message":"","jetpack_publicize_feature_enabled":true,"jetpack_social_post_already_shared":true,"jetpack_social_options":{"image_generator_settings":{"template":"highway","default_image_id":0,"font":"","enabled":false},"version":2}},"categories":[6],"tags":[],"class_list":["post-64306","post","type-post","status-publish","format-standard","has-post-thumbnail","hentry","category-columnistas"],"jetpack_publicize_connections":[],"jetpack_featured_media_url":"https:\/\/noticiasveracruz.com\/wp-content\/uploads\/2024\/05\/LUIS-RAMIREZ-BAQUEIRO-800x445-1.png","jetpack_sharing_enabled":true,"publishpress_future_action":{"enabled":false,"date":"2026-05-03 00:37:09","action":"change-status","newStatus":"draft","terms":[],"taxonomy":"category","extraData":[]},"publishpress_future_workflow_manual_trigger":{"enabledWorkflows":[]},"_links":{"self":[{"href":"https:\/\/noticiasveracruz.com\/index.php\/wp-json\/wp\/v2\/posts\/64306","targetHints":{"allow":["GET"]}}],"collection":[{"href":"https:\/\/noticiasveracruz.com\/index.php\/wp-json\/wp\/v2\/posts"}],"about":[{"href":"https:\/\/noticiasveracruz.com\/index.php\/wp-json\/wp\/v2\/types\/post"}],"author":[{"embeddable":true,"href":"https:\/\/noticiasveracruz.com\/index.php\/wp-json\/wp\/v2\/users\/4"}],"replies":[{"embeddable":true,"href":"https:\/\/noticiasveracruz.com\/index.php\/wp-json\/wp\/v2\/comments?post=64306"}],"version-history":[{"count":0,"href":"https:\/\/noticiasveracruz.com\/index.php\/wp-json\/wp\/v2\/posts\/64306\/revisions"}],"wp:featuredmedia":[{"embeddable":true,"href":"https:\/\/noticiasveracruz.com\/index.php\/wp-json\/wp\/v2\/media\/30989"}],"wp:attachment":[{"href":"https:\/\/noticiasveracruz.com\/index.php\/wp-json\/wp\/v2\/media?parent=64306"}],"wp:term":[{"taxonomy":"category","embeddable":true,"href":"https:\/\/noticiasveracruz.com\/index.php\/wp-json\/wp\/v2\/categories?post=64306"},{"taxonomy":"post_tag","embeddable":true,"href":"https:\/\/noticiasveracruz.com\/index.php\/wp-json\/wp\/v2\/tags?post=64306"}],"curies":[{"name":"wp","href":"https:\/\/api.w.org\/{rel}","templated":true}]}}