{"id":6422,"date":"2022-07-23T08:00:19","date_gmt":"2022-07-23T13:00:19","guid":{"rendered":"https:\/\/noticiasveracruz.com\/?p=6422"},"modified":"2022-07-23T08:00:38","modified_gmt":"2022-07-23T13:00:38","slug":"rusia-turquia-y-la-onu-firman-pacto-alimentario","status":"publish","type":"post","link":"https:\/\/noticiasveracruz.com\/index.php\/2022\/07\/23\/rusia-turquia-y-la-onu-firman-pacto-alimentario\/","title":{"rendered":"Rusia, Turqu\u00eda y la ONU firman pacto alimentario"},"content":{"rendered":"<p>&nbsp;<\/p>\n<p class=\"p1\"><span style=\"font-size: 14pt;\"><em><strong>TURQU\u00cdA, Ankara.<\/strong> <\/em><strong>El ministro de Defensa ruso, Sergu\u00e9i Shoig\u00fa <\/strong>y <strong>el presidente turco, Recep Tayyip Erdogan,<\/strong> suscribieron un acuerdo sobre la exportaci\u00f3n de granos desde los puertos de Ucrania con la mediaci\u00f3n del secretario general de la ONU, Antonio Guterres.<\/span><\/p>\n<p>&nbsp;<\/p>\n<p class=\"p1\"><span style=\"font-size: 18pt;\"><strong>Los\u00a0detalles m\u00e1s importantes\u00a0del <span style=\"color: #e42d33;\">pacto alimentario<\/span>:<\/strong><\/span><\/p>\n<ol>\n<li class=\"p1\"><span style=\"font-size: 14pt;\">La exportaci\u00f3n de grano ucraniano a trav\u00e9s del mar Negro se realizar\u00e1 desde los puertos de Odesa, Chernomorsk y Yuzhni;<\/span><\/li>\n<li class=\"p1\"><span style=\"font-size: 14pt;\">Los barcos que van a Ucrania ser\u00e1n inspeccionados por especialistas rusos para evitar el tr\u00e1fico de armas;<\/span><\/li>\n<li class=\"p1\"><span style=\"font-size: 14pt;\">El acuerdo no prev\u00e9 la escolta militar de los buques;<\/span><\/li>\n<li class=\"p1\"><span style=\"font-size: 14pt;\">El movimiento de los buques hacia y desde los puertos ucranianos podr\u00e1 comenzar en dos semanas;<\/span><\/li>\n<li class=\"p1\"><span style=\"font-size: 14pt;\">El acuerdo ser\u00e1 v\u00e1lido por 120 d\u00edas, con posibilidad de pr\u00f3rroga.<\/span><\/li>\n<\/ol>\n<p>&nbsp;<\/p>\n<p class=\"p1\"><span style=\"font-size: 18pt;\"><strong>Durante su encuentro, Shoig\u00fa y Guterres\u00a0firmaron un Memor\u00e1ndum de Cooperaci\u00f3n entre Rusia y la ONU\u00a0para facilitar el suministro de productos agr\u00edcolas y fertilizantes rusos a los mercados mundiales.<\/strong><\/span><\/p>\n<p><img loading=\"lazy\" decoding=\"async\" class=\"aligncenter wp-image-8141 size-large\" src=\"https:\/\/politicosaldesnudo.com.mx\/wp-content\/uploads\/2022\/07\/P-PACTO-CEREAL-RUSIA-Y-UCRANIA2-1024x573.png\" alt=\"\" width=\"800\" height=\"448\" \/><\/p>\n<p>&nbsp;<\/p>\n<p class=\"p1\"><span style=\"font-size: 14pt;\">El documento indica que la ONU \u00abacuerda continuar los esfuerzos para facilitar el acceso log\u00edstico transparente y sin obst\u00e1culos de alimentos y fertilizantes originarios de la Federaci\u00f3n de Rusia a los mercados mundiales, incluidos los impedimentos que puedan surgir en los sectores de finanzas y seguros\u00bb.<\/span><\/p>\n<blockquote>\n<p class=\"p1\"><span style=\"font-size: 14pt;\">Hoy apareci\u00f3 un faro en el mar Negro. Un faro de esperanza, de ayuda, en el mundo que lo necesita m\u00e1s que nunca. Quiero agradecerles a todos los que lo alcanzaron\u00bb, expres\u00f3 Guterres en el acto de la firma del tratado.<\/span><\/p>\n<\/blockquote>\n<p class=\"p1\"><span style=\"font-size: 18pt;\"><strong>En este contexto, agradeci\u00f3 al Gobierno turco, que acogi\u00f3 las negociaciones sobre el documento, as\u00ed como a los representantes de Ucrania y Rusia que \u00absuperaron los obst\u00e1culos y dejaron de lado los desacuerdos para allanar el camino hacia la iniciativa que servir\u00e1 para los intereses de todos\u00bb.<\/strong><\/span><\/p>\n<p>&nbsp;<\/p>\n<p><span style=\"font-size: 18pt; color: #139eca;\"><strong>SOLUCIONANDO PROBLEMAS<\/strong><\/span><\/p>\n<p class=\"p1\"><span style=\"font-size: 14pt;\">Por su parte, el titular de Defensa ruso, <strong>Sergu\u00e9i Shoig\u00fa <\/strong> especific\u00f3 que firm\u00f3 dos documentos que buscan resolver problemas de suministro de alimentos y fertilizantes a los mercados internacionales.<\/span><\/p>\n<p><img loading=\"lazy\" decoding=\"async\" class=\"aligncenter wp-image-8143 size-large\" src=\"https:\/\/politicosaldesnudo.com.mx\/wp-content\/uploads\/2022\/07\/Sergue\u0301i-Shoigu\u03014-1024x573.png\" alt=\"\" width=\"800\" height=\"448\" \/><\/p>\n<blockquote><p>&nbsp;<\/p>\n<p class=\"p1\"><span style=\"font-size: 14pt;\">Estos documentos est\u00e1n vinculados entre s\u00ed y representan un paquete unido\u00bb, subray\u00f3 Shoig\u00fa.<\/span><\/p>\n<\/blockquote>\n<p class=\"p1\"><span style=\"font-size: 18pt;\"><strong>El memor\u00e1ndum, continu\u00f3, prev\u00e9 la participaci\u00f3n de la ONU en levantar las restricciones para las exportaciones de art\u00edculos agr\u00edcolas y fertilizantes rusos a los mercados internacionales, mientras el segundo documento \u00abdetermina el algoritmo de exportaciones de productos agr\u00edcolas ucranianos desde los puertos del mar Negro controlados por Ucrania\u00bb.<\/strong><\/span><\/p>\n<p class=\"p1\"><span style=\"font-size: 14pt;\">Este memor\u00e1ndum tambi\u00e9n\u00a0aborda el tema de las sanciones\u00a0y otros impedimentos a la exportaci\u00f3n de alimentos y fertilizantes rusos.<\/span><\/p>\n<blockquote>\n<p class=\"p1\"><span style=\"font-size: 14pt;\">La Secretar\u00eda se comprometer\u00e1 con las autoridades pertinentes y el sector privado para eximir efectivamente a los alimentos y fertilizantes, incluidas las materias primas necesarias para producir fertilizantes [incluido el amon\u00edaco], originarios de la Federaci\u00f3n Rusa de las medidas impuestas a la Federaci\u00f3n Rusa\u00bb, se\u00f1ala el texto.<\/span><\/p>\n<\/blockquote>\n<p class=\"p1\"><span style=\"font-size: 18pt;\"><strong>Los pactos, seg\u00fan inform\u00f3 un alto cargo de las Naciones Unidas, implican la exportaci\u00f3n de granos, alimentos y fertilizantes ucranianos a trav\u00e9s del mar Negro desde tres puertos, incluido el de Odesa. Los documentos firmados no contemplan el desminado de los puertos ucranianos, dado que el proceso podr\u00eda llevar hasta cuatro meses.<\/strong><\/span><\/p>\n<blockquote>\n<p class=\"p1\"><span style=\"font-size: 14pt;\">La tarea de la ONU en el marco de estos dos acuerdos es suministrar m\u00e1s granos y productos correspondientes al mercado \u2014comercial y de ayuda humanitaria\u2014 (&#8230;) a un precio reducido. Estamos luchando por un ritmo muy r\u00e1pido de la implementaci\u00f3n\u00bb de los acuerdos, a\u00f1adi\u00f3 Guterres.<\/span><\/p>\n<\/blockquote>\n<p class=\"p1\"><span style=\"font-size: 14pt;\">Por lo tanto, explic\u00f3, se decidi\u00f3 que los barcos que entran y salen de las aguas territoriales de Ucrania ser\u00e1n guiados por navegantes ucranianos, que saben las rutas seguras. Se\u00f1al\u00f3 que los acuerdos firmados no prev\u00e9n la escolta militar de barcos con alimentos. Sin embargo, indic\u00f3 que el movimiento de los buques y la zona de su ubicaci\u00f3n ser\u00e1n vigilados.<\/span><\/p>\n<p class=\"p1\"><span style=\"font-size: 18pt;\"><strong>A\u00f1adi\u00f3 que, seg\u00fan las autoridades ucranianas, Kiev podr\u00e1 preparar sus puertos para la exportaci\u00f3n de cereales en un plazo de 10 d\u00edas.<\/strong><\/span><\/p>\n<blockquote>\n<p class=\"p1\"><span style=\"font-size: 14pt;\">Creo que estamos hablando de un par de semanas antes de que veamos el movimiento adecuado de barcos hacia y desde los puertos\u00bb<\/span><\/p>\n<\/blockquote>\n<p class=\"p1\"><span style=\"font-size: 18pt;\"><strong>La ONU, agreg\u00f3, espera que\u00a0sea posible exportar de Ucrania unos 5 millones de toneladas de cereales al mes, la misma cantidad que antes del inicio de la operaci\u00f3n especial militar rusa.<\/strong><\/span><\/p>\n<p>&nbsp;<\/p>\n<p>&nbsp;<\/p>\n<p>&nbsp;<\/p>\n","protected":false},"excerpt":{"rendered":"<p>&nbsp; TURQU\u00cdA, Ankara. El ministro de Defensa ruso, Sergu\u00e9i Shoig\u00fa y el presidente turco, Recep Tayyip Erdogan, suscribieron un acuerdo<\/p>\n","protected":false},"author":4,"featured_media":6423,"comment_status":"closed","ping_status":"closed","sticky":false,"template":"","format":"standard","meta":{"colormag_page_container_layout":"default_layout","colormag_page_sidebar_layout":"default_layout","_jetpack_memberships_contains_paid_content":false,"footnotes":"","jetpack_publicize_message":"","jetpack_publicize_feature_enabled":true,"jetpack_social_post_already_shared":false,"jetpack_social_options":{"image_generator_settings":{"template":"highway","default_image_id":0,"font":"","enabled":false},"version":2}},"categories":[355],"tags":[614,1142,13,1141],"class_list":["post-6422","post","type-post","status-publish","format-standard","has-post-thumbnail","hentry","category-internacional","tag-onu","tag-pacto-alimentario","tag-rusia","tag-serguei-shoigu"],"jetpack_publicize_connections":[],"jetpack_featured_media_url":"https:\/\/noticiasveracruz.com\/wp-content\/uploads\/2022\/07\/P-PACTO-UCRANIA-RUSIA5.png","jetpack_sharing_enabled":true,"publishpress_future_action":{"enabled":false,"date":"2026-05-05 03:49:39","action":"change-status","newStatus":"draft","terms":[],"taxonomy":"category","extraData":[]},"publishpress_future_workflow_manual_trigger":{"enabledWorkflows":[]},"_links":{"self":[{"href":"https:\/\/noticiasveracruz.com\/index.php\/wp-json\/wp\/v2\/posts\/6422","targetHints":{"allow":["GET"]}}],"collection":[{"href":"https:\/\/noticiasveracruz.com\/index.php\/wp-json\/wp\/v2\/posts"}],"about":[{"href":"https:\/\/noticiasveracruz.com\/index.php\/wp-json\/wp\/v2\/types\/post"}],"author":[{"embeddable":true,"href":"https:\/\/noticiasveracruz.com\/index.php\/wp-json\/wp\/v2\/users\/4"}],"replies":[{"embeddable":true,"href":"https:\/\/noticiasveracruz.com\/index.php\/wp-json\/wp\/v2\/comments?post=6422"}],"version-history":[{"count":0,"href":"https:\/\/noticiasveracruz.com\/index.php\/wp-json\/wp\/v2\/posts\/6422\/revisions"}],"wp:featuredmedia":[{"embeddable":true,"href":"https:\/\/noticiasveracruz.com\/index.php\/wp-json\/wp\/v2\/media\/6423"}],"wp:attachment":[{"href":"https:\/\/noticiasveracruz.com\/index.php\/wp-json\/wp\/v2\/media?parent=6422"}],"wp:term":[{"taxonomy":"category","embeddable":true,"href":"https:\/\/noticiasveracruz.com\/index.php\/wp-json\/wp\/v2\/categories?post=6422"},{"taxonomy":"post_tag","embeddable":true,"href":"https:\/\/noticiasveracruz.com\/index.php\/wp-json\/wp\/v2\/tags?post=6422"}],"curies":[{"name":"wp","href":"https:\/\/api.w.org\/{rel}","templated":true}]}}