{"id":64178,"date":"2025-09-11T00:01:45","date_gmt":"2025-09-11T06:01:45","guid":{"rendered":"https:\/\/noticiasveracruz.com\/?p=64178"},"modified":"2025-09-10T21:58:34","modified_gmt":"2025-09-11T03:58:34","slug":"el-tren-de-pasajeros-el-jarocho-queda-fuera-del-presupuesto-2026","status":"publish","type":"post","link":"https:\/\/noticiasveracruz.com\/index.php\/2025\/09\/11\/el-tren-de-pasajeros-el-jarocho-queda-fuera-del-presupuesto-2026\/","title":{"rendered":"El tren de pasajeros \u2018El Jarocho\u2019 queda fuera del presupuesto 2026"},"content":{"rendered":"<p>El proyecto del tren de pasajeros Ciudad de M\u00e9xico-Puebla-Veracruz qued\u00f3 fuera del Presupuesto de Egresos de la Federaci\u00f3n (PEF) 2026 pese a la promesa del gobierno de Claudia Sheinbaum de que los trabajos se iniciar\u00edan el a\u00f1o pr\u00f3ximo.<\/p>\n<p>De acuerdo con el PEF 2026, los \u201cProgramas y proyectos prioritarios de inversi\u00f3n\u201d contempla recursos para siete rutas ferroviarias y otras obras, a las cuales se destinar\u00e1n 104 mil 576 millones de pesos, pero no incluye el CDMX-Puebla-Veracruz.<\/p>\n<p>En dicho apartado est\u00e1n el tren M\u00e9xico-Quer\u00e9taro con una inversi\u00f3n 10 mil 492 millones de pesos; el tren AIFA-Pachuca, al cual se destinar\u00e1n 3 mil 108 millones de pesos; el Saltillo-Nuevo Laredo (14 mil 386 millones de pesos), el Quer\u00e9taro-Irapuato (9 mil 344 millones de pesos ).<\/p>\n<p>El PEF 2026 proyecta destinar recursos para el tren Quer\u00e9taro-San Luis Potos\u00ed (9 mil 76 millones de pesos), el Irapuato-Guadalajara (12 mil 506 millones de pesos ) y el San Luis Potos\u00ed-Saltillo (9 mil 353 millones de pesos ).<\/p>\n<p>Los proyectos de nuevos ferrocarriles de pasajeros incluyen destinar recursos para material rodante (14 mil 879 millones de pesos) y derecho de v\u00eda (21 mil 432 millones de pesos).<\/p>\n<p>Cabe recordar que a mediados de enero de 2025 la presidenta Claudia Sheinbaum Pardo confirm\u00f3 que la construcci\u00f3n del ferrocarril de pasajeros Ciudad de M\u00e9xico-Puebla-Veracruz, conocido como \u201cEl Jarocho\u201d, iniciar\u00eda en 2026 para lo cual se reutilizar\u00eda el antiguo derecho de v\u00eda.<\/p>\n<p>En esa ocasi\u00f3n, Sheinbaum Pardo mencion\u00f3 que la Secretar\u00eda de Marina llevar\u00eda a cabo un an\u00e1lisis de la ruta y el derrotero que recorrer\u00eda en las tres entidades.<\/p>\n<p>Adem\u00e1s, la mandataria federal no descart\u00f3 la utilizaci\u00f3n de las v\u00edas f\u00e9rreas ya existentes de la ruta Ciudad de M\u00e9xico-Puebla-Veracruz.<\/p>\n<p>De igual forma, hacia finales de julio pasado, la presidenta de la Rep\u00fablica reiter\u00f3 que el proyecto del tren de pasajeros CDMX-Puebla-Veracruz segu\u00eda en proceso de estudio.<\/p>\n<p>Incluso, se manej\u00f3 que el proyecto contemplar\u00eda una inversi\u00f3n de 30 mil millones de pesos y que beneficiar\u00eda a 23 millones de habitantes con una ruta que abarcar\u00eda 11 estaciones.<\/p>\n<p>Sin embargo, dicho proyecto de este tren de pasajeros no se incluy\u00f3 en el PEF 2026.<\/p>\n","protected":false},"excerpt":{"rendered":"<p>El proyecto del tren de pasajeros Ciudad de M\u00e9xico-Puebla-Veracruz qued\u00f3 fuera del Presupuesto de Egresos de la Federaci\u00f3n (PEF) 2026<\/p>\n","protected":false},"author":4,"featured_media":64179,"comment_status":"closed","ping_status":"closed","sticky":false,"template":"","format":"standard","meta":{"colormag_page_container_layout":"default_layout","colormag_page_sidebar_layout":"default_layout","_jetpack_memberships_contains_paid_content":false,"footnotes":"","jetpack_publicize_message":"","jetpack_publicize_feature_enabled":true,"jetpack_social_post_already_shared":true,"jetpack_social_options":{"image_generator_settings":{"template":"highway","default_image_id":0,"font":"","enabled":false},"version":2}},"categories":[356],"tags":[],"class_list":["post-64178","post","type-post","status-publish","format-standard","has-post-thumbnail","hentry","category-veracruz"],"jetpack_publicize_connections":[],"jetpack_featured_media_url":"https:\/\/noticiasveracruz.com\/wp-content\/uploads\/2025\/09\/NdeM_8129_27443005081.jpg","jetpack_sharing_enabled":true,"publishpress_future_action":{"enabled":false,"date":"2026-05-02 23:16:17","action":"change-status","newStatus":"draft","terms":[],"taxonomy":"category","extraData":[]},"publishpress_future_workflow_manual_trigger":{"enabledWorkflows":[]},"_links":{"self":[{"href":"https:\/\/noticiasveracruz.com\/index.php\/wp-json\/wp\/v2\/posts\/64178","targetHints":{"allow":["GET"]}}],"collection":[{"href":"https:\/\/noticiasveracruz.com\/index.php\/wp-json\/wp\/v2\/posts"}],"about":[{"href":"https:\/\/noticiasveracruz.com\/index.php\/wp-json\/wp\/v2\/types\/post"}],"author":[{"embeddable":true,"href":"https:\/\/noticiasveracruz.com\/index.php\/wp-json\/wp\/v2\/users\/4"}],"replies":[{"embeddable":true,"href":"https:\/\/noticiasveracruz.com\/index.php\/wp-json\/wp\/v2\/comments?post=64178"}],"version-history":[{"count":0,"href":"https:\/\/noticiasveracruz.com\/index.php\/wp-json\/wp\/v2\/posts\/64178\/revisions"}],"wp:featuredmedia":[{"embeddable":true,"href":"https:\/\/noticiasveracruz.com\/index.php\/wp-json\/wp\/v2\/media\/64179"}],"wp:attachment":[{"href":"https:\/\/noticiasveracruz.com\/index.php\/wp-json\/wp\/v2\/media?parent=64178"}],"wp:term":[{"taxonomy":"category","embeddable":true,"href":"https:\/\/noticiasveracruz.com\/index.php\/wp-json\/wp\/v2\/categories?post=64178"},{"taxonomy":"post_tag","embeddable":true,"href":"https:\/\/noticiasveracruz.com\/index.php\/wp-json\/wp\/v2\/tags?post=64178"}],"curies":[{"name":"wp","href":"https:\/\/api.w.org\/{rel}","templated":true}]}}