{"id":64176,"date":"2025-09-10T21:30:17","date_gmt":"2025-09-11T03:30:17","guid":{"rendered":"https:\/\/noticiasveracruz.com\/?p=64176"},"modified":"2025-09-10T21:30:17","modified_gmt":"2025-09-11T03:30:17","slug":"propuesta-de-alternativa-benefica-para-mexico","status":"publish","type":"post","link":"https:\/\/noticiasveracruz.com\/index.php\/2025\/09\/10\/propuesta-de-alternativa-benefica-para-mexico\/","title":{"rendered":"Propuesta de alternativa ben\u00e9fica para M\u00e9xico"},"content":{"rendered":"<p>Somos millones de mexicanos los que pensamos que la Dra. Claudia Sheinbaum Pardo debe de poseer una ilimitada capacidad de trabajo para hacer que M\u00e9xico nuevamente resplandezca, que as\u00ed mismo al gobernar a los mexicanos tiene que demostrar un absoluto desinter\u00e9s personal y partidista y, adem\u00e1s, una entrega \u00edntegra al servicio de todo el pueblo, incluyendo con ello, a los que piensan de manera diferente a la ideolog\u00eda que sostienen los partidos que la postularon para el cargo que hoy detenta.<\/p>\n<p>Se expresa lo narrado ya que en los tiempos actuales de nuestra Naci\u00f3n, muchos diputados, senadores, aplaudidores y seguidores de Andr\u00e9s Manuel L\u00f3pez Obrador afirman de manera err\u00f3nea que; todo el gobernado debe de tomar partido por aquella ideolog\u00eda que apoye las ocurrencias del\u00a0 ex presidente, que no existe otra alternativa que no sea la de optar por el absolutismo de esa forma de gobernanza, ya que de lo contrario se tendr\u00eda que decidir por el intervencionismo contenido en las expresiones de mayor o menor intensidad que profiere constantemente Donald Trump, como Presidente de los Estados Unidos de Norteam\u00e9rica en contra del narco-terrorismo.<\/p>\n<p>Para esos admiradores e hinchas del tal Andr\u00e9s Manuel L\u00f3pez Obrador, no es posible que M\u00e9xico busque o encuentre tendencia diferente que apoye esa forma de mal gobierno, seg\u00fan ese mal pensar, se retornar\u00eda al mal gobierno del neoliberalismo, por eso se tiene que ponderar de forma similar a las referidas ocurrencias, si no se piensa as\u00ed, se buscar\u00eda una pol\u00edtica imposible, situando a nuestra Patria en una posici\u00f3n degradante.<\/p>\n<p>El M\u00e9xico de actualidad requiere un cambio diferente de esa inconsecuente forma de pensar. Nuestra Patria necesita que la Primera Magistrada de la Naci\u00f3n, demuestre a todas las masas de poblaci\u00f3n que en M\u00e9xico existe la justicia y que ella debe ser obsequiada ipso facto, ya que con ello, en parte, se aliviar\u00edan los inaplazables requerimientos de justicia.<\/p>\n<p>La Presidenta Constitucional de los Estados Unidos Mexicanos, debe asumir la decisi\u00f3n inquebrantable de ordenar una procuraci\u00f3n e impartici\u00f3n de justicia libre de corrupci\u00f3n, exenta de los narco-pol\u00edticos que se han entrometido en ese \u00e1mbito, as\u00ed pondr\u00e1 en marcha su obligaci\u00f3n de coadyuvar con la justicia que M\u00e9xico requiere para aliviar las tensiones existentes con motivo de aqu\u00e9l narco-terrorismo que invoca constantemente Donald Trump.<\/p>\n<p>Si ello acontece, la Academia de Derecho Penal del Colegio Nacional de Abogados Foro de M\u00e9xico, tiene la certeza de que se aliviar\u00eda la necesidad de ese n\u00facleo de poblaci\u00f3n de pensar diferente y con ello, el intervencionismo extremo no lograr\u00eda su objetivo.<\/p>\n<p>Si en verdad se quiere encontrar la soluci\u00f3n a los problemas por los que atraviesa M\u00e9xico, nada mejor que proceder en contra de jueces, magistrados, agentes del ministerio p\u00fablico, fiscales y procuradores que apoyaron al narco-pol\u00edtico que dio origen a que expresara Donald Trump, su \u201cpol\u00edtica de intervenci\u00f3n\u201d derivada del narco-terrorismo.<\/p>\n<p>Es cu\u00e1nto.<\/p>\n<p><img loading=\"lazy\" decoding=\"async\" class=\"alignnone wp-image-63984 size-full\" src=\"http:\/\/noticiasveracruz.com\/wp-content\/uploads\/2025\/09\/FIRMA-EDITORIAL-PD-2.jpg\" alt=\"\" width=\"1024\" height=\"125\" srcset=\"https:\/\/noticiasveracruz.com\/wp-content\/uploads\/2025\/09\/FIRMA-EDITORIAL-PD-2.jpg 1024w, https:\/\/noticiasveracruz.com\/wp-content\/uploads\/2025\/09\/FIRMA-EDITORIAL-PD-2-300x37.jpg 300w, https:\/\/noticiasveracruz.com\/wp-content\/uploads\/2025\/09\/FIRMA-EDITORIAL-PD-2-768x94.jpg 768w\" sizes=\"auto, (max-width: 1024px) 100vw, 1024px\" \/><\/p>\n","protected":false},"excerpt":{"rendered":"<p>Somos millones de mexicanos los que pensamos que la Dra. Claudia Sheinbaum Pardo debe de poseer una ilimitada capacidad de<\/p>\n","protected":false},"author":4,"featured_media":39651,"comment_status":"closed","ping_status":"closed","sticky":false,"template":"","format":"standard","meta":{"colormag_page_container_layout":"default_layout","colormag_page_sidebar_layout":"default_layout","_jetpack_memberships_contains_paid_content":false,"footnotes":"","jetpack_publicize_message":"","jetpack_publicize_feature_enabled":true,"jetpack_social_post_already_shared":true,"jetpack_social_options":{"image_generator_settings":{"template":"highway","default_image_id":0,"font":"","enabled":false},"version":2}},"categories":[6],"tags":[],"class_list":["post-64176","post","type-post","status-publish","format-standard","has-post-thumbnail","hentry","category-columnistas"],"jetpack_publicize_connections":[],"jetpack_featured_media_url":"https:\/\/noticiasveracruz.com\/wp-content\/uploads\/2024\/09\/NV-ALBERTO-WOOLRICH-2.jpg","jetpack_sharing_enabled":true,"publishpress_future_action":{"enabled":false,"date":"2026-05-03 01:55:47","action":"change-status","newStatus":"draft","terms":[],"taxonomy":"category","extraData":[]},"publishpress_future_workflow_manual_trigger":{"enabledWorkflows":[]},"_links":{"self":[{"href":"https:\/\/noticiasveracruz.com\/index.php\/wp-json\/wp\/v2\/posts\/64176","targetHints":{"allow":["GET"]}}],"collection":[{"href":"https:\/\/noticiasveracruz.com\/index.php\/wp-json\/wp\/v2\/posts"}],"about":[{"href":"https:\/\/noticiasveracruz.com\/index.php\/wp-json\/wp\/v2\/types\/post"}],"author":[{"embeddable":true,"href":"https:\/\/noticiasveracruz.com\/index.php\/wp-json\/wp\/v2\/users\/4"}],"replies":[{"embeddable":true,"href":"https:\/\/noticiasveracruz.com\/index.php\/wp-json\/wp\/v2\/comments?post=64176"}],"version-history":[{"count":0,"href":"https:\/\/noticiasveracruz.com\/index.php\/wp-json\/wp\/v2\/posts\/64176\/revisions"}],"wp:featuredmedia":[{"embeddable":true,"href":"https:\/\/noticiasveracruz.com\/index.php\/wp-json\/wp\/v2\/media\/39651"}],"wp:attachment":[{"href":"https:\/\/noticiasveracruz.com\/index.php\/wp-json\/wp\/v2\/media?parent=64176"}],"wp:term":[{"taxonomy":"category","embeddable":true,"href":"https:\/\/noticiasveracruz.com\/index.php\/wp-json\/wp\/v2\/categories?post=64176"},{"taxonomy":"post_tag","embeddable":true,"href":"https:\/\/noticiasveracruz.com\/index.php\/wp-json\/wp\/v2\/tags?post=64176"}],"curies":[{"name":"wp","href":"https:\/\/api.w.org\/{rel}","templated":true}]}}