{"id":6417,"date":"2022-07-22T22:39:00","date_gmt":"2022-07-23T03:39:00","guid":{"rendered":"https:\/\/noticiasveracruz.com\/?p=6417"},"modified":"2022-07-22T22:41:40","modified_gmt":"2022-07-23T03:41:40","slug":"tuxpan-incluido-en-la-agenda-energetica-de-mexico-anuncia-rocio-nahle","status":"publish","type":"post","link":"https:\/\/noticiasveracruz.com\/index.php\/2022\/07\/22\/tuxpan-incluido-en-la-agenda-energetica-de-mexico-anuncia-rocio-nahle\/","title":{"rendered":"Tuxpan incluido en la agenda energ\u00e9tica de M\u00e9xico, anuncia Roc\u00edo Nahle"},"content":{"rendered":"<p>&nbsp;<\/p>\n<p class=\"p1\"><span style=\"font-size: 18pt; color: #e42d33;\"><strong>&lt;&lt; Tuxpan recibi\u00f3 del gobernador Cuitl\u00e1huac Garc\u00eda Jim\u00e9nez el Certificado Conocer Est\u00e1ndar ECO 462 &gt;&gt;<\/strong><\/span><\/p>\n<p>&nbsp;<\/p>\n<p class=\"p1\"><span style=\"font-size: 14pt;\"><em><strong>BOCA DEL R\u00cdO, Ver.<\/strong><\/em> El presidente municipal <strong>Jos\u00e9 Manuel Pozos Castro<\/strong> acudi\u00f3 a la <strong>Firma del Convenio Macro a la entrega de Certificados CONOCER<\/strong> y a la conferencia magistral <strong>\u201cLa Pol\u00edtica Energ\u00e9tica en el \u00c1mbito de Local\u201d de la Secretaria de Energ\u00eda, Roc\u00edo Nahle Garc\u00eda.<\/strong><\/span><\/p>\n<p class=\"p1\"><span style=\"font-size: 14pt;\">En este evento estuvo presente el gobernador Ing. Cuitl\u00e1huac Garc\u00eda Jim\u00e9nez, el secretario de gobierno Eric Cisneros Burgos y alcaldes de todo el estado.<\/span><\/p>\n<p class=\"p1\"><span style=\"font-size: 18pt;\"><strong>Durante su ponencia, Roc\u00edo Nahle inform\u00f3 que Tuxpan abastecer\u00eda de gas a las nuevas plantas de amon\u00edaco y urea que se est\u00e1n analizando instalar en el Complejo Escol\u00edn de Poza Rica.<\/strong><\/span><\/p>\n<p>\u00a0<img loading=\"lazy\" decoding=\"async\" class=\"aligncenter wp-image-8130 size-large\" src=\"https:\/\/politicosaldesnudo.com.mx\/wp-content\/uploads\/2022\/07\/P-ROCIONAHLE-2-1024x573.png\" alt=\"\" width=\"800\" height=\"448\" \/><\/p>\n<p>&nbsp;<\/p>\n<p class=\"p1\"><span style=\"font-size: 18pt;\"><strong>La secretaria de Energ\u00eda record\u00f3 que el presidente Andr\u00e9s Manuel L\u00f3pez Obrador visit\u00f3 recientemente la zona norte de Veracruz. <\/strong><\/span><\/p>\n<blockquote>\n<p class=\"p1\"><span style=\"font-size: 14pt;\">Veracruz es el estado productor de energ\u00eda, con refiner\u00edas, complejos petroqu\u00edmicos, procesadores de gas, campos petroleros, est\u00e1 la \u00fanica nucleoel\u00e9ctrica, somos el estado con mayor impacto energ\u00e9tico en producci\u00f3n y generaci\u00f3n\u201d<\/span><\/p>\n<\/blockquote>\n<p class=\"p1\"><span style=\"font-size: 18pt;\"><strong>Expuso que analiz\u00f3 con los t\u00e9cnicos de Pemex los proyectos de las plantas de urea y amoniaco, aprovechando la existencia de gas en Tuxpan, que es uno de los ingredientes principales.<\/strong><\/span><\/p>\n<p>&nbsp;<\/p>\n<p><img loading=\"lazy\" decoding=\"async\" class=\"aligncenter wp-image-8132 size-large\" src=\"https:\/\/politicosaldesnudo.com.mx\/wp-content\/uploads\/2022\/07\/P-ROCIONAHLE-4-1024x573.png\" alt=\"\" width=\"800\" height=\"448\" \/><\/p>\n<p>&nbsp;<\/p>\n<p class=\"p1\"><span style=\"font-size: 14pt;\">Antes de la Conferencia Magistral, el Gobernador del Estado, Cuitl\u00e1huac Garc\u00eda Jim\u00e9nez, entreg\u00f3 al municipio de Tuxpan el Certificado Conocer Est\u00e1ndar ECO 462 \u201cEjecuci\u00f3n de las Atribuciones de la Secretar\u00eda\u201d. <\/span><\/p>\n<p class=\"p1\"><span style=\"font-size: 18pt;\"><strong>Fue el secretario t\u00e9cnico del ayuntamiento, Lic. Daniel Cortina Mart\u00ednez quien recibi\u00f3 el certificado de manos del mandatario estatal.<\/strong><\/span><\/p>\n<p>&nbsp;<\/p>\n<p><img loading=\"lazy\" decoding=\"async\" class=\"aligncenter wp-image-8131 size-large\" src=\"https:\/\/politicosaldesnudo.com.mx\/wp-content\/uploads\/2022\/07\/P-ROCIONAHLE-3-1024x573.png\" alt=\"\" width=\"800\" height=\"448\" \/><\/p>\n<p>&nbsp;<\/p>\n<p>&nbsp;<\/p>\n","protected":false},"excerpt":{"rendered":"<p>&nbsp; &lt;&lt; Tuxpan recibi\u00f3 del gobernador Cuitl\u00e1huac Garc\u00eda Jim\u00e9nez el Certificado Conocer Est\u00e1ndar ECO 462 &gt;&gt; &nbsp; BOCA DEL R\u00cdO,<\/p>\n","protected":false},"author":4,"featured_media":6418,"comment_status":"closed","ping_status":"closed","sticky":false,"template":"","format":"standard","meta":{"colormag_page_container_layout":"default_layout","colormag_page_sidebar_layout":"default_layout","_jetpack_memberships_contains_paid_content":false,"footnotes":"","jetpack_publicize_message":"","jetpack_publicize_feature_enabled":true,"jetpack_social_post_already_shared":false,"jetpack_social_options":{"image_generator_settings":{"template":"highway","default_image_id":0,"font":"","enabled":false},"version":2}},"categories":[356],"tags":[701,1140,163,72,73],"class_list":["post-6417","post","type-post","status-publish","format-standard","has-post-thumbnail","hentry","category-veracruz","tag-jose-manuel-pozos","tag-politica-energetica","tag-rocio-nahle","tag-tuxpan","tag-veracruz"],"jetpack_publicize_connections":[],"jetpack_featured_media_url":"https:\/\/noticiasveracruz.com\/wp-content\/uploads\/2022\/07\/P-ROCIONAHLE-1.png","jetpack_sharing_enabled":true,"publishpress_future_action":{"enabled":false,"date":"2026-05-05 02:12:38","action":"change-status","newStatus":"draft","terms":[],"taxonomy":"category","extraData":[]},"publishpress_future_workflow_manual_trigger":{"enabledWorkflows":[]},"_links":{"self":[{"href":"https:\/\/noticiasveracruz.com\/index.php\/wp-json\/wp\/v2\/posts\/6417","targetHints":{"allow":["GET"]}}],"collection":[{"href":"https:\/\/noticiasveracruz.com\/index.php\/wp-json\/wp\/v2\/posts"}],"about":[{"href":"https:\/\/noticiasveracruz.com\/index.php\/wp-json\/wp\/v2\/types\/post"}],"author":[{"embeddable":true,"href":"https:\/\/noticiasveracruz.com\/index.php\/wp-json\/wp\/v2\/users\/4"}],"replies":[{"embeddable":true,"href":"https:\/\/noticiasveracruz.com\/index.php\/wp-json\/wp\/v2\/comments?post=6417"}],"version-history":[{"count":0,"href":"https:\/\/noticiasveracruz.com\/index.php\/wp-json\/wp\/v2\/posts\/6417\/revisions"}],"wp:featuredmedia":[{"embeddable":true,"href":"https:\/\/noticiasveracruz.com\/index.php\/wp-json\/wp\/v2\/media\/6418"}],"wp:attachment":[{"href":"https:\/\/noticiasveracruz.com\/index.php\/wp-json\/wp\/v2\/media?parent=6417"}],"wp:term":[{"taxonomy":"category","embeddable":true,"href":"https:\/\/noticiasveracruz.com\/index.php\/wp-json\/wp\/v2\/categories?post=6417"},{"taxonomy":"post_tag","embeddable":true,"href":"https:\/\/noticiasveracruz.com\/index.php\/wp-json\/wp\/v2\/tags?post=6417"}],"curies":[{"name":"wp","href":"https:\/\/api.w.org\/{rel}","templated":true}]}}