{"id":64159,"date":"2025-09-10T01:08:46","date_gmt":"2025-09-10T07:08:46","guid":{"rendered":"https:\/\/noticiasveracruz.com\/?p=64159"},"modified":"2025-09-10T01:08:46","modified_gmt":"2025-09-10T07:08:46","slug":"a-pesar-de-todo-nahle-es-la-buena","status":"publish","type":"post","link":"https:\/\/noticiasveracruz.com\/index.php\/2025\/09\/10\/a-pesar-de-todo-nahle-es-la-buena\/","title":{"rendered":"A pesar de todo, Nahle es la buena"},"content":{"rendered":"<p><img loading=\"lazy\" decoding=\"async\" class=\"alignnone size-medium wp-image-64160\" src=\"http:\/\/noticiasveracruz.com\/wp-content\/uploads\/2025\/09\/WhatsApp-Image-2025-09-07-at-22.19.37-300x185.jpeg\" alt=\"\" width=\"300\" height=\"185\" srcset=\"https:\/\/noticiasveracruz.com\/wp-content\/uploads\/2025\/09\/WhatsApp-Image-2025-09-07-at-22.19.37-300x185.jpeg 300w, https:\/\/noticiasveracruz.com\/wp-content\/uploads\/2025\/09\/WhatsApp-Image-2025-09-07-at-22.19.37.jpeg 768w\" sizes=\"auto, (max-width: 300px) 100vw, 300px\" \/><\/p>\n<p><span style=\"font-family: arial, helvetica, sans-serif; font-size: 14pt;\"><strong>ALMA GRANDE<\/strong><\/span><\/p>\n<p><span style=\"font-family: arial, helvetica, sans-serif; font-size: 14pt;\"><strong>Por \u00c1ngel \u00c1lvaro Pe\u00f1a<\/strong><\/span><\/p>\n<p><span style=\"font-family: arial, helvetica, sans-serif; font-size: 14pt;\">\u00a0El pa\u00eds vive momentos donde el pasado tiene el mismo peso que el presente y se considera el futuro como una manera de planificar el destino de M\u00e9xico. Porque el hecho de que sea fundador de un Movimiento que arrasa en las elecciones, no lo exonera de sus responsabilidades que est\u00e1n a la vista de todos.<\/span><\/p>\n<p><span style=\"font-family: arial, helvetica, sans-serif; font-size: 14pt;\">Desde el inicio de su administraci\u00f3n las corruptelas empezaron a se\u00f1alarse en los medios y a pesar de que hab\u00eda un monto considerable y pruebas de la culpabilidad de Ignacio Ovalle, director general de Segalmex, se le traslad\u00f3 a otra oficina, en Segob, sin que fuera siquiera amonestado.<\/span><\/p>\n<p><span style=\"font-family: arial, helvetica, sans-serif; font-size: 14pt;\">El desv\u00edo super\u00f3 los 15 mil millones de pesos de Seguridad Alimentaria Mexicana, a trav\u00e9s de contratos inflados, empresas fantasma, triangulaci\u00f3n de recursos, entre otros.<\/span><\/p>\n<p><span style=\"font-family: arial, helvetica, sans-serif; font-size: 14pt;\">Se dice que el Presidente de M\u00e9xico, de cualquier otro pa\u00eds debe ser la persona mejor informada, de no ser as\u00ed nada tiene que hacer en el cargo, y en este caso, se cumple esta apreciaci\u00f3n, donde o es omiso o c\u00f3mplice o despistado.<\/span><\/p>\n<p><span style=\"font-family: arial, helvetica, sans-serif; font-size: 14pt;\">Lo mismo sucedi\u00f3 con otros a los que no s\u00f3lo protegi\u00f3 sino coloc\u00f3 a nivel de h\u00e9roes, todav\u00eda deben recordar c\u00f3mo levantaba la mano del entonces gobernador de Veracruz, Cuitl\u00e1huac Garc\u00eda Jim\u00e9nez, a pesar de haber sido de los m\u00e1s opacos, con c\u00f3mplices abiertamente corruptos, su primo, Eleazar Guerrero P\u00e9rez, es un claro ejemplo de ello, y una serie de funcionarios se\u00f1alados con faltante y desv\u00edos de fondos que no solo implicaban al gobernador sino al propio Presidente que lo intent\u00f3 hacer ver como un mandatario estatal inmaculado.<\/span><\/p>\n<p><span style=\"font-family: arial, helvetica, sans-serif; font-size: 14pt;\">Otro de los morenistas se\u00f1alado y que se mantienen impunes durante el sexenio de L\u00f3pez Obrador fue Carlos Lomel\u00ed Bola\u00f1os, delegado del Bienestar en Jalisco, donde oper\u00f3 con medicamentos y farmacias por una cantidad superior a los 164 millones de pesos<\/span><\/p>\n<p><span style=\"font-family: arial, helvetica, sans-serif; font-size: 14pt;\">Utiliz\u00f3 a familiares y operadores cercanos para manejar contratos y designaciones. Lo que se estil\u00f3 durante el sexenio pasado fue que se reubicaba a los corruptos en otros cargos para salvarlos de la c\u00e1rcel, contrayendo la responsabilidad de c\u00f3mplice el propio Presidente de la Rep\u00fablica.<\/span><\/p>\n<p><span style=\"font-family: arial, helvetica, sans-serif; font-size: 14pt;\">Est\u00e1 el caso del actual senador de Morena, ex gobernador de Tabasco y amigo cercano del ex presidente, Ad\u00e1n Augusto L\u00f3pez Hern\u00e1ndez, quien ha sido se\u00f1alado como responsable de estar vinculado al grupo delictivo denominado La Barredora, cuando era mandatario de esa entidad.<\/span><\/p>\n<p><span style=\"font-family: arial, helvetica, sans-serif; font-size: 14pt;\">Otro de los inculpados de corrupci\u00f3n en el sexenio pasado fue el actual Presidente de la Mesa Directiva de la C\u00e1mara de Diputados Ricardo Monreal, quien forzaba a la administraci\u00f3n de la C\u00e1mara a adquirir todos los ejemplares de sus textos, entre otras muchas patra\u00f1as, con las que quiso sorprender a la administraci\u00f3n p\u00fablica.<\/span><\/p>\n<p><span style=\"font-family: arial, helvetica, sans-serif; font-size: 14pt;\">Desde luego que no hay persona que no mienta pero cuando las mentiras se convierten en delitos deben ser castigados.<\/span><\/p>\n<p><span style=\"font-family: arial, helvetica, sans-serif; font-size: 14pt;\">Esta parte del pasado no ha sido resuelta por el gobierno de la 4T, y deber\u00eda rescatar de la impunidad acciones que deben ser castigadas antes de que algunos de los muchos delitos cometidos prescriban.<\/span><br \/>\n<span style=\"font-family: arial, helvetica, sans-serif; font-size: 14pt;\">Hablando del futuro y como ya est\u00e1n pensando en la sucesi\u00f3n de 2030, si tomamos en cuenta que el movimiento que fund\u00f3 L\u00f3pez Obrador, ten\u00eda como fundadoras a dos mujeres que despuntan para arribar al mandato nacional, la primera ya est\u00e1 en funciones, es la Presidenta Claudia Sheinbaum, la otra, compa\u00f1era de lucha y sacrificios por la transformaci\u00f3n es la actual gobernadora de Veracruz, candidata natural y despunta en esta carrera, quien hiciera un brillante papel como diputada federal, senadora, Secretar\u00eda de Energ\u00eda, periodo en el cual construy\u00f3 la refiner\u00eda Olmeca, de Dos Bocas, en tiempo r\u00e9cord.<\/span><\/p>\n<p><span style=\"font-family: arial, helvetica, sans-serif; font-size: 14pt;\">Aunque en Veracruz existe un silencio total ante los periodistas, que como dir\u00eda Salinas de Gortari de los periodistas, ni los ven ni los oyen, quienes se quedar\u00edan en el camino ser\u00edan Omar Harfuch, quien no ha ganado ning\u00fan cargo de elecci\u00f3n popular, la jefa de gobierno, Clara Brugada, quien dif\u00edcilmente podr\u00eda conocer en tan corto tiempo todo el pa\u00eds, a\u00fan suponiendo que iniciara hoy mismo la campa\u00f1a y Andy L\u00f3pez Beltr\u00e1n todav\u00eda ni siquiera est\u00e1 verde. Esto quiere decir que hay futuro para la gobernadora<\/span><\/p>\n<p><span style=\"font-family: arial, helvetica, sans-serif; font-size: 14pt;\"><strong>PEGA Y CORRE.-<\/strong>\u00a0\u00a0El coordinador del PAN en el Senado, Ricardo Anaya, pidi\u00f3 que se investigue al ex presidente Andr\u00e9s Manuel L\u00f3pez Obrador por huachicol fiscal, ya que, afirm\u00f3, el ex mandatario estaba enterado de diversos casos\u2026Esta columna se publica los lunes, mi\u00e9rcoles y viernes.<\/span><\/p>\n<p><img loading=\"lazy\" decoding=\"async\" class=\"alignnone wp-image-63984 size-full\" src=\"http:\/\/noticiasveracruz.com\/wp-content\/uploads\/2025\/09\/FIRMA-EDITORIAL-PD-2.jpg\" alt=\"\" width=\"1024\" height=\"125\" srcset=\"https:\/\/noticiasveracruz.com\/wp-content\/uploads\/2025\/09\/FIRMA-EDITORIAL-PD-2.jpg 1024w, https:\/\/noticiasveracruz.com\/wp-content\/uploads\/2025\/09\/FIRMA-EDITORIAL-PD-2-300x37.jpg 300w, https:\/\/noticiasveracruz.com\/wp-content\/uploads\/2025\/09\/FIRMA-EDITORIAL-PD-2-768x94.jpg 768w\" sizes=\"auto, (max-width: 1024px) 100vw, 1024px\" \/><\/p>\n","protected":false},"excerpt":{"rendered":"<p>ALMA GRANDE Por \u00c1ngel \u00c1lvaro Pe\u00f1a \u00a0El pa\u00eds vive momentos donde el pasado tiene el mismo peso que el presente<\/p>\n","protected":false},"author":4,"featured_media":64004,"comment_status":"closed","ping_status":"closed","sticky":false,"template":"","format":"standard","meta":{"colormag_page_container_layout":"default_layout","colormag_page_sidebar_layout":"default_layout","_jetpack_memberships_contains_paid_content":false,"footnotes":"","jetpack_publicize_message":"","jetpack_publicize_feature_enabled":true,"jetpack_social_post_already_shared":true,"jetpack_social_options":{"image_generator_settings":{"template":"highway","default_image_id":0,"font":"","enabled":false},"version":2}},"categories":[6],"tags":[],"class_list":["post-64159","post","type-post","status-publish","format-standard","has-post-thumbnail","hentry","category-columnistas"],"jetpack_publicize_connections":[],"jetpack_featured_media_url":"https:\/\/noticiasveracruz.com\/wp-content\/uploads\/2025\/09\/BANNER-LOPEZ-DORIGA-DIGITAL-3.jpg","jetpack_sharing_enabled":true,"publishpress_future_action":{"enabled":false,"date":"2026-05-03 05:43:31","action":"change-status","newStatus":"draft","terms":[],"taxonomy":"category","extraData":[]},"publishpress_future_workflow_manual_trigger":{"enabledWorkflows":[]},"_links":{"self":[{"href":"https:\/\/noticiasveracruz.com\/index.php\/wp-json\/wp\/v2\/posts\/64159","targetHints":{"allow":["GET"]}}],"collection":[{"href":"https:\/\/noticiasveracruz.com\/index.php\/wp-json\/wp\/v2\/posts"}],"about":[{"href":"https:\/\/noticiasveracruz.com\/index.php\/wp-json\/wp\/v2\/types\/post"}],"author":[{"embeddable":true,"href":"https:\/\/noticiasveracruz.com\/index.php\/wp-json\/wp\/v2\/users\/4"}],"replies":[{"embeddable":true,"href":"https:\/\/noticiasveracruz.com\/index.php\/wp-json\/wp\/v2\/comments?post=64159"}],"version-history":[{"count":0,"href":"https:\/\/noticiasveracruz.com\/index.php\/wp-json\/wp\/v2\/posts\/64159\/revisions"}],"wp:featuredmedia":[{"embeddable":true,"href":"https:\/\/noticiasveracruz.com\/index.php\/wp-json\/wp\/v2\/media\/64004"}],"wp:attachment":[{"href":"https:\/\/noticiasveracruz.com\/index.php\/wp-json\/wp\/v2\/media?parent=64159"}],"wp:term":[{"taxonomy":"category","embeddable":true,"href":"https:\/\/noticiasveracruz.com\/index.php\/wp-json\/wp\/v2\/categories?post=64159"},{"taxonomy":"post_tag","embeddable":true,"href":"https:\/\/noticiasveracruz.com\/index.php\/wp-json\/wp\/v2\/tags?post=64159"}],"curies":[{"name":"wp","href":"https:\/\/api.w.org\/{rel}","templated":true}]}}