{"id":64157,"date":"2025-09-10T00:46:51","date_gmt":"2025-09-10T06:46:51","guid":{"rendered":"https:\/\/noticiasveracruz.com\/?p=64157"},"modified":"2025-09-10T00:46:51","modified_gmt":"2025-09-10T06:46:51","slug":"crisis-moral-institucional-y-de-legalidad","status":"publish","type":"post","link":"https:\/\/noticiasveracruz.com\/index.php\/2025\/09\/10\/crisis-moral-institucional-y-de-legalidad\/","title":{"rendered":"Crisis moral, institucional y de legalidad"},"content":{"rendered":"<p>La Universidad Veracruzana cumple 81 a\u00f1os este jueves 11 de septiembre. Y lo hace en medio de una de las crisis m\u00e1s profundas de su historia: una crisis moral, institucional y de legalidad que amenaza su viabilidad como instituci\u00f3n p\u00fablica de educaci\u00f3n superior al quedar en entredicho los principios de autonom\u00eda, pensamiento cr\u00edtico y dignidad acad\u00e9mica que, se supone, la distinguen.<\/p>\n<p>Hoy, la comunidad UV no celebra: se defiende. Y lo hace en sus regiones, en sus facultades, en las aulas y las calles por estudiantes, investigadores y exautoridades universitarias que denuncian la usurpaci\u00f3n de la rector\u00eda por parte de Mart\u00edn Aguilar S\u00e1nchez.<\/p>\n<p>Porque no hay otra forma de llamarlo: usurpador. El rector que concluy\u00f3 su periodo el 31 de agosto permanece en funciones sin haber sido legalmente designado, sin haber rendido protesta ante el Consejo Universitario General y sin que exista una convocatoria p\u00fablica para esa sucesi\u00f3n. Lo que hay es un documento \u201cpatito\u201d entregado por algunos miembros de la Junta de Gobierno \u2013los m\u00e1s descarados y corruptos de su historia- sin qu\u00f3rum, sin estar en el orden del d\u00eda y que pretende extenderle el mandato por cuatro a\u00f1os m\u00e1s. Un acto que, seg\u00fan exintegrantes de esa misma Junta, carece de toda validez jur\u00eddica y \u00e9tica.<\/p>\n<p>La Universidad Veracruzana est\u00e1 gobernada hoy por el silencio. Un silencio que se impone desde la c\u00fapula institucional, que se reproduce en los pasillos administrativos y que se pretende imponer en las aulas. Un silencio que ni siquiera les permite firmar las cartas de \u201cadhesi\u00f3n\u201d de las diferentes facultades que, \u201cvoluntariamente\u201d a\u2026 fuerza, han salido, vergonzosamente, a deslindarse de las protestas en contra del usurpador.<\/p>\n<p>La Junta de Gobierno, \u00f3rgano responsable de garantizar la legalidad y transparencia en la designaci\u00f3n del rector -lo cual es adem\u00e1s pr\u00e1cticamente su \u00fanica funci\u00f3n sustantiva-, ha traicionado su mandato. Exmiembros de ese cuerpo colegiado les recordaron este martes que al ingresar juraron \u201ccumplir y hacer cumplir la legalidad\u201d, misma que fue pisoteada por quienes deb\u00edan custodiarla. Y lo han hecho en nombre de una supuesta \u201cestabilidad institucional\u201d que no es m\u00e1s que una vulgar coartada para mantener en el poder a un grup\u00fasculo que ya no tiene legitimidad alguna ante la comunidad universitaria.<\/p>\n<p>Desde el 1 de septiembre, la Universidad Veracruzana no tiene rector legal. Las firmas de Aguilar S\u00e1nchez y los actos administrativos que emita est\u00e1n viciados de origen. Los estudiantes que est\u00e1n por titularse lo hacen bajo una autoridad que no existe jur\u00eddicamente, mientras la pandilla que tiene secuestrada la rector\u00eda hace como que no pasa nada y pretende hacer creer que no hay vuelta atr\u00e1s. Como si no estuvi\u00e9ramos ante una violaci\u00f3n flagrante de las normas universitarias que, por si no bastase, violenta tambi\u00e9n la autonom\u00eda universitaria.<\/p>\n<p>\u00bfQu\u00e9 clase de rector se aferra al poder sin legitimidad? \u00bfQu\u00e9 clase de universidad permite que eso ocurra? Si acaso, una que haya perdido el rumbo, colonizada por intereses pol\u00edticos y redes de complicidad. Por una burocracia que ha convertido la autonom\u00eda en un fetiche vac\u00edo y que ahora se gobierna por la l\u00f3gica del poder en tiempos de la \u201c4t\u201d, del \u201cno me vengan con que la ley es la ley\u201d.<\/p>\n<p>Este jueves 11 de septiembre, en el aniversario 81 de la Universidad Veracruzana, la comunidad universitaria saldr\u00e1 a las calles. Estudiantes, acad\u00e9micos y trabajadores marchar\u00e1n, unos desde la rector\u00eda, otros desde la misma sede de la Junta de Gobierno, hacia el centro de la capital veracruzana para exigir respeto a la autonom\u00eda y el fin de la usurpaci\u00f3n.<\/p>\n<p>Sin embargo, quien tiene la verdadera opci\u00f3n de darle salida a esta crisis es el Consejo Universitario General, m\u00e1xima autoridad colegiada de la UV. Porque cuenta con la facultad de instruir a la Junta de Gobierno para que reponga el proceso y hasta de destituir a sus actuales miembros \u2013que han deshonrado a la instituci\u00f3n-, adem\u00e1s de al usurpador.<\/p>\n<p>De hecho, varios acad\u00e9micos y los propios exintegrantes de la Junta de Gobierno pidieron al Consejo que act\u00fae, que destituya a Aguilar S\u00e1nchez y convoque a un nuevo proceso de designaci\u00f3n. Hasta ahora, la respuesta ha sido tambi\u00e9n el silencio.<\/p>\n<p>Si se permite que la rector\u00eda sea usurpada sin consecuencias, se habr\u00e1 abierto la puerta a la normalizaci\u00f3n de la ilegalidad. Y entonces, la UV dejar\u00e1 de ser universidad en el sentido amplio para convertirse en una mera oficina m\u00e1s del poder en turno, como era antes de obtener su autonom\u00eda, pero esta vez al nivel de una de las \u201cuniversidades del bienestar\u201d, con lo que eso implica. La comunidad universitaria completa tiene la responsabilidad hist\u00f3rica de impedirlo, aunque muchos por conveniencia y\/o cobard\u00eda sean omisos.<\/p>\n<p>Pase lo que pase, Mart\u00edn Aguilar S\u00e1nchez pasar\u00e1 a la historia como el rector que se aferr\u00f3 al poder sin legitimidad ni dignidad, como el hombre que usurp\u00f3 la rector\u00eda y como el s\u00edmbolo de una crisis moral que amenaza con devorar a la Universidad Veracruzana.<\/p>\n<p><img loading=\"lazy\" decoding=\"async\" class=\"alignnone wp-image-63984 size-full\" src=\"http:\/\/noticiasveracruz.com\/wp-content\/uploads\/2025\/09\/FIRMA-EDITORIAL-PD-2.jpg\" alt=\"\" width=\"1024\" height=\"125\" srcset=\"https:\/\/noticiasveracruz.com\/wp-content\/uploads\/2025\/09\/FIRMA-EDITORIAL-PD-2.jpg 1024w, https:\/\/noticiasveracruz.com\/wp-content\/uploads\/2025\/09\/FIRMA-EDITORIAL-PD-2-300x37.jpg 300w, https:\/\/noticiasveracruz.com\/wp-content\/uploads\/2025\/09\/FIRMA-EDITORIAL-PD-2-768x94.jpg 768w\" sizes=\"auto, (max-width: 1024px) 100vw, 1024px\" \/><\/p>\n","protected":false},"excerpt":{"rendered":"<p>La Universidad Veracruzana cumple 81 a\u00f1os este jueves 11 de septiembre. Y lo hace en medio de una de las<\/p>\n","protected":false},"author":4,"featured_media":39719,"comment_status":"closed","ping_status":"closed","sticky":false,"template":"","format":"standard","meta":{"colormag_page_container_layout":"default_layout","colormag_page_sidebar_layout":"default_layout","_jetpack_memberships_contains_paid_content":false,"footnotes":"","jetpack_publicize_message":"","jetpack_publicize_feature_enabled":true,"jetpack_social_post_already_shared":true,"jetpack_social_options":{"image_generator_settings":{"template":"highway","default_image_id":0,"font":"","enabled":false},"version":2}},"categories":[6],"tags":[],"class_list":["post-64157","post","type-post","status-publish","format-standard","has-post-thumbnail","hentry","category-columnistas"],"jetpack_publicize_connections":[],"jetpack_featured_media_url":"https:\/\/noticiasveracruz.com\/wp-content\/uploads\/2024\/09\/NV-RUBICA-2.jpg","jetpack_sharing_enabled":true,"publishpress_future_action":{"enabled":false,"date":"2026-05-03 07:05:33","action":"change-status","newStatus":"draft","terms":[],"taxonomy":"category","extraData":[]},"publishpress_future_workflow_manual_trigger":{"enabledWorkflows":[]},"_links":{"self":[{"href":"https:\/\/noticiasveracruz.com\/index.php\/wp-json\/wp\/v2\/posts\/64157","targetHints":{"allow":["GET"]}}],"collection":[{"href":"https:\/\/noticiasveracruz.com\/index.php\/wp-json\/wp\/v2\/posts"}],"about":[{"href":"https:\/\/noticiasveracruz.com\/index.php\/wp-json\/wp\/v2\/types\/post"}],"author":[{"embeddable":true,"href":"https:\/\/noticiasveracruz.com\/index.php\/wp-json\/wp\/v2\/users\/4"}],"replies":[{"embeddable":true,"href":"https:\/\/noticiasveracruz.com\/index.php\/wp-json\/wp\/v2\/comments?post=64157"}],"version-history":[{"count":0,"href":"https:\/\/noticiasveracruz.com\/index.php\/wp-json\/wp\/v2\/posts\/64157\/revisions"}],"wp:featuredmedia":[{"embeddable":true,"href":"https:\/\/noticiasveracruz.com\/index.php\/wp-json\/wp\/v2\/media\/39719"}],"wp:attachment":[{"href":"https:\/\/noticiasveracruz.com\/index.php\/wp-json\/wp\/v2\/media?parent=64157"}],"wp:term":[{"taxonomy":"category","embeddable":true,"href":"https:\/\/noticiasveracruz.com\/index.php\/wp-json\/wp\/v2\/categories?post=64157"},{"taxonomy":"post_tag","embeddable":true,"href":"https:\/\/noticiasveracruz.com\/index.php\/wp-json\/wp\/v2\/tags?post=64157"}],"curies":[{"name":"wp","href":"https:\/\/api.w.org\/{rel}","templated":true}]}}