{"id":64155,"date":"2025-09-10T00:43:30","date_gmt":"2025-09-10T06:43:30","guid":{"rendered":"https:\/\/noticiasveracruz.com\/?p=64155"},"modified":"2025-09-10T00:43:30","modified_gmt":"2025-09-10T06:43:30","slug":"poza-rica-el-tepjf-desnuda-el-fraude-electoral-de-mc","status":"publish","type":"post","link":"https:\/\/noticiasveracruz.com\/index.php\/2025\/09\/10\/poza-rica-el-tepjf-desnuda-el-fraude-electoral-de-mc\/","title":{"rendered":"\u201cPoza Rica: el TEPJF desnuda el fraude electoral de MC\u201d"},"content":{"rendered":"<p style=\"font-weight: 400;\"><em>\u201cLa reconciliaci\u00f3n es m\u00e1s bella que la victoria\u201d. \u2013 Violeta Chamorro.<\/em><\/p>\n<p style=\"font-weight: 400;\"><strong>\u00a0<\/strong><\/p>\n<p style=\"font-weight: 400;\"><strong>El fallo de la Sala Superior del Tribunal Electoral del Poder Judicial de la Federaci\u00f3n (TEPJF) confirm\u00f3 lo que en Poza Rica ya se sab\u00eda: la elecci\u00f3n municipal celebrada el pasado 1 de junio estuvo marcada por la sombra del fraude.<\/strong><\/p>\n<p style=\"font-weight: 400;\"><strong>Por mayor\u00eda de votos, las y los magistrados ratificaron lo resuelto previamente por la Sala Regional Xalapa y el Tribunal Electoral de Veracruz, que hab\u00edan ordenado un nuevo escrutinio y c\u00f3mputo de los votos emitidos en aquella jornada.<\/strong><\/p>\n<p style=\"font-weight: 400;\"><strong>Durante la sesi\u00f3n p\u00fablica realizada por videoconferencia, el proyecto presentado por el magistrado Gilberto B\u00e1tiz Garc\u00eda fue avalado tras un an\u00e1lisis detallado. La Sala Superior declar\u00f3 improcedentes los recursos interpuestos y valid\u00f3 el recuento ordenado por las instancias locales. Con ello, el m\u00e1ximo tribunal en materia electoral deja sin margen de maniobra a los inconformes y abre la puerta a que finalmente se conozca con claridad qui\u00e9n gan\u00f3 en las urnas.<\/strong><\/p>\n<p style=\"font-weight: 400;\"><strong>El tribunal subray\u00f3 que el an\u00e1lisis realizado por la Sala Regional Xalapa \u2014respecto de la conveniencia del recuento total para garantizar certeza y legalidad\u2014 se encuentra estrictamente dentro del \u00e1mbito de la legalidad, sin implicar un debate de constitucionalidad o de inaplicaci\u00f3n normativa. Dicho de otra forma: la decisi\u00f3n se apega al procedimiento electoral y no admite lecturas pol\u00edticas ama\u00f1adas.<\/strong><\/p>\n<p style=\"font-weight: 400;\"><strong>Este rev\u00e9s representa la tercera derrota jur\u00eddica para Emilio Olvera, candidato de Movimiento Ciudadano (MC), quien se empe\u00f1\u00f3 en sostener que el pueblo lo respald\u00f3 en las urnas, cuando la sociedad pozarricense ten\u00eda muy claro que su presunta ventaja surgi\u00f3 de la colusi\u00f3n con grupos criminales. La resoluci\u00f3n del TEPJF da la raz\u00f3n a la candidata de Morena, Adanely Rodr\u00edguez, quien denunci\u00f3 desde un inicio haber sido v\u00edctima de un \u201crobo al despoblado\u201d.<\/strong><\/p>\n<p style=\"font-weight: 400;\"><strong>Lo resuelto tambi\u00e9n coincide con lo advertido en su momento por la gobernadora de Veracruz, Roc\u00edo Nahle Garc\u00eda: exist\u00edan indicios de que la estructura de MC manten\u00eda relaciones turbias con el crimen organizado, lo que explicaba las irregularidades observadas durante la contienda.<\/strong><\/p>\n<p style=\"font-weight: 400;\"><strong>La pol\u00edtica, sin embargo, no se mueve solo en tribunales. La recomposici\u00f3n que se avecina en Poza Rica traer\u00e1 consigo una reconfiguraci\u00f3n de fuerzas locales. El recuento ordenado no solo confirmar\u00e1 el triunfo leg\u00edtimo de Rodr\u00edguez, sino que tambi\u00e9n exhibir\u00e1 a quienes intentaron torcer la voluntad ciudadana con dinero sucio y complicidades.<\/strong><\/p>\n<p style=\"font-weight: 400;\"><strong>Hoy, sin la protecci\u00f3n de los viejos cacicazgos \u2014los del llamado grupo Tabasco y el clan yunista en Boca del R\u00edo\u2014, los operadores de MC enfrentan no la fr\u00eda indiferencia, sino el g\u00e9lido aire del glaciar pol\u00edtico al que ser\u00e1n confinados. El caso Poza Rica es, pues, una lecci\u00f3n: la legalidad puede tardar, pero termina por imponerse.<\/strong><\/p>\n<p style=\"font-weight: 400;\"><strong>\u00a0<\/strong><\/p>\n<p style=\"font-weight: 400;\"><strong>Al tiempo.<\/strong><\/p>\n<p><img loading=\"lazy\" decoding=\"async\" class=\"alignnone wp-image-63984 size-full\" src=\"http:\/\/noticiasveracruz.com\/wp-content\/uploads\/2025\/09\/FIRMA-EDITORIAL-PD-2.jpg\" alt=\"\" width=\"1024\" height=\"125\" srcset=\"https:\/\/noticiasveracruz.com\/wp-content\/uploads\/2025\/09\/FIRMA-EDITORIAL-PD-2.jpg 1024w, https:\/\/noticiasveracruz.com\/wp-content\/uploads\/2025\/09\/FIRMA-EDITORIAL-PD-2-300x37.jpg 300w, https:\/\/noticiasveracruz.com\/wp-content\/uploads\/2025\/09\/FIRMA-EDITORIAL-PD-2-768x94.jpg 768w\" sizes=\"auto, (max-width: 1024px) 100vw, 1024px\" \/><\/p>\n","protected":false},"excerpt":{"rendered":"<p>\u201cLa reconciliaci\u00f3n es m\u00e1s bella que la victoria\u201d. \u2013 Violeta Chamorro. \u00a0 El fallo de la Sala Superior del Tribunal<\/p>\n","protected":false},"author":4,"featured_media":30989,"comment_status":"closed","ping_status":"closed","sticky":false,"template":"","format":"standard","meta":{"colormag_page_container_layout":"default_layout","colormag_page_sidebar_layout":"default_layout","_jetpack_memberships_contains_paid_content":false,"footnotes":"","jetpack_publicize_message":"","jetpack_publicize_feature_enabled":true,"jetpack_social_post_already_shared":true,"jetpack_social_options":{"image_generator_settings":{"template":"highway","default_image_id":0,"font":"","enabled":false},"version":2}},"categories":[6],"tags":[],"class_list":["post-64155","post","type-post","status-publish","format-standard","has-post-thumbnail","hentry","category-columnistas"],"jetpack_publicize_connections":[],"jetpack_featured_media_url":"https:\/\/noticiasveracruz.com\/wp-content\/uploads\/2024\/05\/LUIS-RAMIREZ-BAQUEIRO-800x445-1.png","jetpack_sharing_enabled":true,"publishpress_future_action":{"enabled":false,"date":"2026-05-03 08:25:11","action":"change-status","newStatus":"draft","terms":[],"taxonomy":"category","extraData":[]},"publishpress_future_workflow_manual_trigger":{"enabledWorkflows":[]},"_links":{"self":[{"href":"https:\/\/noticiasveracruz.com\/index.php\/wp-json\/wp\/v2\/posts\/64155","targetHints":{"allow":["GET"]}}],"collection":[{"href":"https:\/\/noticiasveracruz.com\/index.php\/wp-json\/wp\/v2\/posts"}],"about":[{"href":"https:\/\/noticiasveracruz.com\/index.php\/wp-json\/wp\/v2\/types\/post"}],"author":[{"embeddable":true,"href":"https:\/\/noticiasveracruz.com\/index.php\/wp-json\/wp\/v2\/users\/4"}],"replies":[{"embeddable":true,"href":"https:\/\/noticiasveracruz.com\/index.php\/wp-json\/wp\/v2\/comments?post=64155"}],"version-history":[{"count":0,"href":"https:\/\/noticiasveracruz.com\/index.php\/wp-json\/wp\/v2\/posts\/64155\/revisions"}],"wp:featuredmedia":[{"embeddable":true,"href":"https:\/\/noticiasveracruz.com\/index.php\/wp-json\/wp\/v2\/media\/30989"}],"wp:attachment":[{"href":"https:\/\/noticiasveracruz.com\/index.php\/wp-json\/wp\/v2\/media?parent=64155"}],"wp:term":[{"taxonomy":"category","embeddable":true,"href":"https:\/\/noticiasveracruz.com\/index.php\/wp-json\/wp\/v2\/categories?post=64155"},{"taxonomy":"post_tag","embeddable":true,"href":"https:\/\/noticiasveracruz.com\/index.php\/wp-json\/wp\/v2\/tags?post=64155"}],"curies":[{"name":"wp","href":"https:\/\/api.w.org\/{rel}","templated":true}]}}