{"id":64153,"date":"2025-09-10T00:40:21","date_gmt":"2025-09-10T06:40:21","guid":{"rendered":"https:\/\/noticiasveracruz.com\/?p=64153"},"modified":"2025-09-10T00:40:21","modified_gmt":"2025-09-10T06:40:21","slug":"martin-el-espurio","status":"publish","type":"post","link":"https:\/\/noticiasveracruz.com\/index.php\/2025\/09\/10\/martin-el-espurio\/","title":{"rendered":"Mart\u00edn el Espurio"},"content":{"rendered":"<p style=\"font-weight: 400;\">Nosotros fuimos los primeros desde el viernes, 25 de julio de 2025, en la columna Bit\u00e1cora Pol\u00edtica titulada \u201cLa Defensa de la Universidad Veracruzana: Un Clamor por la Legalidad\u201d, en la que llamamos al entonces todav\u00eda rector -a partir del 1 de septiembre ya no lo es- con el t\u00edtulo de espurio.<\/p>\n<p style=\"font-weight: 400;\">En ese entonces escribimos: En medio de un periodo de vacaciones, la Universidad Veracruzana no halla descanso. La comunidad universitaria se encuentra en pie de lucha frente a la imposici\u00f3n de un rector espurio: Mart\u00edn Aguilar. Este conflicto no es solo una batalla por la direcci\u00f3n de una instituci\u00f3n educativa; es un reflejo de la fragilidad de nuestras instituciones y de la necesidad imperante de respetar la ley.<\/p>\n<p style=\"font-weight: 400;\">La llegada de Aguilar al rectorado es un acto que desaf\u00eda no solo la normativa interna de la universidad, sino tambi\u00e9n los principios democr\u00e1ticos que deben regir cualquier proceso electoral. La comunidad acad\u00e9mica ha levantado la voz, formando una red de universitarios que busca mantenerse informada y organizada, un claro indicativo de que el esp\u00edritu de resistencia y la defensa de la legalidad est\u00e1n m\u00e1s vivos que nunca.<\/p>\n<p style=\"font-weight: 400;\">Pero ahora, a partir del 1 de septiembre en que legalmente termin\u00f3 el per\u00edodo por el que fue nombrado rector de la Universidad Veracruzana, no debemos seguir llam\u00e1ndolo\u00a0<strong>rector<\/strong>\u00a0porque ya no lo es, en su lugar simplemente hay que referirse a \u00e9l como\u00a0<strong>el espurio Mart\u00edn Aguilar<\/strong>.<\/p>\n<p style=\"font-weight: 400;\">Pancho L\u00f3pez el fil\u00f3sofo ateniense xalape\u00f1o nos comenta que es conveniente recalcar el significado de la palabra espurio:<\/p>\n<p style=\"font-weight: 400;\">La palabra espurio tiene varios matices, pero en general se refiere a algo que carece de legitimidad o autenticidad. Aqu\u00ed te dejo sus principales acepciones:<\/p>\n<p style=\"font-weight: 400;\">Significados principales:<\/p>\n<ul>\n<li style=\"font-weight: 400;\">Bastardo: En su origen, se usaba para describir a un hijo nacido fuera del matrimonio, especialmente cuando el padre era desconocido o no pod\u00eda ser reconocido legalmente.<\/li>\n<li style=\"font-weight: 400;\">Falso o fingido: Se aplica a algo que pretende ser genuino, pero no lo es, como una firma espuria, una declaraci\u00f3n espuria o un documento adulterado.<\/li>\n<li style=\"font-weight: 400;\">Ileg\u00edtimo o fraudulento: En contextos jur\u00eddicos o pol\u00edticos, puede referirse a procesos, acciones o argumentos que no tienen validez legal o \u00e9tica.<\/li>\n<\/ul>\n<p style=\"font-weight: 400;\">\u00a0Ejemplos de uso:<\/p>\n<ul>\n<li style=\"font-weight: 400;\">\u201cEse documento es espurio, no tiene validez legal.\u201d<\/li>\n<li style=\"font-weight: 400;\">\u201cLa acusaci\u00f3n fue considerada espuria por falta de pruebas.\u201d<\/li>\n<li style=\"font-weight: 400;\">\u201cEn la antig\u00fcedad, los hijos espurios no ten\u00edan derecho a herencia.\u201d<\/li>\n<\/ul>\n<p style=\"font-weight: 400;\">En el contexto legal, espurio se utiliza para describir algo que carece de legitimidad, autenticidad o validez jur\u00eddica. Es un t\u00e9rmino que aparece en documentos, argumentos, procesos o pruebas que se consideran fraudulentos, falsificados o manipulados.<\/p>\n<p style=\"font-weight: 400;\">Usos comunes en derecho:<\/p>\n<ul>\n<li style=\"font-weight: 400;\">Documento espurio: Se refiere a un escrito que ha sido falsificado o alterado, como un testamento que no refleja la verdadera voluntad del testador.<\/li>\n<li style=\"font-weight: 400;\">Firma espuria: Una firma que no fue realizada por la persona que se supone que la hizo, o que fue a\u00f1adida sin consentimiento.<\/li>\n<li style=\"font-weight: 400;\">M\u00f3vil espurio: Motivo oculto o ileg\u00edtimo detr\u00e1s de una acci\u00f3n legal, como iniciar una demanda con fines de extorsi\u00f3n.<\/li>\n<li style=\"font-weight: 400;\">Argumento espurio: Razonamiento que parece v\u00e1lido pero que en realidad es enga\u00f1oso o manipulado para obtener una ventaja injusta.<\/li>\n<\/ul>\n<p style=\"font-weight: 400;\">Un abogado podr\u00eda alegar que un contrato es espurio si fue firmado bajo coacci\u00f3n o si contiene cl\u00e1usulas que fueron a\u00f1adidas sin el consentimiento de ambas partes.<\/p>\n<p style=\"font-weight: 400;\">En derecho, identificar lo espurio es clave para proteger la justicia y la legalidad. Si un juez detecta que una prueba es espuria, puede anularla y sancionar a quien la present\u00f3, ya que se considera una forma de fraude procesal.<\/p>\n<p><img loading=\"lazy\" decoding=\"async\" class=\"alignnone wp-image-63984 size-full\" src=\"http:\/\/noticiasveracruz.com\/wp-content\/uploads\/2025\/09\/FIRMA-EDITORIAL-PD-2.jpg\" alt=\"\" width=\"1024\" height=\"125\" srcset=\"https:\/\/noticiasveracruz.com\/wp-content\/uploads\/2025\/09\/FIRMA-EDITORIAL-PD-2.jpg 1024w, https:\/\/noticiasveracruz.com\/wp-content\/uploads\/2025\/09\/FIRMA-EDITORIAL-PD-2-300x37.jpg 300w, https:\/\/noticiasveracruz.com\/wp-content\/uploads\/2025\/09\/FIRMA-EDITORIAL-PD-2-768x94.jpg 768w\" sizes=\"auto, (max-width: 1024px) 100vw, 1024px\" \/><\/p>\n","protected":false},"excerpt":{"rendered":"<p>Nosotros fuimos los primeros desde el viernes, 25 de julio de 2025, en la columna Bit\u00e1cora Pol\u00edtica titulada \u201cLa Defensa<\/p>\n","protected":false},"author":4,"featured_media":29037,"comment_status":"closed","ping_status":"closed","sticky":false,"template":"","format":"standard","meta":{"colormag_page_container_layout":"default_layout","colormag_page_sidebar_layout":"default_layout","_jetpack_memberships_contains_paid_content":false,"footnotes":"","jetpack_publicize_message":"","jetpack_publicize_feature_enabled":true,"jetpack_social_post_already_shared":true,"jetpack_social_options":{"image_generator_settings":{"template":"highway","default_image_id":0,"font":"","enabled":false},"version":2}},"categories":[6],"tags":[],"class_list":["post-64153","post","type-post","status-publish","format-standard","has-post-thumbnail","hentry","category-columnistas"],"jetpack_publicize_connections":[],"jetpack_featured_media_url":"https:\/\/noticiasveracruz.com\/wp-content\/uploads\/2024\/04\/BANNER-cristiani-NV.jpg","jetpack_sharing_enabled":true,"publishpress_future_action":{"enabled":false,"date":"2026-05-03 09:46:18","action":"change-status","newStatus":"draft","terms":[],"taxonomy":"category","extraData":[]},"publishpress_future_workflow_manual_trigger":{"enabledWorkflows":[]},"_links":{"self":[{"href":"https:\/\/noticiasveracruz.com\/index.php\/wp-json\/wp\/v2\/posts\/64153","targetHints":{"allow":["GET"]}}],"collection":[{"href":"https:\/\/noticiasveracruz.com\/index.php\/wp-json\/wp\/v2\/posts"}],"about":[{"href":"https:\/\/noticiasveracruz.com\/index.php\/wp-json\/wp\/v2\/types\/post"}],"author":[{"embeddable":true,"href":"https:\/\/noticiasveracruz.com\/index.php\/wp-json\/wp\/v2\/users\/4"}],"replies":[{"embeddable":true,"href":"https:\/\/noticiasveracruz.com\/index.php\/wp-json\/wp\/v2\/comments?post=64153"}],"version-history":[{"count":0,"href":"https:\/\/noticiasveracruz.com\/index.php\/wp-json\/wp\/v2\/posts\/64153\/revisions"}],"wp:featuredmedia":[{"embeddable":true,"href":"https:\/\/noticiasveracruz.com\/index.php\/wp-json\/wp\/v2\/media\/29037"}],"wp:attachment":[{"href":"https:\/\/noticiasveracruz.com\/index.php\/wp-json\/wp\/v2\/media?parent=64153"}],"wp:term":[{"taxonomy":"category","embeddable":true,"href":"https:\/\/noticiasveracruz.com\/index.php\/wp-json\/wp\/v2\/categories?post=64153"},{"taxonomy":"post_tag","embeddable":true,"href":"https:\/\/noticiasveracruz.com\/index.php\/wp-json\/wp\/v2\/tags?post=64153"}],"curies":[{"name":"wp","href":"https:\/\/api.w.org\/{rel}","templated":true}]}}