{"id":64138,"date":"2025-09-10T00:28:22","date_gmt":"2025-09-10T06:28:22","guid":{"rendered":"https:\/\/noticiasveracruz.com\/?p=64138"},"modified":"2025-09-10T00:28:22","modified_gmt":"2025-09-10T06:28:22","slug":"magistrados-en-brasil-deliberan-sobre-posible-condena-a-bolsonaro-por-intento-de-golpe-de-estado","status":"publish","type":"post","link":"https:\/\/noticiasveracruz.com\/index.php\/2025\/09\/10\/magistrados-en-brasil-deliberan-sobre-posible-condena-a-bolsonaro-por-intento-de-golpe-de-estado\/","title":{"rendered":"Magistrados en Brasil deliberan sobre posible condena a Bolsonaro por intento de golpe de Estado"},"content":{"rendered":"<p class=\"nota-justify\">Los magistrados del Tribunal Supremo de Brasil comenzaron este martes a deliberar sobre la posible condena al ex presidente Jair Bolsonaro por intento de golpe de Estado en el marco del juicio en su contra por pertenencia a una organizaci\u00f3n criminal y supuesta participaci\u00f3n en un plan para subvertir los resultados de las elecciones presidenciales de 2022, que dieron la victoria a Luiz In\u00e1cio Lula da Silva.<\/p>\n<p class=\"nota-justify\">El primero en emitir su voto a favor de condenar a Bolsonaro en Brasil fue el juez del Supremo Tribunal Federal (STF) Alexandre de Moraes, quien calific\u00f3 al ex presidente de \u00abl\u00edder de una organizaci\u00f3n criminal\u00bb.<\/p>\n<p class=\"nota-justify\">Los cinco magistrados tienen hasta este viernes para emitir un veredicto sobre el futuro de Bolsonaro, que tiene 70 a\u00f1os y, de ser hallado culpable, podr\u00eda pasar el resto de su vida en prisi\u00f3n.<\/p>\n","protected":false},"excerpt":{"rendered":"<p>Los magistrados del Tribunal Supremo de Brasil comenzaron este martes a deliberar sobre la posible condena al ex presidente Jair<\/p>\n","protected":false},"author":4,"featured_media":64139,"comment_status":"closed","ping_status":"closed","sticky":false,"template":"","format":"standard","meta":{"colormag_page_container_layout":"default_layout","colormag_page_sidebar_layout":"default_layout","_jetpack_memberships_contains_paid_content":false,"footnotes":"","jetpack_publicize_message":"","jetpack_publicize_feature_enabled":true,"jetpack_social_post_already_shared":true,"jetpack_social_options":{"image_generator_settings":{"template":"highway","default_image_id":0,"font":"","enabled":false},"version":2}},"categories":[355],"tags":[],"class_list":["post-64138","post","type-post","status-publish","format-standard","has-post-thumbnail","hentry","category-internacional"],"jetpack_publicize_connections":[],"jetpack_featured_media_url":"https:\/\/noticiasveracruz.com\/wp-content\/uploads\/2025\/09\/BILBO.jpg","jetpack_sharing_enabled":true,"publishpress_future_action":{"enabled":false,"date":"2026-05-03 11:04:05","action":"change-status","newStatus":"draft","terms":[],"taxonomy":"category","extraData":[]},"publishpress_future_workflow_manual_trigger":{"enabledWorkflows":[]},"_links":{"self":[{"href":"https:\/\/noticiasveracruz.com\/index.php\/wp-json\/wp\/v2\/posts\/64138","targetHints":{"allow":["GET"]}}],"collection":[{"href":"https:\/\/noticiasveracruz.com\/index.php\/wp-json\/wp\/v2\/posts"}],"about":[{"href":"https:\/\/noticiasveracruz.com\/index.php\/wp-json\/wp\/v2\/types\/post"}],"author":[{"embeddable":true,"href":"https:\/\/noticiasveracruz.com\/index.php\/wp-json\/wp\/v2\/users\/4"}],"replies":[{"embeddable":true,"href":"https:\/\/noticiasveracruz.com\/index.php\/wp-json\/wp\/v2\/comments?post=64138"}],"version-history":[{"count":0,"href":"https:\/\/noticiasveracruz.com\/index.php\/wp-json\/wp\/v2\/posts\/64138\/revisions"}],"wp:featuredmedia":[{"embeddable":true,"href":"https:\/\/noticiasveracruz.com\/index.php\/wp-json\/wp\/v2\/media\/64139"}],"wp:attachment":[{"href":"https:\/\/noticiasveracruz.com\/index.php\/wp-json\/wp\/v2\/media?parent=64138"}],"wp:term":[{"taxonomy":"category","embeddable":true,"href":"https:\/\/noticiasveracruz.com\/index.php\/wp-json\/wp\/v2\/categories?post=64138"},{"taxonomy":"post_tag","embeddable":true,"href":"https:\/\/noticiasveracruz.com\/index.php\/wp-json\/wp\/v2\/tags?post=64138"}],"curies":[{"name":"wp","href":"https:\/\/api.w.org\/{rel}","templated":true}]}}