{"id":64135,"date":"2025-09-10T00:26:56","date_gmt":"2025-09-10T06:26:56","guid":{"rendered":"https:\/\/noticiasveracruz.com\/?p=64135"},"modified":"2025-09-10T00:26:56","modified_gmt":"2025-09-10T06:26:56","slug":"ataque-israeli-en-qatar-un-incidente-desafortunado-casa-blanca","status":"publish","type":"post","link":"https:\/\/noticiasveracruz.com\/index.php\/2025\/09\/10\/ataque-israeli-en-qatar-un-incidente-desafortunado-casa-blanca\/","title":{"rendered":"Ataque israel\u00ed en Qatar, un \u00abincidente desafortunado\u00bb: Casa Blanca"},"content":{"rendered":"<p class=\"nota-justify\">La Casa Blanca describi\u00f3 el ataque israel\u00ed en Qatar como un \u00abincidente desafortunado\u00bb que no ayuda a la paz en la regi\u00f3n.<\/p>\n<p class=\"nota-justify\">Karoline Leavitt, la secretaria de prensa de la Casa Blanca, asegur\u00f3 a los periodistas que Estados Unidos recibi\u00f3 un aviso previo sobre el ataque de Israel, en respuesta, el enviado especial para Medio Oriente , Steve Witkoff, transmiti\u00f3 una advertencia a los qatar\u00edes.<\/p>\n<p>El presidente Donald Trump habl\u00f3 con el primer ministro israel\u00ed, Benjamin Netanyahu, despu\u00e9s del ataque, confirm\u00f3 Leavitt, e \u00abhizo sus pensamientos e inquietudes muy claras.\u00bb El mandatario sostuvo que el ataque fue un \u00abincidente desafortunado\u00bb que no promovi\u00f3 la paz en la regi\u00f3n.<\/p>\n<p>&nbsp;<\/p>\n","protected":false},"excerpt":{"rendered":"<p>La Casa Blanca describi\u00f3 el ataque israel\u00ed en Qatar como un \u00abincidente desafortunado\u00bb que no ayuda a la paz en<\/p>\n","protected":false},"author":4,"featured_media":64136,"comment_status":"closed","ping_status":"closed","sticky":false,"template":"","format":"standard","meta":{"colormag_page_container_layout":"default_layout","colormag_page_sidebar_layout":"default_layout","_jetpack_memberships_contains_paid_content":false,"footnotes":"","jetpack_publicize_message":"","jetpack_publicize_feature_enabled":true,"jetpack_social_post_already_shared":true,"jetpack_social_options":{"image_generator_settings":{"template":"highway","default_image_id":0,"font":"","enabled":false},"version":2}},"categories":[355],"tags":[],"class_list":["post-64135","post","type-post","status-publish","format-standard","has-post-thumbnail","hentry","category-internacional"],"jetpack_publicize_connections":[],"jetpack_featured_media_url":"https:\/\/noticiasveracruz.com\/wp-content\/uploads\/2025\/09\/WE.jpg","jetpack_sharing_enabled":true,"publishpress_future_action":{"enabled":false,"date":"2026-05-03 12:21:24","action":"change-status","newStatus":"draft","terms":[],"taxonomy":"category","extraData":[]},"publishpress_future_workflow_manual_trigger":{"enabledWorkflows":[]},"_links":{"self":[{"href":"https:\/\/noticiasveracruz.com\/index.php\/wp-json\/wp\/v2\/posts\/64135","targetHints":{"allow":["GET"]}}],"collection":[{"href":"https:\/\/noticiasveracruz.com\/index.php\/wp-json\/wp\/v2\/posts"}],"about":[{"href":"https:\/\/noticiasveracruz.com\/index.php\/wp-json\/wp\/v2\/types\/post"}],"author":[{"embeddable":true,"href":"https:\/\/noticiasveracruz.com\/index.php\/wp-json\/wp\/v2\/users\/4"}],"replies":[{"embeddable":true,"href":"https:\/\/noticiasveracruz.com\/index.php\/wp-json\/wp\/v2\/comments?post=64135"}],"version-history":[{"count":0,"href":"https:\/\/noticiasveracruz.com\/index.php\/wp-json\/wp\/v2\/posts\/64135\/revisions"}],"wp:featuredmedia":[{"embeddable":true,"href":"https:\/\/noticiasveracruz.com\/index.php\/wp-json\/wp\/v2\/media\/64136"}],"wp:attachment":[{"href":"https:\/\/noticiasveracruz.com\/index.php\/wp-json\/wp\/v2\/media?parent=64135"}],"wp:term":[{"taxonomy":"category","embeddable":true,"href":"https:\/\/noticiasveracruz.com\/index.php\/wp-json\/wp\/v2\/categories?post=64135"},{"taxonomy":"post_tag","embeddable":true,"href":"https:\/\/noticiasveracruz.com\/index.php\/wp-json\/wp\/v2\/tags?post=64135"}],"curies":[{"name":"wp","href":"https:\/\/api.w.org\/{rel}","templated":true}]}}