{"id":64132,"date":"2025-09-10T00:24:48","date_gmt":"2025-09-10T06:24:48","guid":{"rendered":"https:\/\/noticiasveracruz.com\/?p=64132"},"modified":"2025-09-10T00:24:48","modified_gmt":"2025-09-10T06:24:48","slug":"iran-y-el-oiea-firman-acuerdo-para-reanudar-cooperacion-bilateral","status":"publish","type":"post","link":"https:\/\/noticiasveracruz.com\/index.php\/2025\/09\/10\/iran-y-el-oiea-firman-acuerdo-para-reanudar-cooperacion-bilateral\/","title":{"rendered":"Ir\u00e1n y el OIEA firman acuerdo para reanudar cooperaci\u00f3n bilateral"},"content":{"rendered":"<p class=\"nota-justify\">El canciller iran\u00ed, Abbas Araghchi, y el director general del Organismo Internacional de Energ\u00eda At\u00f3mica (OIEA), Rafael Grossi, firmaron este martes un acuerdo para reanudar la cooperaci\u00f3n bilateral que fue suspendida en junio tras los ataques israel\u00edes y estadunidenses contra territorio iran\u00ed.<\/p>\n<p class=\"nota-justify\">\u00abIr\u00e1n y el Organismo Internacional de Energ\u00eda At\u00f3mica llegaron a un entendimiento sobre c\u00f3mo actuar en las nuevas circunstancias\u00bb, declar\u00f3 a la televisi\u00f3n estatal el portavoz del Ministerio de Relaciones Exteriores, Esmail Baqai, tras una reuni\u00f3n en El Cairo entre Araghchi y Grossi.<\/p>\n","protected":false},"excerpt":{"rendered":"<p>El canciller iran\u00ed, Abbas Araghchi, y el director general del Organismo Internacional de Energ\u00eda At\u00f3mica (OIEA), Rafael Grossi, firmaron este<\/p>\n","protected":false},"author":4,"featured_media":64133,"comment_status":"closed","ping_status":"closed","sticky":false,"template":"","format":"standard","meta":{"colormag_page_container_layout":"default_layout","colormag_page_sidebar_layout":"default_layout","_jetpack_memberships_contains_paid_content":false,"footnotes":"","jetpack_publicize_message":"","jetpack_publicize_feature_enabled":true,"jetpack_social_post_already_shared":true,"jetpack_social_options":{"image_generator_settings":{"template":"highway","default_image_id":0,"font":"","enabled":false},"version":2}},"categories":[355],"tags":[],"class_list":["post-64132","post","type-post","status-publish","format-standard","has-post-thumbnail","hentry","category-internacional"],"jetpack_publicize_connections":[],"jetpack_featured_media_url":"https:\/\/noticiasveracruz.com\/wp-content\/uploads\/2025\/09\/FIR.jpg","jetpack_sharing_enabled":true,"publishpress_future_action":{"enabled":false,"date":"2026-05-03 13:31:06","action":"change-status","newStatus":"draft","terms":[],"taxonomy":"category","extraData":[]},"publishpress_future_workflow_manual_trigger":{"enabledWorkflows":[]},"_links":{"self":[{"href":"https:\/\/noticiasveracruz.com\/index.php\/wp-json\/wp\/v2\/posts\/64132","targetHints":{"allow":["GET"]}}],"collection":[{"href":"https:\/\/noticiasveracruz.com\/index.php\/wp-json\/wp\/v2\/posts"}],"about":[{"href":"https:\/\/noticiasveracruz.com\/index.php\/wp-json\/wp\/v2\/types\/post"}],"author":[{"embeddable":true,"href":"https:\/\/noticiasveracruz.com\/index.php\/wp-json\/wp\/v2\/users\/4"}],"replies":[{"embeddable":true,"href":"https:\/\/noticiasveracruz.com\/index.php\/wp-json\/wp\/v2\/comments?post=64132"}],"version-history":[{"count":0,"href":"https:\/\/noticiasveracruz.com\/index.php\/wp-json\/wp\/v2\/posts\/64132\/revisions"}],"wp:featuredmedia":[{"embeddable":true,"href":"https:\/\/noticiasveracruz.com\/index.php\/wp-json\/wp\/v2\/media\/64133"}],"wp:attachment":[{"href":"https:\/\/noticiasveracruz.com\/index.php\/wp-json\/wp\/v2\/media?parent=64132"}],"wp:term":[{"taxonomy":"category","embeddable":true,"href":"https:\/\/noticiasveracruz.com\/index.php\/wp-json\/wp\/v2\/categories?post=64132"},{"taxonomy":"post_tag","embeddable":true,"href":"https:\/\/noticiasveracruz.com\/index.php\/wp-json\/wp\/v2\/tags?post=64132"}],"curies":[{"name":"wp","href":"https:\/\/api.w.org\/{rel}","templated":true}]}}