{"id":64129,"date":"2025-09-10T00:23:32","date_gmt":"2025-09-10T06:23:32","guid":{"rendered":"https:\/\/noticiasveracruz.com\/?p=64129"},"modified":"2025-09-10T00:23:32","modified_gmt":"2025-09-10T06:23:32","slug":"caracas-desmiente-vuelo-de-helicoptero-estadunidense-frente-a-sus-costas","status":"publish","type":"post","link":"https:\/\/noticiasveracruz.com\/index.php\/2025\/09\/10\/caracas-desmiente-vuelo-de-helicoptero-estadunidense-frente-a-sus-costas\/","title":{"rendered":"Caracas desmiente vuelo de helic\u00f3ptero estadunidense frente a sus costas"},"content":{"rendered":"<p>El ministro de Defensa de Venezuela, general Vladimir Padrino L\u00f3pez, desminti\u00f3 en un comunicado oficial que un helic\u00f3ptero estadunidense haya volado cerca de la isla venezolana de La Orchila, como circul\u00f3 en medios de comunicaci\u00f3n y redes sociales.<\/p>\n<p>En el documento, el l\u00edder militar califica tal informaci\u00f3n como \u201cfake news\u201d y afirma que \u201cforma parte de las operaciones sicol\u00f3gicas contempladas en el tradicional libreto de guerra de los Estados Unidos, destinado a crear escenarios ficticios como condici\u00f3n previa para intervenciones armadas\u201d.<\/p>\n<p>Adem\u00e1s, asegura que esta \u201cperversa campa\u00f1a\u201d comporta la posibilidad de que las mismas fuerzas militares de Estados Unidos inflijan da\u00f1os a una aeronave de esas caracter\u00edsticas para provocar y fabricar un incidente del tipo falso positivo.<\/p>\n<p>El lunes se propag\u00f3 en redes y medios de internet la informaci\u00f3n de que supuestamente un helic\u00f3ptero militar de la Marina de los Estados Unidos, modelo MH-60R Seahawk, habr\u00eda sobrevolado ese d\u00eda el espacio a\u00e9reo cercano a las costas de Venezuela.<\/p>\n<p>\u201cLo anterior servir\u00eda de pretexto para justificar una escalada de agresiones militares en contra de nuestra naci\u00f3n, tal como lo ha hecho el imperialismo estadunidense en otros episodios hist\u00f3ricos como el del Golfo de Tonkin en 1964, en el cual se aleg\u00f3 que sus buques hab\u00edan sido atacados por unidades flotantes de Vietnam del Norte para justificar un aumento de su participaci\u00f3n en la guerra de ese pa\u00eds\u201d, dice la publicaci\u00f3n.<\/p>\n<p>Padrino L\u00f3pez se\u00f1al\u00f3 en su comunicado que se trata de \u201cacciones belicistas y de guerra cognitiva\u201d orquestadas por el secretario de Estado Marco Rubio y Mauricio Claver-Carone, enviado especial del Departamento de Estado de los Estados Unidos para la regi\u00f3n de Am\u00e9rica Latina, quienes \u201cpersiguen generar desestabilizaci\u00f3n y zozobra en la poblaci\u00f3n\u201d.<\/p>\n","protected":false},"excerpt":{"rendered":"<p>El ministro de Defensa de Venezuela, general Vladimir Padrino L\u00f3pez, desminti\u00f3 en un comunicado oficial que un helic\u00f3ptero estadunidense haya<\/p>\n","protected":false},"author":4,"featured_media":64130,"comment_status":"closed","ping_status":"closed","sticky":false,"template":"","format":"standard","meta":{"colormag_page_container_layout":"default_layout","colormag_page_sidebar_layout":"default_layout","_jetpack_memberships_contains_paid_content":false,"footnotes":"","jetpack_publicize_message":"","jetpack_publicize_feature_enabled":true,"jetpack_social_post_already_shared":true,"jetpack_social_options":{"image_generator_settings":{"template":"highway","default_image_id":0,"font":"","enabled":false},"version":2}},"categories":[355],"tags":[],"class_list":["post-64129","post","type-post","status-publish","format-standard","has-post-thumbnail","hentry","category-internacional"],"jetpack_publicize_connections":[],"jetpack_featured_media_url":"https:\/\/noticiasveracruz.com\/wp-content\/uploads\/2025\/09\/PUO.jpg","jetpack_sharing_enabled":true,"publishpress_future_action":{"enabled":false,"date":"2026-05-03 14:54:05","action":"change-status","newStatus":"draft","terms":[],"taxonomy":"category","extraData":[]},"publishpress_future_workflow_manual_trigger":{"enabledWorkflows":[]},"_links":{"self":[{"href":"https:\/\/noticiasveracruz.com\/index.php\/wp-json\/wp\/v2\/posts\/64129","targetHints":{"allow":["GET"]}}],"collection":[{"href":"https:\/\/noticiasveracruz.com\/index.php\/wp-json\/wp\/v2\/posts"}],"about":[{"href":"https:\/\/noticiasveracruz.com\/index.php\/wp-json\/wp\/v2\/types\/post"}],"author":[{"embeddable":true,"href":"https:\/\/noticiasveracruz.com\/index.php\/wp-json\/wp\/v2\/users\/4"}],"replies":[{"embeddable":true,"href":"https:\/\/noticiasveracruz.com\/index.php\/wp-json\/wp\/v2\/comments?post=64129"}],"version-history":[{"count":0,"href":"https:\/\/noticiasveracruz.com\/index.php\/wp-json\/wp\/v2\/posts\/64129\/revisions"}],"wp:featuredmedia":[{"embeddable":true,"href":"https:\/\/noticiasveracruz.com\/index.php\/wp-json\/wp\/v2\/media\/64130"}],"wp:attachment":[{"href":"https:\/\/noticiasveracruz.com\/index.php\/wp-json\/wp\/v2\/media?parent=64129"}],"wp:term":[{"taxonomy":"category","embeddable":true,"href":"https:\/\/noticiasveracruz.com\/index.php\/wp-json\/wp\/v2\/categories?post=64129"},{"taxonomy":"post_tag","embeddable":true,"href":"https:\/\/noticiasveracruz.com\/index.php\/wp-json\/wp\/v2\/tags?post=64129"}],"curies":[{"name":"wp","href":"https:\/\/api.w.org\/{rel}","templated":true}]}}