{"id":64126,"date":"2025-09-10T00:22:00","date_gmt":"2025-09-10T06:22:00","guid":{"rendered":"https:\/\/noticiasveracruz.com\/?p=64126"},"modified":"2025-09-10T00:22:00","modified_gmt":"2025-09-10T06:22:00","slug":"ratifica-tepjf-el-recuento-de-votos-en-poza-rica-a-peticion-de-morena","status":"publish","type":"post","link":"https:\/\/noticiasveracruz.com\/index.php\/2025\/09\/10\/ratifica-tepjf-el-recuento-de-votos-en-poza-rica-a-peticion-de-morena\/","title":{"rendered":"Ratifica TEPJF el recuento de votos en Poza Rica, a petici\u00f3n de Morena"},"content":{"rendered":"<p>La Sala Superior del Tribunal Electoral del Poder Judicial de la Federaci\u00f3n (TEPJF) ratific\u00f3 este martes, por mayor\u00eda de votos, la procedencia del recuento de votos de la pasada elecci\u00f3n en el municipio de Poza Rica, Veracruz, que de acuerdo con el primer conteo gan\u00f3 el candidato de Movimiento Ciudadano, Emilio Olvera, con una diferencia de 500 votos.<\/p>\n<p>El nuevo escrutinio y c\u00f3mputo de votos, que est\u00e1 previsto para realizarse este mi\u00e9rcoles, fue solicitado por la candidata de Morena en esa demarcaci\u00f3n, Adanely Rodr\u00edguez, petici\u00f3n que fue aprobada por el Tribunal Electoral de Veracruz y ratificada por la Sala Regional Xalapa.<\/p>\n<p>Los magistrados descartaron la impugnaci\u00f3n de Movimiento Ciudadano con la que pretend\u00eda echar abajo el recuento, para \u201cdar certeza en las elecciones a fin de despejar cualquier indicio serio o grave de faltas\u201d, expres\u00f3 el magistrado Gilberto de Guzm\u00e1n B\u00e1tiz, quien con su proyecto se \u201cestren\u00f3\u201d en la Sala Superior tras rendir protesta a su cargo la semana pasada. Se trata de uno de los dos nuevos integrantes de la Sala Superior que se integraron tras el pasado proceso electoral judicial.<\/p>\n<p>En el conteo tras los comicios del pasado 1 de junio, el candidato emecista obtuvo 15 mil 384 votos, mientras que la abanderada de la alianza entre Morena y el Partido Verde Ecologista de M\u00e9xico (PVEM) alcanz\u00f3 14 mil 714 sufragios a su favor, lo que representa una diferencia del 0.87 por ciento de la votaci\u00f3n total. La morenista se\u00f1al\u00f3 presuntas irregularidades y malos manejos en la paqueter\u00eda electoral durante el escrutinio.<\/p>\n","protected":false},"excerpt":{"rendered":"<p>La Sala Superior del Tribunal Electoral del Poder Judicial de la Federaci\u00f3n (TEPJF) ratific\u00f3 este martes, por mayor\u00eda de votos,<\/p>\n","protected":false},"author":4,"featured_media":64127,"comment_status":"closed","ping_status":"closed","sticky":false,"template":"","format":"standard","meta":{"colormag_page_container_layout":"default_layout","colormag_page_sidebar_layout":"default_layout","_jetpack_memberships_contains_paid_content":false,"footnotes":"","jetpack_publicize_message":"","jetpack_publicize_feature_enabled":true,"jetpack_social_post_already_shared":true,"jetpack_social_options":{"image_generator_settings":{"template":"highway","default_image_id":0,"font":"","enabled":false},"version":2}},"categories":[145],"tags":[],"class_list":["post-64126","post","type-post","status-publish","format-standard","has-post-thumbnail","hentry","category-estados"],"jetpack_publicize_connections":[],"jetpack_featured_media_url":"https:\/\/noticiasveracruz.com\/wp-content\/uploads\/2025\/09\/FRAU.jpg","jetpack_sharing_enabled":true,"publishpress_future_action":{"enabled":false,"date":"2026-05-03 16:21:47","action":"change-status","newStatus":"draft","terms":[],"taxonomy":"category","extraData":[]},"publishpress_future_workflow_manual_trigger":{"enabledWorkflows":[]},"_links":{"self":[{"href":"https:\/\/noticiasveracruz.com\/index.php\/wp-json\/wp\/v2\/posts\/64126","targetHints":{"allow":["GET"]}}],"collection":[{"href":"https:\/\/noticiasveracruz.com\/index.php\/wp-json\/wp\/v2\/posts"}],"about":[{"href":"https:\/\/noticiasveracruz.com\/index.php\/wp-json\/wp\/v2\/types\/post"}],"author":[{"embeddable":true,"href":"https:\/\/noticiasveracruz.com\/index.php\/wp-json\/wp\/v2\/users\/4"}],"replies":[{"embeddable":true,"href":"https:\/\/noticiasveracruz.com\/index.php\/wp-json\/wp\/v2\/comments?post=64126"}],"version-history":[{"count":0,"href":"https:\/\/noticiasveracruz.com\/index.php\/wp-json\/wp\/v2\/posts\/64126\/revisions"}],"wp:featuredmedia":[{"embeddable":true,"href":"https:\/\/noticiasveracruz.com\/index.php\/wp-json\/wp\/v2\/media\/64127"}],"wp:attachment":[{"href":"https:\/\/noticiasveracruz.com\/index.php\/wp-json\/wp\/v2\/media?parent=64126"}],"wp:term":[{"taxonomy":"category","embeddable":true,"href":"https:\/\/noticiasveracruz.com\/index.php\/wp-json\/wp\/v2\/categories?post=64126"},{"taxonomy":"post_tag","embeddable":true,"href":"https:\/\/noticiasveracruz.com\/index.php\/wp-json\/wp\/v2\/tags?post=64126"}],"curies":[{"name":"wp","href":"https:\/\/api.w.org\/{rel}","templated":true}]}}