{"id":64102,"date":"2025-09-10T00:07:29","date_gmt":"2025-09-10T06:07:29","guid":{"rendered":"https:\/\/noticiasveracruz.com\/?p=64102"},"modified":"2025-09-10T00:07:29","modified_gmt":"2025-09-10T06:07:29","slug":"la-migracion-puede-ayudar-al-crecimiento-de-mexico-oim","status":"publish","type":"post","link":"https:\/\/noticiasveracruz.com\/index.php\/2025\/09\/10\/la-migracion-puede-ayudar-al-crecimiento-de-mexico-oim\/","title":{"rendered":"La migraci\u00f3n puede ayudar al crecimiento de M\u00e9xico: OIM"},"content":{"rendered":"<p class=\"nota-justify\">La migraci\u00f3n puede apoyar el crecimiento de M\u00e9xico, afirm\u00f3 este martes Amy Pope, directora general de la Organizaci\u00f3n Internacional para las Migraciones (OIM), tras sostener una reuni\u00f3n con el canciller Juan Ram\u00f3n de la Fuente en la sede de la Secretar\u00eda de Relaciones Exteriores (SRE). La funcionaria de Naciones Unidas subray\u00f3 que con la participaci\u00f3n del sector privado es posible crear soluciones que cubran vacantes laborales, empoderen a las personas migrantes y avancen en los objetivos del Plan M\u00e9xico.<\/p>\n<p class=\"nota-justify\">Pope, quien tambi\u00e9n destac\u00f3 en mensajes en la plataforma X la importancia de convertir los desaf\u00edos migratorios en oportunidades, se\u00f1al\u00f3 que su visita busca impulsar soluciones concretas para migrantes y personas desplazadas, enfocadas en salvar vidas, garantizar seguridad, promover el trabajo digno y facilitar la reintegraci\u00f3n en las comunidades.<\/p>\n<p class=\"nota-justify\">De acuerdo con la Secretar\u00eda de Relaciones Exteriores (SRE), en la reuni\u00f3n se dialog\u00f3 sobre la gran aportaci\u00f3n que las personas migrantes hacen a las comunidades receptoras y sobre la necesidad de atender las causas estructurales de la migraci\u00f3n. Tambi\u00e9n se abordaron los avances en la protecci\u00f3n y asistencia de los connacionales mexicanos en Estados Unidos.<\/p>\n<p class=\"nota-justify\">El canciller De la Fuente estuvo acompa\u00f1ado por el jefe de Unidad para Am\u00e9rica del Norte, Roberto Velasco, y por la directora general de Movilidad Humana y Desarrollo, F\u00e1tima R\u00edos Gonz\u00e1lez.<\/p>\n<p class=\"nota-justify\">En el encuentro particip\u00f3 igualmente Hamdi Ulukaya, fundador de la organizaci\u00f3n Tent, dedicada a promover la integraci\u00f3n laboral de migrantes y refugiados mediante alianzas con empresas.<\/p>\n","protected":false},"excerpt":{"rendered":"<p>La migraci\u00f3n puede apoyar el crecimiento de M\u00e9xico, afirm\u00f3 este martes Amy Pope, directora general de la Organizaci\u00f3n Internacional para<\/p>\n","protected":false},"author":4,"featured_media":64103,"comment_status":"closed","ping_status":"closed","sticky":false,"template":"","format":"standard","meta":{"colormag_page_container_layout":"default_layout","colormag_page_sidebar_layout":"default_layout","_jetpack_memberships_contains_paid_content":false,"footnotes":"","jetpack_publicize_message":"","jetpack_publicize_feature_enabled":true,"jetpack_social_post_already_shared":true,"jetpack_social_options":{"image_generator_settings":{"template":"highway","default_image_id":0,"font":"","enabled":false},"version":2}},"categories":[4],"tags":[],"class_list":["post-64102","post","type-post","status-publish","format-standard","has-post-thumbnail","hentry","category-nacional"],"jetpack_publicize_connections":[],"jetpack_featured_media_url":"https:\/\/noticiasveracruz.com\/wp-content\/uploads\/2025\/09\/POP.jpg","jetpack_sharing_enabled":true,"publishpress_future_action":{"enabled":false,"date":"2026-05-04 05:06:45","action":"change-status","newStatus":"draft","terms":[],"taxonomy":"category","extraData":[]},"publishpress_future_workflow_manual_trigger":{"enabledWorkflows":[]},"_links":{"self":[{"href":"https:\/\/noticiasveracruz.com\/index.php\/wp-json\/wp\/v2\/posts\/64102","targetHints":{"allow":["GET"]}}],"collection":[{"href":"https:\/\/noticiasveracruz.com\/index.php\/wp-json\/wp\/v2\/posts"}],"about":[{"href":"https:\/\/noticiasveracruz.com\/index.php\/wp-json\/wp\/v2\/types\/post"}],"author":[{"embeddable":true,"href":"https:\/\/noticiasveracruz.com\/index.php\/wp-json\/wp\/v2\/users\/4"}],"replies":[{"embeddable":true,"href":"https:\/\/noticiasveracruz.com\/index.php\/wp-json\/wp\/v2\/comments?post=64102"}],"version-history":[{"count":0,"href":"https:\/\/noticiasveracruz.com\/index.php\/wp-json\/wp\/v2\/posts\/64102\/revisions"}],"wp:featuredmedia":[{"embeddable":true,"href":"https:\/\/noticiasveracruz.com\/index.php\/wp-json\/wp\/v2\/media\/64103"}],"wp:attachment":[{"href":"https:\/\/noticiasveracruz.com\/index.php\/wp-json\/wp\/v2\/media?parent=64102"}],"wp:term":[{"taxonomy":"category","embeddable":true,"href":"https:\/\/noticiasveracruz.com\/index.php\/wp-json\/wp\/v2\/categories?post=64102"},{"taxonomy":"post_tag","embeddable":true,"href":"https:\/\/noticiasveracruz.com\/index.php\/wp-json\/wp\/v2\/tags?post=64102"}],"curies":[{"name":"wp","href":"https:\/\/api.w.org\/{rel}","templated":true}]}}