{"id":64099,"date":"2025-09-10T00:05:29","date_gmt":"2025-09-10T06:05:29","guid":{"rendered":"https:\/\/noticiasveracruz.com\/?p=64099"},"modified":"2025-09-10T00:05:29","modified_gmt":"2025-09-10T06:05:29","slug":"diputados-avalan-reforma-clave-para-combatir-la-extorsion-en-todo-el-pais","status":"publish","type":"post","link":"https:\/\/noticiasveracruz.com\/index.php\/2025\/09\/10\/diputados-avalan-reforma-clave-para-combatir-la-extorsion-en-todo-el-pais\/","title":{"rendered":"Diputados avalan reforma clave para combatir la extorsi\u00f3n en todo el pa\u00eds"},"content":{"rendered":"<p class=\"nota-justify\">La C\u00e1mara de Diputados aprob\u00f3 una reforma al art\u00edculo 73 de la Constituci\u00f3n, para facultar al Congreso a elaborar una Ley General contra la Extorsi\u00f3n, mediante la cual se homologuen las penas de c\u00e1rcel por este delito en todos los estados, y se persigan los casos de oficio, sin necesidad de denuncia por parte de la v\u00edctima.<\/p>\n<p class=\"nota-justify\">Luego de casi cuatro horas de debate, en el cual todos los grupos parlamentarios manifestaron su apoyo a la iniciativa enviada al Congreso por la presidenta, Claudia Sheinbaum en julio pasado, el dictamen fue aprobado de manera un\u00e1nime por 474 votos en favor, por lo que se enviar\u00e1 al Senado para continuar con su tr\u00e1mite legislativo.<\/p>\n<p class=\"nota-justify\">Al fundamentar la enmienda al art\u00edculo 73, inciso A, fracci\u00f3n 21, el morenista, Leonel Godoy, resalt\u00f3 que la extorsi\u00f3n es el delito que m\u00e1s ha crecido en el pa\u00eds, ya que en 2018 hab\u00eda un promedio diario de 19 casos, mientras que en enero de este a\u00f1o ese \u00edndice aument\u00f3 a 29, lo que implica un alza de 58 por ciento en s\u00f3lo seis a\u00f1os.<\/p>\n<p class=\"nota-justify\">Luego de se\u00f1alar que este crimen tiene dos modalidades b\u00e1sicas, que son el llamado\u00a0<i>cobro de piso<\/i>\u00a0de manera presencial y las llamadas telef\u00f3nicas con enga\u00f1os y amenazas \u2013muchas de ellas hechas realizadas desde centros penitenciarios\u2013, el legislador destac\u00f3 que la extorsi\u00f3n afecta tanto a la econom\u00eda de las personas como a su salud mental y tranquilidad, por lo que \u201cno es un delito menor\u201d.<\/p>\n<p class=\"nota-justify\">Para combatir este il\u00edcito, que tambi\u00e9n afecta a negocios y gobiernos municipales peque\u00f1os, en particular, la iniciativa presidencial busca incentivar la coordinaci\u00f3n entre los diferentes niveles de gobierno; perseguir el delito de oficio, sin necesidad de denuncia de la v\u00edctima, y homologar las penas de c\u00e1rcel a nivel nacional, las cuales hoy son muy dispares en cada entidad federativa.<\/p>\n<p class=\"nota-justify\">Durante los posicionamientos de las diferentes bancadas, la petista, Marycarmen Bernal, alert\u00f3 que la extorsi\u00f3n se ha convertido en un \u201cimpuesto criminal que paraliza la econom\u00eda y debilita el tejido social\u201d, pues tan s\u00f3lo entre enero y junio de este a\u00f1o, se documentaron 6 mil 880 v\u00edctimas, la cifra m\u00e1s alta en seis a\u00f1os.<\/p>\n","protected":false},"excerpt":{"rendered":"<p>La C\u00e1mara de Diputados aprob\u00f3 una reforma al art\u00edculo 73 de la Constituci\u00f3n, para facultar al Congreso a elaborar una<\/p>\n","protected":false},"author":4,"featured_media":64100,"comment_status":"closed","ping_status":"closed","sticky":false,"template":"","format":"standard","meta":{"colormag_page_container_layout":"default_layout","colormag_page_sidebar_layout":"default_layout","_jetpack_memberships_contains_paid_content":false,"footnotes":"","jetpack_publicize_message":"","jetpack_publicize_feature_enabled":true,"jetpack_social_post_already_shared":true,"jetpack_social_options":{"image_generator_settings":{"template":"highway","default_image_id":0,"font":"","enabled":false},"version":2}},"categories":[4],"tags":[],"class_list":["post-64099","post","type-post","status-publish","format-standard","has-post-thumbnail","hentry","category-nacional"],"jetpack_publicize_connections":[],"jetpack_featured_media_url":"https:\/\/noticiasveracruz.com\/wp-content\/uploads\/2025\/09\/DICTM.jpg","jetpack_sharing_enabled":true,"publishpress_future_action":{"enabled":false,"date":"2026-05-04 06:33:54","action":"change-status","newStatus":"draft","terms":[],"taxonomy":"category","extraData":[]},"publishpress_future_workflow_manual_trigger":{"enabledWorkflows":[]},"_links":{"self":[{"href":"https:\/\/noticiasveracruz.com\/index.php\/wp-json\/wp\/v2\/posts\/64099","targetHints":{"allow":["GET"]}}],"collection":[{"href":"https:\/\/noticiasveracruz.com\/index.php\/wp-json\/wp\/v2\/posts"}],"about":[{"href":"https:\/\/noticiasveracruz.com\/index.php\/wp-json\/wp\/v2\/types\/post"}],"author":[{"embeddable":true,"href":"https:\/\/noticiasveracruz.com\/index.php\/wp-json\/wp\/v2\/users\/4"}],"replies":[{"embeddable":true,"href":"https:\/\/noticiasveracruz.com\/index.php\/wp-json\/wp\/v2\/comments?post=64099"}],"version-history":[{"count":0,"href":"https:\/\/noticiasveracruz.com\/index.php\/wp-json\/wp\/v2\/posts\/64099\/revisions"}],"wp:featuredmedia":[{"embeddable":true,"href":"https:\/\/noticiasveracruz.com\/index.php\/wp-json\/wp\/v2\/media\/64100"}],"wp:attachment":[{"href":"https:\/\/noticiasveracruz.com\/index.php\/wp-json\/wp\/v2\/media?parent=64099"}],"wp:term":[{"taxonomy":"category","embeddable":true,"href":"https:\/\/noticiasveracruz.com\/index.php\/wp-json\/wp\/v2\/categories?post=64099"},{"taxonomy":"post_tag","embeddable":true,"href":"https:\/\/noticiasveracruz.com\/index.php\/wp-json\/wp\/v2\/tags?post=64099"}],"curies":[{"name":"wp","href":"https:\/\/api.w.org\/{rel}","templated":true}]}}