{"id":64096,"date":"2025-09-10T00:03:25","date_gmt":"2025-09-10T06:03:25","guid":{"rendered":"https:\/\/noticiasveracruz.com\/?p=64096"},"modified":"2025-09-10T00:03:25","modified_gmt":"2025-09-10T06:03:25","slug":"nombra-senado-por-unanimidad-a-los-13-integrantes-del-consejo-nacional-de-busqueda","status":"publish","type":"post","link":"https:\/\/noticiasveracruz.com\/index.php\/2025\/09\/10\/nombra-senado-por-unanimidad-a-los-13-integrantes-del-consejo-nacional-de-busqueda\/","title":{"rendered":"Nombra Senado por unanimidad a los 13 integrantes del Consejo Nacional de B\u00fasqueda"},"content":{"rendered":"<p>Por unanimidad, el pleno del Senado de la Rep\u00fablica nombr\u00f3 hoy\u00a0\u00a0a los 13 representantes del Consejo Nacional Ciudadano del Sistema\u00a0\u00a0Nacional de B\u00fasqueda,\u00a0\u00a0de entre 40 aspirantes que participaron en el proceso de selecci\u00f3n y cuyos perfiles fueron sometidos a una consulta p\u00fablica.<\/p>\n<p>De los nombrados,\u00a0cinco de ellos son\u00a0\u00a0familiares de desaparecidos. Se trata de\u00a0\u00a0Adela Alvarado Vald\u00e9s,\u00a0Araceli Magdalena Rodr\u00edguez Nava,\u00a0\u00a0Francisco Javier Espinosa Granados, y\u00a0Jos\u00e9 Andr\u00e9s M\u00e9ndez \u00d1eco, quienes\u00a0\u00a0han dedicado los \u00faltimos\u00a0\u00a020 a\u00f1os\u00a0\u00a0a buscar a sus hijos y\u00a0\u00a0\u00a0Diana Guti\u00e9rrez Cerqueda, a su mam\u00e1. Han\u00a0conformado colectivos con otras personas afectadas tambi\u00e9n por la desaparici\u00f3n forzada de alg\u00fan\u00a0ser querido.<\/p>\n<p>Ese Consejo Nacional Ciudadano lo integran tambi\u00e9n\u00a0cuatro especialistas en la defensa de los derechos humanos. Alejandra Maritza\u00a0\u00a0Cartagena es hija de guerrilleros, su padre fue asesinado, al igual que siete miembros m\u00e1s de la\u00a0\u00a0familia, de \u00e9ste durante la\u00a0\u201cguerra sucia\u201d, de los setentas y su mam\u00e1\u00a0\u00a0y su abuelo paterno desaparecidos en 1978.<\/p>\n<p>Cartagena se gradu\u00f3 como abogada, es activista y se especializa en casos de mujeres desaparecidas o v\u00edctimas de feminicidio. Junto con ella fueron nombrados\u00a0\u00a0Guadalupe Judith Rodr\u00edguez Rodr\u00edguez,\u00a0\u00a0Pedro Miguel \u00c1ngel Garita Arce y\u00a0\u00a0Ricardo Nava Rueda, expertos en derechos humanos.<\/p>\n<p>Otros cuatro de los nombramientos fue para representantes de organizaciones de la sociedad civil, con\u00a0\u00a0trayectoria en el\u00a0\u00a0tema de desaparici\u00f3n forzada. Son\u00a0\u00a0Emmanuel Adri\u00e1n Jim\u00e9nez Garc\u00eda; Alejandro Dar\u00edo Tamez Murgu\u00eda; Francisco Lugo Silva; y Gerardo Jessel Islas Villag\u00f3mez.<\/p>\n<p>En el acuerdo presentado por el presidente de la Junta de Coordinaci\u00f3n Pol\u00edtica (Jucopo), Ad\u00e1n Augusto L\u00f3pez Hern\u00e1ndez, que fue aprobado\u00a0\u00a0por 102 votos a favor y cero en contra,\u00a0\u00a0se destaca que la elecci\u00f3n de los integrantes de ese Consejo Nacional Ciudadano fue con el aval de todas las fuerzas pol\u00edticas, dada la trascendencia de la funci\u00f3n desempe\u00f1ada por ese \u00f3rgano.<\/p>\n","protected":false},"excerpt":{"rendered":"<p>Por unanimidad, el pleno del Senado de la Rep\u00fablica nombr\u00f3 hoy\u00a0\u00a0a los 13 representantes del Consejo Nacional Ciudadano del Sistema\u00a0\u00a0Nacional<\/p>\n","protected":false},"author":4,"featured_media":64097,"comment_status":"closed","ping_status":"closed","sticky":false,"template":"","format":"standard","meta":{"colormag_page_container_layout":"default_layout","colormag_page_sidebar_layout":"default_layout","_jetpack_memberships_contains_paid_content":false,"footnotes":"","jetpack_publicize_message":"","jetpack_publicize_feature_enabled":true,"jetpack_social_post_already_shared":true,"jetpack_social_options":{"image_generator_settings":{"template":"highway","default_image_id":0,"font":"","enabled":false},"version":2}},"categories":[4],"tags":[],"class_list":["post-64096","post","type-post","status-publish","format-standard","has-post-thumbnail","hentry","category-nacional"],"jetpack_publicize_connections":[],"jetpack_featured_media_url":"https:\/\/noticiasveracruz.com\/wp-content\/uploads\/2025\/09\/SENGO.jpg","jetpack_sharing_enabled":true,"publishpress_future_action":{"enabled":false,"date":"2026-05-04 10:30:43","action":"change-status","newStatus":"draft","terms":[],"taxonomy":"category","extraData":[]},"publishpress_future_workflow_manual_trigger":{"enabledWorkflows":[]},"_links":{"self":[{"href":"https:\/\/noticiasveracruz.com\/index.php\/wp-json\/wp\/v2\/posts\/64096","targetHints":{"allow":["GET"]}}],"collection":[{"href":"https:\/\/noticiasveracruz.com\/index.php\/wp-json\/wp\/v2\/posts"}],"about":[{"href":"https:\/\/noticiasveracruz.com\/index.php\/wp-json\/wp\/v2\/types\/post"}],"author":[{"embeddable":true,"href":"https:\/\/noticiasveracruz.com\/index.php\/wp-json\/wp\/v2\/users\/4"}],"replies":[{"embeddable":true,"href":"https:\/\/noticiasveracruz.com\/index.php\/wp-json\/wp\/v2\/comments?post=64096"}],"version-history":[{"count":0,"href":"https:\/\/noticiasveracruz.com\/index.php\/wp-json\/wp\/v2\/posts\/64096\/revisions"}],"wp:featuredmedia":[{"embeddable":true,"href":"https:\/\/noticiasveracruz.com\/index.php\/wp-json\/wp\/v2\/media\/64097"}],"wp:attachment":[{"href":"https:\/\/noticiasveracruz.com\/index.php\/wp-json\/wp\/v2\/media?parent=64096"}],"wp:term":[{"taxonomy":"category","embeddable":true,"href":"https:\/\/noticiasveracruz.com\/index.php\/wp-json\/wp\/v2\/categories?post=64096"},{"taxonomy":"post_tag","embeddable":true,"href":"https:\/\/noticiasveracruz.com\/index.php\/wp-json\/wp\/v2\/tags?post=64096"}],"curies":[{"name":"wp","href":"https:\/\/api.w.org\/{rel}","templated":true}]}}